{"id":10235,"date":"2024-03-01T18:38:24","date_gmt":"2024-03-01T21:38:24","guid":{"rendered":"https:\/\/ptbr.idor.org\/idor-abre-inscricoes-para-o-curso-em-odontologia-oncologica\/"},"modified":"2024-03-01T18:38:24","modified_gmt":"2024-03-01T21:38:24","slug":"idor-abre-inscricoes-para-o-curso-em-odontologia-oncologica","status":"publish","type":"post","link":"https:\/\/www.rededorsaoluiz.com.br\/instituto\/idor\/idor-abre-inscricoes-para-o-curso-em-odontologia-oncologica\/","title":{"rendered":"IDOR abre inscri\u00e7\u00f5es para o curso em Odontologia Oncol\u00f3gica"},"content":{"rendered":"<p>O curso de Aperfei\u00e7oamento em Odontologia Oncol\u00f3gica do IDOR est\u00e1 com inscri\u00e7\u00f5es abertas.<br \/>\nAbordar\u00e1 os principais aspectos relacionados \u00e0 Odontologia Oncol\u00f3gica, o curso capacitar\u00e1 os alunos a compreender os desafios enfrentados por pacientes com c\u00e2ncer e a fornecer um cuidado odontol\u00f3gico completo.<br \/>\nO curso oferece a oportunidade de ampliar conhecimentos te\u00f3ricos e pr\u00e1ticos em \u00e1reas como diagn\u00f3stico e tratamento odontol\u00f3gico durante o c\u00e2ncer, incluindo o manejo de efeitos adversos de medicamentos.<br \/>\nAl\u00e9m disso, o curso trabalha no desenvolvimento de habilidades especializadas e de atua\u00e7\u00e3o em equipes multidisciplinares, colaborando para o bem-estar integral dos pacientes oncol\u00f3gicos.<br \/>\nO cuso tem dura\u00e7\u00e3o de tr\u00eas meses, com dois encontros presenciais no Hospital DF Star &#8211; Distrito Federal. Al\u00e9m do que, em sua coordena\u00e7\u00e3o temos a Dra. Juliana Couto Beckman: Mestranda em Estomatologia, Habilitada em Odontologia Hospitalar, Habilitada em Laserterapia, Habilitada em Concentrados Sangu\u00edneos Aut\u00f3logos, (PRF), Especialista em Pr\u00f3tese Dent\u00e1ria, Capacita\u00e7\u00e3o em Odontologia Oncol\u00f3gica e Presidente do Departamento de Odontologia da AMIB-DF.<br \/>\nAmplie seus conhecimentos na odontologia e venha para o IDOR!<br \/>\nInscri\u00e7\u00f5es abertas at\u00e9 12\/03\/2024, <a href=\"https:\/\/www.rededorsaoluiz.com.br\/instituto\/idor\/cursos\/odontologia-oncologica\/\">clique aqui<\/a> e inscreva-se.<\/p>\n","protected":false},"excerpt":{"rendered":"<p>O curso de Aperfei\u00e7oamento em Odontologia Oncol\u00f3gica do IDOR est\u00e1 com inscri\u00e7\u00f5es abertas. Abordar\u00e1 os principais aspectos relacionados \u00e0 Odontologia Oncol\u00f3gica, o curso capacitar\u00e1 os alunos a compreender os desafios enfrentados por pacientes com c\u00e2ncer e a fornecer um cuidado odontol\u00f3gico completo. O curso oferece a oportunidade de ampliar conhecimentos te\u00f3ricos e pr\u00e1ticos em \u00e1reas [&hellip;]<\/p>\n","protected":false},"author":0,"featured_media":10236,"comment_status":"open","ping_status":"open","sticky":false,"template":"","format":"standard","meta":{"_acf_changed":false,"footnotes":""},"categories":[5,191],"tags":[],"class_list":["post-10235","post","type-post","status-publish","format-standard","has-post-thumbnail","hentry","category-ensino","category-novidades"],"acf":[],"yoast_head":"<!-- This site is optimized with the Yoast SEO plugin v27.3 - https:\/\/yoast.com\/product\/yoast-seo-wordpress\/ -->\n<title>IDOR abre inscri\u00e7\u00f5es para o curso em Odontologia Oncol\u00f3gica - IDOR - Instituto D&#039;Or de Pesquisa e Ensino<\/title>\n<link rel=\"canonical\" href=\"https:\/\/www.rededorsaoluiz.com.br\/instituto\/idor\/idor-abre-inscricoes-para-o-curso-em-odontologia-oncologica\/\" \/>\n<meta property=\"og:locale\" content=\"pt_BR\" \/>\n<meta property=\"og:type\" content=\"article\" \/>\n<meta property=\"og:title\" content=\"IDOR abre inscri\u00e7\u00f5es para o curso em Odontologia Oncol\u00f3gica - IDOR - Instituto D&#039;Or de Pesquisa e Ensino\" \/>\n<meta property=\"og:description\" content=\"O curso de Aperfei\u00e7oamento em Odontologia Oncol\u00f3gica do IDOR est\u00e1 com inscri\u00e7\u00f5es abertas. Abordar\u00e1 os principais aspectos relacionados \u00e0 Odontologia Oncol\u00f3gica, o curso capacitar\u00e1 os alunos a compreender os desafios enfrentados por pacientes com c\u00e2ncer e a fornecer um cuidado odontol\u00f3gico completo. O curso oferece a oportunidade de ampliar conhecimentos te\u00f3ricos e pr\u00e1ticos em \u00e1reas [&hellip;]\" \/>\n<meta property=\"og:url\" content=\"https:\/\/www.rededorsaoluiz.com.br\/instituto\/idor\/idor-abre-inscricoes-para-o-curso-em-odontologia-oncologica\/\" \/>\n<meta property=\"og:site_name\" content=\"IDOR - Instituto D&#039;Or de Pesquisa e Ensino\" \/>\n<meta property=\"article:published_time\" content=\"2024-03-01T21:38:24+00:00\" \/>\n<meta property=\"og:image\" content=\"https:\/\/www.rededorsaoluiz.com.br\/instituto\/idor\/wp-content\/uploads\/2024\/03\/shutterstock_1094224880-scaled.jpg\" \/>\n\t<meta property=\"og:image:width\" content=\"2560\" \/>\n\t<meta property=\"og:image:height\" content=\"1707\" \/>\n\t<meta property=\"og:image:type\" content=\"image\/jpeg\" \/>\n<meta name=\"twitter:card\" content=\"summary_large_image\" \/>\n<meta name=\"twitter:label1\" content=\"Est. tempo de leitura\" \/>\n\t<meta name=\"twitter:data1\" content=\"1 minuto\" \/>\n<script type=\"application\/ld+json\" class=\"yoast-schema-graph\">{\"@context\":\"https:\\\/\\\/schema.org\",\"@graph\":[{\"@type\":\"Article\",\"@id\":\"https:\\\/\\\/www.rededorsaoluiz.com.br\\\/instituto\\\/idor\\\/idor-abre-inscricoes-para-o-curso-em-odontologia-oncologica\\\/#article\",\"isPartOf\":{\"@id\":\"https:\\\/\\\/www.rededorsaoluiz.com.br\\\/instituto\\\/idor\\\/idor-abre-inscricoes-para-o-curso-em-odontologia-oncologica\\\/\"},\"author\":{\"name\":\"\",\"@id\":\"\"},\"headline\":\"IDOR abre inscri\u00e7\u00f5es para o curso em Odontologia Oncol\u00f3gica\",\"datePublished\":\"2024-03-01T21:38:24+00:00\",\"mainEntityOfPage\":{\"@id\":\"https:\\\/\\\/www.rededorsaoluiz.com.br\\\/instituto\\\/idor\\\/idor-abre-inscricoes-para-o-curso-em-odontologia-oncologica\\\/\"},\"wordCount\":209,\"commentCount\":0,\"image\":{\"@id\":\"https:\\\/\\\/www.rededorsaoluiz.com.br\\\/instituto\\\/idor\\\/idor-abre-inscricoes-para-o-curso-em-odontologia-oncologica\\\/#primaryimage\"},\"thumbnailUrl\":\"https:\\\/\\\/www.rededorsaoluiz.com.br\\\/instituto\\\/idor\\\/wp-content\\\/uploads\\\/2024\\\/03\\\/shutterstock_1094224880-scaled.jpg\",\"articleSection\":[\"Ensino\",\"Novidades\"],\"inLanguage\":\"pt-BR\",\"potentialAction\":[{\"@type\":\"CommentAction\",\"name\":\"Comment\",\"target\":[\"https:\\\/\\\/www.rededorsaoluiz.com.br\\\/instituto\\\/idor\\\/idor-abre-inscricoes-para-o-curso-em-odontologia-oncologica\\\/#respond\"]}]},{\"@type\":\"WebPage\",\"@id\":\"https:\\\/\\\/www.rededorsaoluiz.com.br\\\/instituto\\\/idor\\\/idor-abre-inscricoes-para-o-curso-em-odontologia-oncologica\\\/\",\"url\":\"https:\\\/\\\/www.rededorsaoluiz.com.br\\\/instituto\\\/idor\\\/idor-abre-inscricoes-para-o-curso-em-odontologia-oncologica\\\/\",\"name\":\"IDOR abre inscri\u00e7\u00f5es para o curso em Odontologia Oncol\u00f3gica - IDOR - Instituto D&#039;Or de Pesquisa e Ensino\",\"isPartOf\":{\"@id\":\"https:\\\/\\\/www.rededorsaoluiz.com.br\\\/instituto\\\/idor\\\/#website\"},\"primaryImageOfPage\":{\"@id\":\"https:\\\/\\\/www.rededorsaoluiz.com.br\\\/instituto\\\/idor\\\/idor-abre-inscricoes-para-o-curso-em-odontologia-oncologica\\\/#primaryimage\"},\"image\":{\"@id\":\"https:\\\/\\\/www.rededorsaoluiz.com.br\\\/instituto\\\/idor\\\/idor-abre-inscricoes-para-o-curso-em-odontologia-oncologica\\\/#primaryimage\"},\"thumbnailUrl\":\"https:\\\/\\\/www.rededorsaoluiz.com.br\\\/instituto\\\/idor\\\/wp-content\\\/uploads\\\/2024\\\/03\\\/shutterstock_1094224880-scaled.jpg\",\"datePublished\":\"2024-03-01T21:38:24+00:00\",\"author\":{\"@id\":\"\"},\"breadcrumb\":{\"@id\":\"https:\\\/\\\/www.rededorsaoluiz.com.br\\\/instituto\\\/idor\\\/idor-abre-inscricoes-para-o-curso-em-odontologia-oncologica\\\/#breadcrumb\"},\"inLanguage\":\"pt-BR\",\"potentialAction\":[{\"@type\":\"ReadAction\",\"target\":[\"https:\\\/\\\/www.rededorsaoluiz.com.br\\\/instituto\\\/idor\\\/idor-abre-inscricoes-para-o-curso-em-odontologia-oncologica\\\/\"]}]},{\"@type\":\"ImageObject\",\"inLanguage\":\"pt-BR\",\"@id\":\"https:\\\/\\\/www.rededorsaoluiz.com.br\\\/instituto\\\/idor\\\/idor-abre-inscricoes-para-o-curso-em-odontologia-oncologica\\\/#primaryimage\",\"url\":\"https:\\\/\\\/www.rededorsaoluiz.com.br\\\/instituto\\\/idor\\\/wp-content\\\/uploads\\\/2024\\\/03\\\/shutterstock_1094224880-scaled.jpg\",\"contentUrl\":\"https:\\\/\\\/www.rededorsaoluiz.com.br\\\/instituto\\\/idor\\\/wp-content\\\/uploads\\\/2024\\\/03\\\/shutterstock_1094224880-scaled.jpg\",\"width\":2560,\"height\":1707},{\"@type\":\"BreadcrumbList\",\"@id\":\"https:\\\/\\\/www.rededorsaoluiz.com.br\\\/instituto\\\/idor\\\/idor-abre-inscricoes-para-o-curso-em-odontologia-oncologica\\\/#breadcrumb\",\"itemListElement\":[{\"@type\":\"ListItem\",\"position\":1,\"name\":\"In\u00edcio\",\"item\":\"https:\\\/\\\/www.rededorsaoluiz.com.br\\\/instituto\\\/idor\\\/\"},{\"@type\":\"ListItem\",\"position\":2,\"name\":\"IDOR abre inscri\u00e7\u00f5es para o curso em Odontologia Oncol\u00f3gica\"}]},{\"@type\":\"WebSite\",\"@id\":\"https:\\\/\\\/www.rededorsaoluiz.com.br\\\/instituto\\\/idor\\\/#website\",\"url\":\"https:\\\/\\\/www.rededorsaoluiz.com.br\\\/instituto\\\/idor\\\/\",\"name\":\"IDOR - Instituto D&#039;Or de Pesquisa e Ensino\",\"description\":\"\",\"potentialAction\":[{\"@type\":\"SearchAction\",\"target\":{\"@type\":\"EntryPoint\",\"urlTemplate\":\"https:\\\/\\\/www.rededorsaoluiz.com.br\\\/instituto\\\/idor\\\/?s={search_term_string}\"},\"query-input\":{\"@type\":\"PropertyValueSpecification\",\"valueRequired\":true,\"valueName\":\"search_term_string\"}}],\"inLanguage\":\"pt-BR\"}]}<\/script>\n<!-- \/ Yoast SEO plugin. -->","yoast_head_json":{"title":"IDOR abre inscri\u00e7\u00f5es para o curso em Odontologia Oncol\u00f3gica - IDOR - Instituto D&#039;Or de Pesquisa e Ensino","canonical":"https:\/\/www.rededorsaoluiz.com.br\/instituto\/idor\/idor-abre-inscricoes-para-o-curso-em-odontologia-oncologica\/","og_locale":"pt_BR","og_type":"article","og_title":"IDOR abre inscri\u00e7\u00f5es para o curso em Odontologia Oncol\u00f3gica - IDOR - Instituto D&#039;Or de Pesquisa e Ensino","og_description":"O curso de Aperfei\u00e7oamento em Odontologia Oncol\u00f3gica do IDOR est\u00e1 com inscri\u00e7\u00f5es abertas. Abordar\u00e1 os principais aspectos relacionados \u00e0 Odontologia Oncol\u00f3gica, o curso capacitar\u00e1 os alunos a compreender os desafios enfrentados por pacientes com c\u00e2ncer e a fornecer um cuidado odontol\u00f3gico completo. O curso oferece a oportunidade de ampliar conhecimentos te\u00f3ricos e pr\u00e1ticos em \u00e1reas [&hellip;]","og_url":"https:\/\/www.rededorsaoluiz.com.br\/instituto\/idor\/idor-abre-inscricoes-para-o-curso-em-odontologia-oncologica\/","og_site_name":"IDOR - Instituto D&#039;Or de Pesquisa e Ensino","article_published_time":"2024-03-01T21:38:24+00:00","og_image":[{"width":2560,"height":1707,"url":"https:\/\/www.rededorsaoluiz.com.br\/instituto\/idor\/wp-content\/uploads\/2024\/03\/shutterstock_1094224880-scaled.jpg","type":"image\/jpeg"}],"twitter_card":"summary_large_image","twitter_misc":{"Est. tempo de leitura":"1 minuto"},"schema":{"@context":"https:\/\/schema.org","@graph":[{"@type":"Article","@id":"https:\/\/www.rededorsaoluiz.com.br\/instituto\/idor\/idor-abre-inscricoes-para-o-curso-em-odontologia-oncologica\/#article","isPartOf":{"@id":"https:\/\/www.rededorsaoluiz.com.br\/instituto\/idor\/idor-abre-inscricoes-para-o-curso-em-odontologia-oncologica\/"},"author":{"name":"","@id":""},"headline":"IDOR abre inscri\u00e7\u00f5es para o curso em Odontologia Oncol\u00f3gica","datePublished":"2024-03-01T21:38:24+00:00","mainEntityOfPage":{"@id":"https:\/\/www.rededorsaoluiz.com.br\/instituto\/idor\/idor-abre-inscricoes-para-o-curso-em-odontologia-oncologica\/"},"wordCount":209,"commentCount":0,"image":{"@id":"https:\/\/www.rededorsaoluiz.com.br\/instituto\/idor\/idor-abre-inscricoes-para-o-curso-em-odontologia-oncologica\/#primaryimage"},"thumbnailUrl":"https:\/\/www.rededorsaoluiz.com.br\/instituto\/idor\/wp-content\/uploads\/2024\/03\/shutterstock_1094224880-scaled.jpg","articleSection":["Ensino","Novidades"],"inLanguage":"pt-BR","potentialAction":[{"@type":"CommentAction","name":"Comment","target":["https:\/\/www.rededorsaoluiz.com.br\/instituto\/idor\/idor-abre-inscricoes-para-o-curso-em-odontologia-oncologica\/#respond"]}]},{"@type":"WebPage","@id":"https:\/\/www.rededorsaoluiz.com.br\/instituto\/idor\/idor-abre-inscricoes-para-o-curso-em-odontologia-oncologica\/","url":"https:\/\/www.rededorsaoluiz.com.br\/instituto\/idor\/idor-abre-inscricoes-para-o-curso-em-odontologia-oncologica\/","name":"IDOR abre inscri\u00e7\u00f5es para o curso em Odontologia Oncol\u00f3gica - IDOR - Instituto D&#039;Or de Pesquisa e Ensino","isPartOf":{"@id":"https:\/\/www.rededorsaoluiz.com.br\/instituto\/idor\/#website"},"primaryImageOfPage":{"@id":"https:\/\/www.rededorsaoluiz.com.br\/instituto\/idor\/idor-abre-inscricoes-para-o-curso-em-odontologia-oncologica\/#primaryimage"},"image":{"@id":"https:\/\/www.rededorsaoluiz.com.br\/instituto\/idor\/idor-abre-inscricoes-para-o-curso-em-odontologia-oncologica\/#primaryimage"},"thumbnailUrl":"https:\/\/www.rededorsaoluiz.com.br\/instituto\/idor\/wp-content\/uploads\/2024\/03\/shutterstock_1094224880-scaled.jpg","datePublished":"2024-03-01T21:38:24+00:00","author":{"@id":""},"breadcrumb":{"@id":"https:\/\/www.rededorsaoluiz.com.br\/instituto\/idor\/idor-abre-inscricoes-para-o-curso-em-odontologia-oncologica\/#breadcrumb"},"inLanguage":"pt-BR","potentialAction":[{"@type":"ReadAction","target":["https:\/\/www.rededorsaoluiz.com.br\/instituto\/idor\/idor-abre-inscricoes-para-o-curso-em-odontologia-oncologica\/"]}]},{"@type":"ImageObject","inLanguage":"pt-BR","@id":"https:\/\/www.rededorsaoluiz.com.br\/instituto\/idor\/idor-abre-inscricoes-para-o-curso-em-odontologia-oncologica\/#primaryimage","url":"https:\/\/www.rededorsaoluiz.com.br\/instituto\/idor\/wp-content\/uploads\/2024\/03\/shutterstock_1094224880-scaled.jpg","contentUrl":"https:\/\/www.rededorsaoluiz.com.br\/instituto\/idor\/wp-content\/uploads\/2024\/03\/shutterstock_1094224880-scaled.jpg","width":2560,"height":1707},{"@type":"BreadcrumbList","@id":"https:\/\/www.rededorsaoluiz.com.br\/instituto\/idor\/idor-abre-inscricoes-para-o-curso-em-odontologia-oncologica\/#breadcrumb","itemListElement":[{"@type":"ListItem","position":1,"name":"In\u00edcio","item":"https:\/\/www.rededorsaoluiz.com.br\/instituto\/idor\/"},{"@type":"ListItem","position":2,"name":"IDOR abre inscri\u00e7\u00f5es para o curso em Odontologia Oncol\u00f3gica"}]},{"@type":"WebSite","@id":"https:\/\/www.rededorsaoluiz.com.br\/instituto\/idor\/#website","url":"https:\/\/www.rededorsaoluiz.com.br\/instituto\/idor\/","name":"IDOR - Instituto D&#039;Or de Pesquisa e Ensino","description":"","potentialAction":[{"@type":"SearchAction","target":{"@type":"EntryPoint","urlTemplate":"https:\/\/www.rededorsaoluiz.com.br\/instituto\/idor\/?s={search_term_string}"},"query-input":{"@type":"PropertyValueSpecification","valueRequired":true,"valueName":"search_term_string"}}],"inLanguage":"pt-BR"}]}},"_links":{"self":[{"href":"https:\/\/www.rededorsaoluiz.com.br\/instituto\/idor\/wp-json\/wp\/v2\/posts\/10235","targetHints":{"allow":["GET"]}}],"collection":[{"href":"https:\/\/www.rededorsaoluiz.com.br\/instituto\/idor\/wp-json\/wp\/v2\/posts"}],"about":[{"href":"https:\/\/www.rededorsaoluiz.com.br\/instituto\/idor\/wp-json\/wp\/v2\/types\/post"}],"replies":[{"embeddable":true,"href":"https:\/\/www.rededorsaoluiz.com.br\/instituto\/idor\/wp-json\/wp\/v2\/comments?post=10235"}],"version-history":[{"count":0,"href":"https:\/\/www.rededorsaoluiz.com.br\/instituto\/idor\/wp-json\/wp\/v2\/posts\/10235\/revisions"}],"wp:featuredmedia":[{"embeddable":true,"href":"https:\/\/www.rededorsaoluiz.com.br\/instituto\/idor\/wp-json\/wp\/v2\/media\/10236"}],"wp:attachment":[{"href":"https:\/\/www.rededorsaoluiz.com.br\/instituto\/idor\/wp-json\/wp\/v2\/media?parent=10235"}],"wp:term":[{"taxonomy":"category","embeddable":true,"href":"https:\/\/www.rededorsaoluiz.com.br\/instituto\/idor\/wp-json\/wp\/v2\/categories?post=10235"},{"taxonomy":"post_tag","embeddable":true,"href":"https:\/\/www.rededorsaoluiz.com.br\/instituto\/idor\/wp-json\/wp\/v2\/tags?post=10235"}],"curies":[{"name":"wp","href":"https:\/\/api.w.org\/{rel}","templated":true}]}}