{"id":10238,"date":"2024-03-03T14:25:27","date_gmt":"2024-03-03T17:25:27","guid":{"rendered":"https:\/\/ptbr.idor.org\/gabarito-processo-seletivo-para-residencia-medica-e-multiprofissional-vagas-remanescentes\/"},"modified":"2024-03-03T14:25:27","modified_gmt":"2024-03-03T17:25:27","slug":"gabarito-processo-seletivo-para-residencia-medica-e-multiprofissional-vagas-remanescentes","status":"publish","type":"post","link":"https:\/\/www.rededorsaoluiz.com.br\/instituto\/idor\/gabarito-processo-seletivo-para-residencia-medica-e-multiprofissional-vagas-remanescentes\/","title":{"rendered":"Gabarito &#8211; Processo Seletivo para Resid\u00eancia M\u00e9dica e Multiprofissional (Vagas Remanescentes)"},"content":{"rendered":"<p><strong>Confira o gabarito do processo seletivo para Resid\u00eancia M\u00e9dica e Multiprofissional &#8211; vagas remanescentes, realizado em 03\/03\/2024:<\/strong><\/p>\n<p><a href=\"https:\/\/idor.clientes.lojainterativa.com\/wp-content\/uploads\/2024\/03\/GABARITO-REGIONAL-RJ-Urologia.pdf\">Resid\u00eancia M\u00e9dica em Urologia &#8211; Rio de Janeiro<\/a><br \/>\n<a href=\"https:\/\/idor.clientes.lojainterativa.com\/wp-content\/uploads\/2024\/03\/GABARITO-REGIONAL-RJ-Urologia-1.pdf\">Resid\u00eancia M\u00e9dica em Neonatologia &#8211; Rio de Janeiro<\/a><br \/>\n<a href=\"https:\/\/idor.clientes.lojainterativa.com\/wp-content\/uploads\/2024\/03\/GABARITO-REGIONAL-BAHIA-Hepatologia.pdf\">Resid\u00eancia M\u00e9dica em Hepatologia &#8211; Bahia<\/a><br \/>\n<a href=\"https:\/\/idor.clientes.lojainterativa.com\/wp-content\/uploads\/2024\/03\/GABARITO-REGIONAL-ALAGOAS-Medicina-Intensiva.pdf\">Resid\u00eancia M\u00e9dica em Medicina Intensiva &#8211; Alagoas<\/a><br \/>\n<a href=\"https:\/\/idor.clientes.lojainterativa.com\/wp-content\/uploads\/2024\/03\/Gabarito_Enfermagem-2024.2.pdf\">Resid\u00eancia Uni e Multiprofisisonal em Enfermagem &#8211; Rio de Janeiro e S\u00e3o Paulo<\/a><\/p>\n<p><strong>Para solicita\u00e7\u00e3o de recursos, preencha o formul\u00e1rio e siga o passo a passo descrito no edital do seu processo seletivo.<br \/>\n<\/strong><br \/>\n<a href=\"https:\/\/idor.clientes.lojainterativa.com\/wp-content\/uploads\/2024\/03\/FORMULARIO-DE-RECURSO.pdf\">Download Formul\u00e1rio<\/a><\/p>\n<p>&nbsp;<\/p>\n<p>&nbsp;<\/p>\n","protected":false},"excerpt":{"rendered":"<p>Confira o gabarito do processo seletivo para Resid\u00eancia M\u00e9dica e Multiprofissional &#8211; vagas remanescentes, realizado em 03\/03\/2024: Resid\u00eancia M\u00e9dica em Urologia &#8211; Rio de Janeiro Resid\u00eancia M\u00e9dica em Neonatologia &#8211; Rio de Janeiro Resid\u00eancia M\u00e9dica em Hepatologia &#8211; Bahia Resid\u00eancia M\u00e9dica em Medicina Intensiva &#8211; Alagoas Resid\u00eancia Uni e Multiprofisisonal em Enfermagem &#8211; Rio de [&hellip;]<\/p>\n","protected":false},"author":0,"featured_media":0,"comment_status":"open","ping_status":"open","sticky":false,"template":"","format":"standard","meta":{"_acf_changed":false,"footnotes":""},"categories":[5],"tags":[],"class_list":["post-10238","post","type-post","status-publish","format-standard","hentry","category-ensino"],"acf":[],"yoast_head":"<!-- This site is optimized with the Yoast SEO plugin v27.3 - https:\/\/yoast.com\/product\/yoast-seo-wordpress\/ -->\n<title>Gabarito - Processo Seletivo para Resid\u00eancia M\u00e9dica e Multiprofissional (Vagas Remanescentes) - IDOR - Instituto D&#039;Or de Pesquisa e Ensino<\/title>\n<link rel=\"canonical\" href=\"https:\/\/www.rededorsaoluiz.com.br\/instituto\/idor\/gabarito-processo-seletivo-para-residencia-medica-e-multiprofissional-vagas-remanescentes\/\" \/>\n<meta property=\"og:locale\" content=\"pt_BR\" \/>\n<meta property=\"og:type\" content=\"article\" \/>\n<meta property=\"og:title\" content=\"Gabarito - Processo Seletivo para Resid\u00eancia M\u00e9dica e Multiprofissional (Vagas Remanescentes) - IDOR - Instituto D&#039;Or de Pesquisa e Ensino\" \/>\n<meta property=\"og:description\" content=\"Confira o gabarito do processo seletivo para Resid\u00eancia M\u00e9dica e Multiprofissional &#8211; vagas remanescentes, realizado em 03\/03\/2024: Resid\u00eancia M\u00e9dica em Urologia &#8211; Rio de Janeiro Resid\u00eancia M\u00e9dica em Neonatologia &#8211; Rio de Janeiro Resid\u00eancia M\u00e9dica em Hepatologia &#8211; Bahia Resid\u00eancia M\u00e9dica em Medicina Intensiva &#8211; Alagoas Resid\u00eancia Uni e Multiprofisisonal em Enfermagem &#8211; Rio de [&hellip;]\" \/>\n<meta property=\"og:url\" content=\"https:\/\/www.rededorsaoluiz.com.br\/instituto\/idor\/gabarito-processo-seletivo-para-residencia-medica-e-multiprofissional-vagas-remanescentes\/\" \/>\n<meta property=\"og:site_name\" content=\"IDOR - Instituto D&#039;Or de Pesquisa e Ensino\" \/>\n<meta property=\"article:published_time\" content=\"2024-03-03T17:25:27+00:00\" \/>\n<meta name=\"twitter:card\" content=\"summary_large_image\" \/>\n<script type=\"application\/ld+json\" class=\"yoast-schema-graph\">{\"@context\":\"https:\\\/\\\/schema.org\",\"@graph\":[{\"@type\":\"Article\",\"@id\":\"https:\\\/\\\/www.rededorsaoluiz.com.br\\\/instituto\\\/idor\\\/gabarito-processo-seletivo-para-residencia-medica-e-multiprofissional-vagas-remanescentes\\\/#article\",\"isPartOf\":{\"@id\":\"https:\\\/\\\/www.rededorsaoluiz.com.br\\\/instituto\\\/idor\\\/gabarito-processo-seletivo-para-residencia-medica-e-multiprofissional-vagas-remanescentes\\\/\"},\"author\":{\"name\":\"\",\"@id\":\"\"},\"headline\":\"Gabarito &#8211; Processo Seletivo para Resid\u00eancia M\u00e9dica e Multiprofissional (Vagas Remanescentes)\",\"datePublished\":\"2024-03-03T17:25:27+00:00\",\"mainEntityOfPage\":{\"@id\":\"https:\\\/\\\/www.rededorsaoluiz.com.br\\\/instituto\\\/idor\\\/gabarito-processo-seletivo-para-residencia-medica-e-multiprofissional-vagas-remanescentes\\\/\"},\"wordCount\":110,\"commentCount\":0,\"articleSection\":[\"Ensino\"],\"inLanguage\":\"pt-BR\",\"potentialAction\":[{\"@type\":\"CommentAction\",\"name\":\"Comment\",\"target\":[\"https:\\\/\\\/www.rededorsaoluiz.com.br\\\/instituto\\\/idor\\\/gabarito-processo-seletivo-para-residencia-medica-e-multiprofissional-vagas-remanescentes\\\/#respond\"]}]},{\"@type\":\"WebPage\",\"@id\":\"https:\\\/\\\/www.rededorsaoluiz.com.br\\\/instituto\\\/idor\\\/gabarito-processo-seletivo-para-residencia-medica-e-multiprofissional-vagas-remanescentes\\\/\",\"url\":\"https:\\\/\\\/www.rededorsaoluiz.com.br\\\/instituto\\\/idor\\\/gabarito-processo-seletivo-para-residencia-medica-e-multiprofissional-vagas-remanescentes\\\/\",\"name\":\"Gabarito - Processo Seletivo para Resid\u00eancia M\u00e9dica e Multiprofissional (Vagas Remanescentes) - IDOR - Instituto D&#039;Or de Pesquisa e Ensino\",\"isPartOf\":{\"@id\":\"https:\\\/\\\/www.rededorsaoluiz.com.br\\\/instituto\\\/idor\\\/#website\"},\"datePublished\":\"2024-03-03T17:25:27+00:00\",\"author\":{\"@id\":\"\"},\"breadcrumb\":{\"@id\":\"https:\\\/\\\/www.rededorsaoluiz.com.br\\\/instituto\\\/idor\\\/gabarito-processo-seletivo-para-residencia-medica-e-multiprofissional-vagas-remanescentes\\\/#breadcrumb\"},\"inLanguage\":\"pt-BR\",\"potentialAction\":[{\"@type\":\"ReadAction\",\"target\":[\"https:\\\/\\\/www.rededorsaoluiz.com.br\\\/instituto\\\/idor\\\/gabarito-processo-seletivo-para-residencia-medica-e-multiprofissional-vagas-remanescentes\\\/\"]}]},{\"@type\":\"BreadcrumbList\",\"@id\":\"https:\\\/\\\/www.rededorsaoluiz.com.br\\\/instituto\\\/idor\\\/gabarito-processo-seletivo-para-residencia-medica-e-multiprofissional-vagas-remanescentes\\\/#breadcrumb\",\"itemListElement\":[{\"@type\":\"ListItem\",\"position\":1,\"name\":\"In\u00edcio\",\"item\":\"https:\\\/\\\/www.rededorsaoluiz.com.br\\\/instituto\\\/idor\\\/\"},{\"@type\":\"ListItem\",\"position\":2,\"name\":\"Gabarito &#8211; Processo Seletivo para Resid\u00eancia M\u00e9dica e Multiprofissional (Vagas Remanescentes)\"}]},{\"@type\":\"WebSite\",\"@id\":\"https:\\\/\\\/www.rededorsaoluiz.com.br\\\/instituto\\\/idor\\\/#website\",\"url\":\"https:\\\/\\\/www.rededorsaoluiz.com.br\\\/instituto\\\/idor\\\/\",\"name\":\"IDOR - Instituto D&#039;Or de Pesquisa e Ensino\",\"description\":\"\",\"potentialAction\":[{\"@type\":\"SearchAction\",\"target\":{\"@type\":\"EntryPoint\",\"urlTemplate\":\"https:\\\/\\\/www.rededorsaoluiz.com.br\\\/instituto\\\/idor\\\/?s={search_term_string}\"},\"query-input\":{\"@type\":\"PropertyValueSpecification\",\"valueRequired\":true,\"valueName\":\"search_term_string\"}}],\"inLanguage\":\"pt-BR\"}]}<\/script>\n<!-- \/ Yoast SEO plugin. -->","yoast_head_json":{"title":"Gabarito - Processo Seletivo para Resid\u00eancia M\u00e9dica e Multiprofissional (Vagas Remanescentes) - IDOR - Instituto D&#039;Or de Pesquisa e Ensino","canonical":"https:\/\/www.rededorsaoluiz.com.br\/instituto\/idor\/gabarito-processo-seletivo-para-residencia-medica-e-multiprofissional-vagas-remanescentes\/","og_locale":"pt_BR","og_type":"article","og_title":"Gabarito - Processo Seletivo para Resid\u00eancia M\u00e9dica e Multiprofissional (Vagas Remanescentes) - IDOR - Instituto D&#039;Or de Pesquisa e Ensino","og_description":"Confira o gabarito do processo seletivo para Resid\u00eancia M\u00e9dica e Multiprofissional &#8211; vagas remanescentes, realizado em 03\/03\/2024: Resid\u00eancia M\u00e9dica em Urologia &#8211; Rio de Janeiro Resid\u00eancia M\u00e9dica em Neonatologia &#8211; Rio de Janeiro Resid\u00eancia M\u00e9dica em Hepatologia &#8211; Bahia Resid\u00eancia M\u00e9dica em Medicina Intensiva &#8211; Alagoas Resid\u00eancia Uni e Multiprofisisonal em Enfermagem &#8211; Rio de [&hellip;]","og_url":"https:\/\/www.rededorsaoluiz.com.br\/instituto\/idor\/gabarito-processo-seletivo-para-residencia-medica-e-multiprofissional-vagas-remanescentes\/","og_site_name":"IDOR - Instituto D&#039;Or de Pesquisa e Ensino","article_published_time":"2024-03-03T17:25:27+00:00","twitter_card":"summary_large_image","schema":{"@context":"https:\/\/schema.org","@graph":[{"@type":"Article","@id":"https:\/\/www.rededorsaoluiz.com.br\/instituto\/idor\/gabarito-processo-seletivo-para-residencia-medica-e-multiprofissional-vagas-remanescentes\/#article","isPartOf":{"@id":"https:\/\/www.rededorsaoluiz.com.br\/instituto\/idor\/gabarito-processo-seletivo-para-residencia-medica-e-multiprofissional-vagas-remanescentes\/"},"author":{"name":"","@id":""},"headline":"Gabarito &#8211; Processo Seletivo para Resid\u00eancia M\u00e9dica e Multiprofissional (Vagas Remanescentes)","datePublished":"2024-03-03T17:25:27+00:00","mainEntityOfPage":{"@id":"https:\/\/www.rededorsaoluiz.com.br\/instituto\/idor\/gabarito-processo-seletivo-para-residencia-medica-e-multiprofissional-vagas-remanescentes\/"},"wordCount":110,"commentCount":0,"articleSection":["Ensino"],"inLanguage":"pt-BR","potentialAction":[{"@type":"CommentAction","name":"Comment","target":["https:\/\/www.rededorsaoluiz.com.br\/instituto\/idor\/gabarito-processo-seletivo-para-residencia-medica-e-multiprofissional-vagas-remanescentes\/#respond"]}]},{"@type":"WebPage","@id":"https:\/\/www.rededorsaoluiz.com.br\/instituto\/idor\/gabarito-processo-seletivo-para-residencia-medica-e-multiprofissional-vagas-remanescentes\/","url":"https:\/\/www.rededorsaoluiz.com.br\/instituto\/idor\/gabarito-processo-seletivo-para-residencia-medica-e-multiprofissional-vagas-remanescentes\/","name":"Gabarito - Processo Seletivo para Resid\u00eancia M\u00e9dica e Multiprofissional (Vagas Remanescentes) - IDOR - Instituto D&#039;Or de Pesquisa e Ensino","isPartOf":{"@id":"https:\/\/www.rededorsaoluiz.com.br\/instituto\/idor\/#website"},"datePublished":"2024-03-03T17:25:27+00:00","author":{"@id":""},"breadcrumb":{"@id":"https:\/\/www.rededorsaoluiz.com.br\/instituto\/idor\/gabarito-processo-seletivo-para-residencia-medica-e-multiprofissional-vagas-remanescentes\/#breadcrumb"},"inLanguage":"pt-BR","potentialAction":[{"@type":"ReadAction","target":["https:\/\/www.rededorsaoluiz.com.br\/instituto\/idor\/gabarito-processo-seletivo-para-residencia-medica-e-multiprofissional-vagas-remanescentes\/"]}]},{"@type":"BreadcrumbList","@id":"https:\/\/www.rededorsaoluiz.com.br\/instituto\/idor\/gabarito-processo-seletivo-para-residencia-medica-e-multiprofissional-vagas-remanescentes\/#breadcrumb","itemListElement":[{"@type":"ListItem","position":1,"name":"In\u00edcio","item":"https:\/\/www.rededorsaoluiz.com.br\/instituto\/idor\/"},{"@type":"ListItem","position":2,"name":"Gabarito &#8211; Processo Seletivo para Resid\u00eancia M\u00e9dica e Multiprofissional (Vagas Remanescentes)"}]},{"@type":"WebSite","@id":"https:\/\/www.rededorsaoluiz.com.br\/instituto\/idor\/#website","url":"https:\/\/www.rededorsaoluiz.com.br\/instituto\/idor\/","name":"IDOR - Instituto D&#039;Or de Pesquisa e Ensino","description":"","potentialAction":[{"@type":"SearchAction","target":{"@type":"EntryPoint","urlTemplate":"https:\/\/www.rededorsaoluiz.com.br\/instituto\/idor\/?s={search_term_string}"},"query-input":{"@type":"PropertyValueSpecification","valueRequired":true,"valueName":"search_term_string"}}],"inLanguage":"pt-BR"}]}},"_links":{"self":[{"href":"https:\/\/www.rededorsaoluiz.com.br\/instituto\/idor\/wp-json\/wp\/v2\/posts\/10238","targetHints":{"allow":["GET"]}}],"collection":[{"href":"https:\/\/www.rededorsaoluiz.com.br\/instituto\/idor\/wp-json\/wp\/v2\/posts"}],"about":[{"href":"https:\/\/www.rededorsaoluiz.com.br\/instituto\/idor\/wp-json\/wp\/v2\/types\/post"}],"replies":[{"embeddable":true,"href":"https:\/\/www.rededorsaoluiz.com.br\/instituto\/idor\/wp-json\/wp\/v2\/comments?post=10238"}],"version-history":[{"count":0,"href":"https:\/\/www.rededorsaoluiz.com.br\/instituto\/idor\/wp-json\/wp\/v2\/posts\/10238\/revisions"}],"wp:attachment":[{"href":"https:\/\/www.rededorsaoluiz.com.br\/instituto\/idor\/wp-json\/wp\/v2\/media?parent=10238"}],"wp:term":[{"taxonomy":"category","embeddable":true,"href":"https:\/\/www.rededorsaoluiz.com.br\/instituto\/idor\/wp-json\/wp\/v2\/categories?post=10238"},{"taxonomy":"post_tag","embeddable":true,"href":"https:\/\/www.rededorsaoluiz.com.br\/instituto\/idor\/wp-json\/wp\/v2\/tags?post=10238"}],"curies":[{"name":"wp","href":"https:\/\/api.w.org\/{rel}","templated":true}]}}