{"id":11140,"date":"2024-07-12T17:28:08","date_gmt":"2024-07-12T20:28:08","guid":{"rendered":"https:\/\/ptbr.idor.org\/steven-pinker-a-psicologia-evolutiva-e-o-titulo-honoris-causa\/"},"modified":"2024-07-12T17:28:08","modified_gmt":"2024-07-12T20:28:08","slug":"steven-pinker-a-psicologia-evolutiva-e-o-titulo-honoris-causa","status":"publish","type":"post","link":"https:\/\/www.rededorsaoluiz.com.br\/instituto\/idor\/steven-pinker-a-psicologia-evolutiva-e-o-titulo-honoris-causa\/","title":{"rendered":"Steven Pinker: A Psicologia Evolutiva e o T\u00edtulo Honoris Causa"},"content":{"rendered":"<p>O psic\u00f3logo e linguista Steven Pinker esteve no Rio de Janeiro, a convite da CCM e do IDOR, para participar do Brain 2024 &#8211; Congresso C\u00e9rebro, Comportamento e Emo\u00e7\u00f5es.&nbsp;&nbsp;<\/p>\n<p>Pinker, que \u00e9 conhecido por seu trabalho em psicologia evolutiva e ci\u00eancia cognitiva, costuma combinar <i>insights<\/i> de v\u00e1rias disciplinas para oferecer uma vis\u00e3o ainda mais abrangente do comportamento e da hist\u00f3ria humana. Com 10 livros (<i>best-sellers<\/i>) publicados em dezenas de l\u00ednguas, ele j\u00e1 foi reconhecido como uma das 100 pessoas mais influentes do mundo pela revista <i>Time<\/i> e figurou na lista dos 100 maiores intelectuais do mundo da revista <i>Foreign Policy.<\/i>&nbsp;O psic\u00f3logo conversou sobre racionalidade humana, o fasc\u00ednio por teorias da conspira\u00e7\u00e3o, not\u00edcias falsas e cren\u00e7as pseudocient\u00edficas, enfatizando que esses fen\u00f4menos s\u00e3o influenciados por cren\u00e7as intuitivas como dualismo e essencialismo.&nbsp;&nbsp;<\/p>\n<p>Para Pinker, as redes sociais amplificam o tribalismo, criando bolhas de informa\u00e7\u00f5es que refor\u00e7am preconceitos sociais. Ele indicou ainda que a segrega\u00e7\u00e3o educacional e de classe \u00e9 tamb\u00e9m um fator significativo, onde pessoas com n\u00edveis semelhantes de educa\u00e7\u00e3o e cren\u00e7as vivem em comunidades isoladas, facilitando a demoniza\u00e7\u00e3o daqueles com opini\u00f5es diferentes. \u201cPrecisamos promover a ideia radical de que a gente s\u00f3 deve acreditar em coisas que t\u00eam evid\u00eancias e que ela tem de ser testada para sabermos se ela resiste \u00e0 realidade\u201d comentou.&nbsp;Outro tema abordado foi o uso de intelig\u00eancia artificial (IA) na sa\u00fade mental, destacando seu potencial e limita\u00e7\u00f5es. Pinker acredita que a IA pode ser uma aliada para os profissionais da \u00e1rea, pois os algoritmos poderiam complementar o trabalho dos psiquiatras. \u201cNenhum terapeuta humano pode saber toda a literatura e \u00e9 nisso que os computadores podem ser melhores\u201d ressaltou. Por\u00e9m, destacou que os modelos de linguagem atuais n\u00e3o possuem expertise em dist\u00farbios psiqui\u00e1tricos. O especialista defende que a IA cl\u00e1ssica, mais algor\u00edtmica e passo a passo, pode ser uma ferramenta refinada e validada, ao contr\u00e1rio dos grandes modelos de linguagem.&nbsp;Dr. Luiz Eug\u00eanio Mello, nosso Diretor de Pesquisa e Inova\u00e7\u00e3o, fez uma reflex\u00e3o sobre os assuntos abordados por Steven Pinker e ainda, comentou sobre a homenagem prestada pelo IDOR. \u201cO trabalho do Pinker amplia para por\u00e7\u00f5es maiores da sociedade o entendimento daquilo que somos. De forma geral as pessoas n\u00e3o gostam de ser ou de se sentir manipuladas. Por outro lado, se n\u00e3o entendemos como os vieses do nosso pr\u00f3prio c\u00e9rebro e da nossa sociedade resultam em sermos mais ou menos influenciados ser\u00e1 dif\u00edcil sermos genuinamente aut\u00f4nomos e senhores de si. Pinker, como poucos intelectuais, t\u00eam demonstrado a capacidade de articular essas quest\u00f5es e de trazer a ci\u00eancia para o centro dessa discuss\u00e3o\u201d comentou.&nbsp;<\/p>\n<p>Devido \u00e0s suas contribui\u00e7\u00f5es ao campo das pesquisas em neuroci\u00eancias, o IDOR concedeu a Steven Pinker o t\u00edtulo de Doutor <i>Honoris Causa<\/i>. \u201cO t\u00edtulo <i>Honoris Causa<\/i>&nbsp;reconhece o m\u00e9rito desse excepcional trabalho de divulgador cient\u00edfico, n\u00e3o apenas na superf\u00edcie, mas em um sentido profundo do entendimento cient\u00edfico\u201d destacou Luiz Eug\u00eanio. <a href=\"https:\/\/x.com\/sapinker\/status\/1806844128661017002?t=Hh1DhIibVnaLEBn4q_0I8w&amp;s=08\">Em sua rede social<\/a>, Pinker agradeceu pela homenagem e pelo convite ao evento.&nbsp;As ideias e pesquisas de Steven Pinker se alinham com as \u00e1reas de estudo e os objetivos do IDOR. A neuroci\u00eancia \u00e9 uma das principais linhas de pesquisa do IDOR, com contribui\u00e7\u00f5es em diversos aspectos como o entendimento de valores morais e altru\u00edsmo, comportamentos compulsivos, cogni\u00e7\u00e3o e dem\u00eancia. \u201cPor fim, o IDOR, ao longo de sua trajet\u00f3ria tem um trabalho ativo e intenso de divulga\u00e7\u00e3o cientifica.&nbsp; Exemplos recentes, para um p\u00fablico mais jovem, como o F\u00e9rias com Ci\u00eancia e o <a href=\"https:\/\/www.rededorsaoluiz.com.br\/instituto\/idor\/tour-da-ciencia-idor\/\">Tour da Ci\u00eancia<\/a> refletem de forma pr\u00e1tica essa a\u00e7\u00e3o\u201d concluiu o nosso diretor.&nbsp;<\/p>\n","protected":false},"excerpt":{"rendered":"<p>O psic\u00f3logo e linguista Steven Pinker esteve no Rio de Janeiro, a convite da CCM e do IDOR, para participar do Brain 2024 &#8211; Congresso C\u00e9rebro, Comportamento e Emo\u00e7\u00f5es.<\/p>\n","protected":false},"author":0,"featured_media":11141,"comment_status":"open","ping_status":"open","sticky":false,"template":"","format":"standard","meta":{"_acf_changed":false,"footnotes":""},"categories":[210,191,190],"tags":[],"class_list":["post-11140","post","type-post","status-publish","format-standard","has-post-thumbnail","hentry","category-institucional","category-novidades","category-pesquisa"],"acf":[],"yoast_head":"<!-- This site is optimized with the Yoast SEO plugin v27.3 - https:\/\/yoast.com\/product\/yoast-seo-wordpress\/ -->\n<title>Steven Pinker: A Psicologia Evolutiva e o T\u00edtulo Honoris Causa - IDOR - Instituto D&#039;Or de Pesquisa e Ensino<\/title>\n<link rel=\"canonical\" href=\"https:\/\/www.rededorsaoluiz.com.br\/instituto\/idor\/steven-pinker-a-psicologia-evolutiva-e-o-titulo-honoris-causa\/\" \/>\n<meta property=\"og:locale\" content=\"pt_BR\" \/>\n<meta property=\"og:type\" content=\"article\" \/>\n<meta property=\"og:title\" content=\"Steven Pinker: A Psicologia Evolutiva e o T\u00edtulo Honoris Causa - IDOR - Instituto D&#039;Or de Pesquisa e Ensino\" \/>\n<meta property=\"og:description\" content=\"O psic\u00f3logo e linguista Steven Pinker esteve no Rio de Janeiro, a convite da CCM e do IDOR, para participar do Brain 2024 - Congresso C\u00e9rebro, Comportamento e Emo\u00e7\u00f5es.\" \/>\n<meta property=\"og:url\" content=\"https:\/\/www.rededorsaoluiz.com.br\/instituto\/idor\/steven-pinker-a-psicologia-evolutiva-e-o-titulo-honoris-causa\/\" \/>\n<meta property=\"og:site_name\" content=\"IDOR - Instituto D&#039;Or de Pesquisa e Ensino\" \/>\n<meta property=\"article:published_time\" content=\"2024-07-12T20:28:08+00:00\" \/>\n<meta property=\"og:image\" content=\"https:\/\/www.rededorsaoluiz.com.br\/instituto\/idor\/wp-content\/uploads\/2024\/07\/LM7-596-scaled.jpg\" \/>\n\t<meta property=\"og:image:width\" content=\"2560\" \/>\n\t<meta property=\"og:image:height\" content=\"1708\" \/>\n\t<meta property=\"og:image:type\" content=\"image\/jpeg\" \/>\n<meta name=\"twitter:card\" content=\"summary_large_image\" \/>\n<meta name=\"twitter:label1\" content=\"Est. tempo de leitura\" \/>\n\t<meta name=\"twitter:data1\" content=\"3 minutos\" \/>\n<script type=\"application\/ld+json\" class=\"yoast-schema-graph\">{\"@context\":\"https:\\\/\\\/schema.org\",\"@graph\":[{\"@type\":\"Article\",\"@id\":\"https:\\\/\\\/www.rededorsaoluiz.com.br\\\/instituto\\\/idor\\\/steven-pinker-a-psicologia-evolutiva-e-o-titulo-honoris-causa\\\/#article\",\"isPartOf\":{\"@id\":\"https:\\\/\\\/www.rededorsaoluiz.com.br\\\/instituto\\\/idor\\\/steven-pinker-a-psicologia-evolutiva-e-o-titulo-honoris-causa\\\/\"},\"author\":{\"name\":\"\",\"@id\":\"\"},\"headline\":\"Steven Pinker: A Psicologia Evolutiva e o T\u00edtulo Honoris Causa\",\"datePublished\":\"2024-07-12T20:28:08+00:00\",\"mainEntityOfPage\":{\"@id\":\"https:\\\/\\\/www.rededorsaoluiz.com.br\\\/instituto\\\/idor\\\/steven-pinker-a-psicologia-evolutiva-e-o-titulo-honoris-causa\\\/\"},\"wordCount\":672,\"commentCount\":0,\"image\":{\"@id\":\"https:\\\/\\\/www.rededorsaoluiz.com.br\\\/instituto\\\/idor\\\/steven-pinker-a-psicologia-evolutiva-e-o-titulo-honoris-causa\\\/#primaryimage\"},\"thumbnailUrl\":\"https:\\\/\\\/www.rededorsaoluiz.com.br\\\/instituto\\\/idor\\\/wp-content\\\/uploads\\\/2024\\\/07\\\/LM7-596-scaled.jpg\",\"articleSection\":[\"Institucional\",\"Novidades\",\"Pesquisa\"],\"inLanguage\":\"pt-BR\",\"potentialAction\":[{\"@type\":\"CommentAction\",\"name\":\"Comment\",\"target\":[\"https:\\\/\\\/www.rededorsaoluiz.com.br\\\/instituto\\\/idor\\\/steven-pinker-a-psicologia-evolutiva-e-o-titulo-honoris-causa\\\/#respond\"]}]},{\"@type\":\"WebPage\",\"@id\":\"https:\\\/\\\/www.rededorsaoluiz.com.br\\\/instituto\\\/idor\\\/steven-pinker-a-psicologia-evolutiva-e-o-titulo-honoris-causa\\\/\",\"url\":\"https:\\\/\\\/www.rededorsaoluiz.com.br\\\/instituto\\\/idor\\\/steven-pinker-a-psicologia-evolutiva-e-o-titulo-honoris-causa\\\/\",\"name\":\"Steven Pinker: A Psicologia Evolutiva e o T\u00edtulo Honoris Causa - IDOR - Instituto D&#039;Or de Pesquisa e Ensino\",\"isPartOf\":{\"@id\":\"https:\\\/\\\/www.rededorsaoluiz.com.br\\\/instituto\\\/idor\\\/#website\"},\"primaryImageOfPage\":{\"@id\":\"https:\\\/\\\/www.rededorsaoluiz.com.br\\\/instituto\\\/idor\\\/steven-pinker-a-psicologia-evolutiva-e-o-titulo-honoris-causa\\\/#primaryimage\"},\"image\":{\"@id\":\"https:\\\/\\\/www.rededorsaoluiz.com.br\\\/instituto\\\/idor\\\/steven-pinker-a-psicologia-evolutiva-e-o-titulo-honoris-causa\\\/#primaryimage\"},\"thumbnailUrl\":\"https:\\\/\\\/www.rededorsaoluiz.com.br\\\/instituto\\\/idor\\\/wp-content\\\/uploads\\\/2024\\\/07\\\/LM7-596-scaled.jpg\",\"datePublished\":\"2024-07-12T20:28:08+00:00\",\"author\":{\"@id\":\"\"},\"breadcrumb\":{\"@id\":\"https:\\\/\\\/www.rededorsaoluiz.com.br\\\/instituto\\\/idor\\\/steven-pinker-a-psicologia-evolutiva-e-o-titulo-honoris-causa\\\/#breadcrumb\"},\"inLanguage\":\"pt-BR\",\"potentialAction\":[{\"@type\":\"ReadAction\",\"target\":[\"https:\\\/\\\/www.rededorsaoluiz.com.br\\\/instituto\\\/idor\\\/steven-pinker-a-psicologia-evolutiva-e-o-titulo-honoris-causa\\\/\"]}]},{\"@type\":\"ImageObject\",\"inLanguage\":\"pt-BR\",\"@id\":\"https:\\\/\\\/www.rededorsaoluiz.com.br\\\/instituto\\\/idor\\\/steven-pinker-a-psicologia-evolutiva-e-o-titulo-honoris-causa\\\/#primaryimage\",\"url\":\"https:\\\/\\\/www.rededorsaoluiz.com.br\\\/instituto\\\/idor\\\/wp-content\\\/uploads\\\/2024\\\/07\\\/LM7-596-scaled.jpg\",\"contentUrl\":\"https:\\\/\\\/www.rededorsaoluiz.com.br\\\/instituto\\\/idor\\\/wp-content\\\/uploads\\\/2024\\\/07\\\/LM7-596-scaled.jpg\",\"width\":2560,\"height\":1708},{\"@type\":\"BreadcrumbList\",\"@id\":\"https:\\\/\\\/www.rededorsaoluiz.com.br\\\/instituto\\\/idor\\\/steven-pinker-a-psicologia-evolutiva-e-o-titulo-honoris-causa\\\/#breadcrumb\",\"itemListElement\":[{\"@type\":\"ListItem\",\"position\":1,\"name\":\"In\u00edcio\",\"item\":\"https:\\\/\\\/www.rededorsaoluiz.com.br\\\/instituto\\\/idor\\\/\"},{\"@type\":\"ListItem\",\"position\":2,\"name\":\"Steven Pinker: A Psicologia Evolutiva e o T\u00edtulo Honoris Causa\"}]},{\"@type\":\"WebSite\",\"@id\":\"https:\\\/\\\/www.rededorsaoluiz.com.br\\\/instituto\\\/idor\\\/#website\",\"url\":\"https:\\\/\\\/www.rededorsaoluiz.com.br\\\/instituto\\\/idor\\\/\",\"name\":\"IDOR - Instituto D&#039;Or de Pesquisa e Ensino\",\"description\":\"\",\"potentialAction\":[{\"@type\":\"SearchAction\",\"target\":{\"@type\":\"EntryPoint\",\"urlTemplate\":\"https:\\\/\\\/www.rededorsaoluiz.com.br\\\/instituto\\\/idor\\\/?s={search_term_string}\"},\"query-input\":{\"@type\":\"PropertyValueSpecification\",\"valueRequired\":true,\"valueName\":\"search_term_string\"}}],\"inLanguage\":\"pt-BR\"}]}<\/script>\n<!-- \/ Yoast SEO plugin. -->","yoast_head_json":{"title":"Steven Pinker: A Psicologia Evolutiva e o T\u00edtulo Honoris Causa - IDOR - Instituto D&#039;Or de Pesquisa e Ensino","canonical":"https:\/\/www.rededorsaoluiz.com.br\/instituto\/idor\/steven-pinker-a-psicologia-evolutiva-e-o-titulo-honoris-causa\/","og_locale":"pt_BR","og_type":"article","og_title":"Steven Pinker: A Psicologia Evolutiva e o T\u00edtulo Honoris Causa - IDOR - Instituto D&#039;Or de Pesquisa e Ensino","og_description":"O psic\u00f3logo e linguista Steven Pinker esteve no Rio de Janeiro, a convite da CCM e do IDOR, para participar do Brain 2024 - Congresso C\u00e9rebro, Comportamento e Emo\u00e7\u00f5es.","og_url":"https:\/\/www.rededorsaoluiz.com.br\/instituto\/idor\/steven-pinker-a-psicologia-evolutiva-e-o-titulo-honoris-causa\/","og_site_name":"IDOR - Instituto D&#039;Or de Pesquisa e Ensino","article_published_time":"2024-07-12T20:28:08+00:00","og_image":[{"width":2560,"height":1708,"url":"https:\/\/www.rededorsaoluiz.com.br\/instituto\/idor\/wp-content\/uploads\/2024\/07\/LM7-596-scaled.jpg","type":"image\/jpeg"}],"twitter_card":"summary_large_image","twitter_misc":{"Est. tempo de leitura":"3 minutos"},"schema":{"@context":"https:\/\/schema.org","@graph":[{"@type":"Article","@id":"https:\/\/www.rededorsaoluiz.com.br\/instituto\/idor\/steven-pinker-a-psicologia-evolutiva-e-o-titulo-honoris-causa\/#article","isPartOf":{"@id":"https:\/\/www.rededorsaoluiz.com.br\/instituto\/idor\/steven-pinker-a-psicologia-evolutiva-e-o-titulo-honoris-causa\/"},"author":{"name":"","@id":""},"headline":"Steven Pinker: A Psicologia Evolutiva e o T\u00edtulo Honoris Causa","datePublished":"2024-07-12T20:28:08+00:00","mainEntityOfPage":{"@id":"https:\/\/www.rededorsaoluiz.com.br\/instituto\/idor\/steven-pinker-a-psicologia-evolutiva-e-o-titulo-honoris-causa\/"},"wordCount":672,"commentCount":0,"image":{"@id":"https:\/\/www.rededorsaoluiz.com.br\/instituto\/idor\/steven-pinker-a-psicologia-evolutiva-e-o-titulo-honoris-causa\/#primaryimage"},"thumbnailUrl":"https:\/\/www.rededorsaoluiz.com.br\/instituto\/idor\/wp-content\/uploads\/2024\/07\/LM7-596-scaled.jpg","articleSection":["Institucional","Novidades","Pesquisa"],"inLanguage":"pt-BR","potentialAction":[{"@type":"CommentAction","name":"Comment","target":["https:\/\/www.rededorsaoluiz.com.br\/instituto\/idor\/steven-pinker-a-psicologia-evolutiva-e-o-titulo-honoris-causa\/#respond"]}]},{"@type":"WebPage","@id":"https:\/\/www.rededorsaoluiz.com.br\/instituto\/idor\/steven-pinker-a-psicologia-evolutiva-e-o-titulo-honoris-causa\/","url":"https:\/\/www.rededorsaoluiz.com.br\/instituto\/idor\/steven-pinker-a-psicologia-evolutiva-e-o-titulo-honoris-causa\/","name":"Steven Pinker: A Psicologia Evolutiva e o T\u00edtulo Honoris Causa - IDOR - Instituto D&#039;Or de Pesquisa e Ensino","isPartOf":{"@id":"https:\/\/www.rededorsaoluiz.com.br\/instituto\/idor\/#website"},"primaryImageOfPage":{"@id":"https:\/\/www.rededorsaoluiz.com.br\/instituto\/idor\/steven-pinker-a-psicologia-evolutiva-e-o-titulo-honoris-causa\/#primaryimage"},"image":{"@id":"https:\/\/www.rededorsaoluiz.com.br\/instituto\/idor\/steven-pinker-a-psicologia-evolutiva-e-o-titulo-honoris-causa\/#primaryimage"},"thumbnailUrl":"https:\/\/www.rededorsaoluiz.com.br\/instituto\/idor\/wp-content\/uploads\/2024\/07\/LM7-596-scaled.jpg","datePublished":"2024-07-12T20:28:08+00:00","author":{"@id":""},"breadcrumb":{"@id":"https:\/\/www.rededorsaoluiz.com.br\/instituto\/idor\/steven-pinker-a-psicologia-evolutiva-e-o-titulo-honoris-causa\/#breadcrumb"},"inLanguage":"pt-BR","potentialAction":[{"@type":"ReadAction","target":["https:\/\/www.rededorsaoluiz.com.br\/instituto\/idor\/steven-pinker-a-psicologia-evolutiva-e-o-titulo-honoris-causa\/"]}]},{"@type":"ImageObject","inLanguage":"pt-BR","@id":"https:\/\/www.rededorsaoluiz.com.br\/instituto\/idor\/steven-pinker-a-psicologia-evolutiva-e-o-titulo-honoris-causa\/#primaryimage","url":"https:\/\/www.rededorsaoluiz.com.br\/instituto\/idor\/wp-content\/uploads\/2024\/07\/LM7-596-scaled.jpg","contentUrl":"https:\/\/www.rededorsaoluiz.com.br\/instituto\/idor\/wp-content\/uploads\/2024\/07\/LM7-596-scaled.jpg","width":2560,"height":1708},{"@type":"BreadcrumbList","@id":"https:\/\/www.rededorsaoluiz.com.br\/instituto\/idor\/steven-pinker-a-psicologia-evolutiva-e-o-titulo-honoris-causa\/#breadcrumb","itemListElement":[{"@type":"ListItem","position":1,"name":"In\u00edcio","item":"https:\/\/www.rededorsaoluiz.com.br\/instituto\/idor\/"},{"@type":"ListItem","position":2,"name":"Steven Pinker: A Psicologia Evolutiva e o T\u00edtulo Honoris Causa"}]},{"@type":"WebSite","@id":"https:\/\/www.rededorsaoluiz.com.br\/instituto\/idor\/#website","url":"https:\/\/www.rededorsaoluiz.com.br\/instituto\/idor\/","name":"IDOR - Instituto D&#039;Or de Pesquisa e Ensino","description":"","potentialAction":[{"@type":"SearchAction","target":{"@type":"EntryPoint","urlTemplate":"https:\/\/www.rededorsaoluiz.com.br\/instituto\/idor\/?s={search_term_string}"},"query-input":{"@type":"PropertyValueSpecification","valueRequired":true,"valueName":"search_term_string"}}],"inLanguage":"pt-BR"}]}},"_links":{"self":[{"href":"https:\/\/www.rededorsaoluiz.com.br\/instituto\/idor\/wp-json\/wp\/v2\/posts\/11140","targetHints":{"allow":["GET"]}}],"collection":[{"href":"https:\/\/www.rededorsaoluiz.com.br\/instituto\/idor\/wp-json\/wp\/v2\/posts"}],"about":[{"href":"https:\/\/www.rededorsaoluiz.com.br\/instituto\/idor\/wp-json\/wp\/v2\/types\/post"}],"replies":[{"embeddable":true,"href":"https:\/\/www.rededorsaoluiz.com.br\/instituto\/idor\/wp-json\/wp\/v2\/comments?post=11140"}],"version-history":[{"count":0,"href":"https:\/\/www.rededorsaoluiz.com.br\/instituto\/idor\/wp-json\/wp\/v2\/posts\/11140\/revisions"}],"wp:featuredmedia":[{"embeddable":true,"href":"https:\/\/www.rededorsaoluiz.com.br\/instituto\/idor\/wp-json\/wp\/v2\/media\/11141"}],"wp:attachment":[{"href":"https:\/\/www.rededorsaoluiz.com.br\/instituto\/idor\/wp-json\/wp\/v2\/media?parent=11140"}],"wp:term":[{"taxonomy":"category","embeddable":true,"href":"https:\/\/www.rededorsaoluiz.com.br\/instituto\/idor\/wp-json\/wp\/v2\/categories?post=11140"},{"taxonomy":"post_tag","embeddable":true,"href":"https:\/\/www.rededorsaoluiz.com.br\/instituto\/idor\/wp-json\/wp\/v2\/tags?post=11140"}],"curies":[{"name":"wp","href":"https:\/\/api.w.org\/{rel}","templated":true}]}}