{"id":12008,"date":"2025-04-11T11:00:05","date_gmt":"2025-04-11T14:00:05","guid":{"rendered":"https:\/\/ptbr.idor.org\/idor-abre-inscricoes-para-o-curso-tecnico-em-enfermagem-no-rio-de-janeiro\/"},"modified":"2025-04-11T11:00:05","modified_gmt":"2025-04-11T14:00:05","slug":"idor-abre-inscricoes-para-o-curso-tecnico-em-enfermagem-no-rio-de-janeiro","status":"publish","type":"post","link":"https:\/\/www.rededorsaoluiz.com.br\/instituto\/idor\/idor-abre-inscricoes-para-o-curso-tecnico-em-enfermagem-no-rio-de-janeiro\/","title":{"rendered":"IDOR abre inscri\u00e7\u00f5es para o curso T\u00e9cnico em Enfermagem no Rio de Janeiro"},"content":{"rendered":"<p>O Instituto D\u2019Or de Pesquisa e Ensino (IDOR) anuncia a abertura das inscri\u00e7\u00f5es para a primeira turma do curso T\u00e9cnico em Enfermagem no Rio de Janeiro. Com in\u00edcio previsto para o dia 4 de agosto de 2025, o curso \u00e9 uma excelente oportunidade para quem deseja ingressar no setor da sa\u00fade com uma forma\u00e7\u00e3o de qualidade e forte conex\u00e3o com o mercado de trabalho.<\/p>\n<p>Segundo Ros\u00e2ngela Frateschi, coordenadora do Ensino T\u00e9cnico do IDOR, o compromisso da institui\u00e7\u00e3o vai al\u00e9m da transmiss\u00e3o de conhecimento t\u00e9cnico:<\/p>\n<p><i>&#8220;Na nossa escola t\u00e9cnica, acreditamos que formar profissionais vai muito al\u00e9m do ensino de conte\u00fado. Nosso curr\u00edculo \u00e9 inovador e foi cuidadosamente planejado para preparar t\u00e9cnicos de enfermagem com excel\u00eancia, tanto nas compet\u00eancias t\u00e9cnicas quanto nas comportamentais. O mercado da sa\u00fade exige cada vez mais profissionais \u00e9ticos, comprometidos, sens\u00edveis e tecnicamente preparados para lidar com os desafios da pr\u00e1tica. Por isso, aqui, investimos em uma forma\u00e7\u00e3o integral, que alia teoria e pr\u00e1tica com foco na realidade do trabalho. Nosso compromisso \u00e9 com a constru\u00e7\u00e3o de carreiras s\u00f3lidas e com a valoriza\u00e7\u00e3o da profiss\u00e3o, formando t\u00e9cnicos de enfermagem que realmente fa\u00e7am a diferen\u00e7a no cuidado com as pessoas.&#8221;<\/i><\/p>\n<p><b>Sobre o curso<\/b><\/p>\n<p>O curso T\u00e9cnico em Enfermagem do IDOR combina teoria e pr\u00e1tica para preparar profissionais capacitados para atuar em diversas \u00e1reas da assist\u00eancia \u00e0 sa\u00fade. Os alunos ter\u00e3o acesso a uma forma\u00e7\u00e3o h\u00edbrida, com aulas presenciais e remotas, al\u00e9m de est\u00e1gio supervisionado em hospitais e laborat\u00f3rios da Rede D\u2019Or.<\/p>\n<ul>\n<li style=\"font-weight: 400;\" aria-level=\"1\"><b>Dura\u00e7\u00e3o:<\/b> 2 anos<\/li>\n<li style=\"font-weight: 400;\" aria-level=\"1\"><b>Hor\u00e1rio das aulas:<\/b> de segunda a sexta-feira, das 18h \u00e0s 22h\n<ul>\n<li style=\"font-weight: 400;\" aria-level=\"2\">Presencialmente: segundas, quartas e quintas-feiras<\/li>\n<li style=\"font-weight: 400;\" aria-level=\"2\">Remotas: ter\u00e7as e sextas-feiras<\/li>\n<\/ul>\n<\/li>\n<li style=\"font-weight: 400;\" aria-level=\"1\"><b>Local:<\/b> Rua da Gl\u00f3ria, 122 &#8211; 3\u00ba andar \u2013 Gl\u00f3ria, RJ (pr\u00f3ximo a esta\u00e7\u00e3o de metr\u00f4 Gl\u00f3ria)<\/li>\n<\/ul>\n<p>O curso possui um valor mensal de R$ 420,00, mas novos alunos contar\u00e3o com um desconto especial de 16,5%, reduzindo a mensalidade para R$ 350,00.<\/p>\n<p>O valor inclui todo o material did\u00e1tico necess\u00e1rio ao longo do curso, al\u00e9m do Kit de Laborat\u00f3rio \u2014 n\u00e3o sendo necess\u00e1rio adquirir nenhum desses itens \u00e0 parte.<\/p>\n<p>As inscri\u00e7\u00f5es est\u00e3o abertas at\u00e9 o dia <b>28 de julho de 2025<\/b>. N\u00e3o perca a chance de dar o primeiro passo para uma carreira na \u00e1rea da sa\u00fade!<\/p>\n<p>Para mais informa\u00e7\u00f5es sobre o curso e o processo de inscri\u00e7\u00e3o, acesse a <a href=\"https:\/\/www.rededorsaoluiz.com.br\/instituto\/idor\/cursos\/tecnico-em-enfermagem-rio-de-janeiro\/\" target=\"_blank\" rel=\"noopener\">p\u00e1gina do curso<\/a> ou entre em contato com nossa equipe de atendimento:<\/p>\n<p><b>Central de Relacionamento:<\/b><\/p>\n<p><b>Telefone:<\/b> 21 3883-6000<br \/>\n<b>E-mail:<\/b> relacionamento.ensino@idor.org<\/p>\n","protected":false},"excerpt":{"rendered":"<p>O Instituto D\u2019Or de Pesquisa e Ensino (IDOR) anuncia a abertura das inscri\u00e7\u00f5es para a primeira turma do curso T\u00e9cnico em Enfermagem no Rio de Janeiro.<\/p>\n","protected":false},"author":0,"featured_media":12009,"comment_status":"open","ping_status":"open","sticky":false,"template":"","format":"standard","meta":{"_acf_changed":false,"footnotes":""},"categories":[5,191],"tags":[],"class_list":["post-12008","post","type-post","status-publish","format-standard","has-post-thumbnail","hentry","category-ensino","category-novidades"],"acf":[],"yoast_head":"<!-- This site is optimized with the Yoast SEO plugin v27.3 - https:\/\/yoast.com\/product\/yoast-seo-wordpress\/ -->\n<title>IDOR abre inscri\u00e7\u00f5es para o curso T\u00e9cnico em Enfermagem no Rio de Janeiro - IDOR - Instituto D&#039;Or de Pesquisa e Ensino<\/title>\n<link rel=\"canonical\" href=\"https:\/\/www.rededorsaoluiz.com.br\/instituto\/idor\/idor-abre-inscricoes-para-o-curso-tecnico-em-enfermagem-no-rio-de-janeiro\/\" \/>\n<meta property=\"og:locale\" content=\"pt_BR\" \/>\n<meta property=\"og:type\" content=\"article\" \/>\n<meta property=\"og:title\" content=\"IDOR abre inscri\u00e7\u00f5es para o curso T\u00e9cnico em Enfermagem no Rio de Janeiro - IDOR - Instituto D&#039;Or de Pesquisa e Ensino\" \/>\n<meta property=\"og:description\" content=\"O Instituto D\u2019Or de Pesquisa e Ensino (IDOR) anuncia a abertura das inscri\u00e7\u00f5es para a primeira turma do curso T\u00e9cnico em Enfermagem no Rio de Janeiro.\" \/>\n<meta property=\"og:url\" content=\"https:\/\/www.rededorsaoluiz.com.br\/instituto\/idor\/idor-abre-inscricoes-para-o-curso-tecnico-em-enfermagem-no-rio-de-janeiro\/\" \/>\n<meta property=\"og:site_name\" content=\"IDOR - Instituto D&#039;Or de Pesquisa e Ensino\" \/>\n<meta property=\"article:published_time\" content=\"2025-04-11T14:00:05+00:00\" \/>\n<meta property=\"og:image\" content=\"https:\/\/www.rededorsaoluiz.com.br\/instituto\/idor\/wp-content\/uploads\/2025\/04\/shutterstock_2589155765-scaled.jpg\" \/>\n\t<meta property=\"og:image:width\" content=\"2560\" \/>\n\t<meta property=\"og:image:height\" content=\"1700\" \/>\n\t<meta property=\"og:image:type\" content=\"image\/jpeg\" \/>\n<meta name=\"twitter:card\" content=\"summary_large_image\" \/>\n<meta name=\"twitter:label1\" content=\"Est. tempo de leitura\" \/>\n\t<meta name=\"twitter:data1\" content=\"2 minutos\" \/>\n<script type=\"application\/ld+json\" class=\"yoast-schema-graph\">{\"@context\":\"https:\\\/\\\/schema.org\",\"@graph\":[{\"@type\":\"Article\",\"@id\":\"https:\\\/\\\/www.rededorsaoluiz.com.br\\\/instituto\\\/idor\\\/idor-abre-inscricoes-para-o-curso-tecnico-em-enfermagem-no-rio-de-janeiro\\\/#article\",\"isPartOf\":{\"@id\":\"https:\\\/\\\/www.rededorsaoluiz.com.br\\\/instituto\\\/idor\\\/idor-abre-inscricoes-para-o-curso-tecnico-em-enfermagem-no-rio-de-janeiro\\\/\"},\"author\":{\"name\":\"\",\"@id\":\"\"},\"headline\":\"IDOR abre inscri\u00e7\u00f5es para o curso T\u00e9cnico em Enfermagem no Rio de Janeiro\",\"datePublished\":\"2025-04-11T14:00:05+00:00\",\"mainEntityOfPage\":{\"@id\":\"https:\\\/\\\/www.rededorsaoluiz.com.br\\\/instituto\\\/idor\\\/idor-abre-inscricoes-para-o-curso-tecnico-em-enfermagem-no-rio-de-janeiro\\\/\"},\"wordCount\":461,\"commentCount\":0,\"image\":{\"@id\":\"https:\\\/\\\/www.rededorsaoluiz.com.br\\\/instituto\\\/idor\\\/idor-abre-inscricoes-para-o-curso-tecnico-em-enfermagem-no-rio-de-janeiro\\\/#primaryimage\"},\"thumbnailUrl\":\"https:\\\/\\\/www.rededorsaoluiz.com.br\\\/instituto\\\/idor\\\/wp-content\\\/uploads\\\/2025\\\/04\\\/shutterstock_2589155765-scaled.jpg\",\"articleSection\":[\"Ensino\",\"Novidades\"],\"inLanguage\":\"pt-BR\",\"potentialAction\":[{\"@type\":\"CommentAction\",\"name\":\"Comment\",\"target\":[\"https:\\\/\\\/www.rededorsaoluiz.com.br\\\/instituto\\\/idor\\\/idor-abre-inscricoes-para-o-curso-tecnico-em-enfermagem-no-rio-de-janeiro\\\/#respond\"]}]},{\"@type\":\"WebPage\",\"@id\":\"https:\\\/\\\/www.rededorsaoluiz.com.br\\\/instituto\\\/idor\\\/idor-abre-inscricoes-para-o-curso-tecnico-em-enfermagem-no-rio-de-janeiro\\\/\",\"url\":\"https:\\\/\\\/www.rededorsaoluiz.com.br\\\/instituto\\\/idor\\\/idor-abre-inscricoes-para-o-curso-tecnico-em-enfermagem-no-rio-de-janeiro\\\/\",\"name\":\"IDOR abre inscri\u00e7\u00f5es para o curso T\u00e9cnico em Enfermagem no Rio de Janeiro - IDOR - Instituto D&#039;Or de Pesquisa e Ensino\",\"isPartOf\":{\"@id\":\"https:\\\/\\\/www.rededorsaoluiz.com.br\\\/instituto\\\/idor\\\/#website\"},\"primaryImageOfPage\":{\"@id\":\"https:\\\/\\\/www.rededorsaoluiz.com.br\\\/instituto\\\/idor\\\/idor-abre-inscricoes-para-o-curso-tecnico-em-enfermagem-no-rio-de-janeiro\\\/#primaryimage\"},\"image\":{\"@id\":\"https:\\\/\\\/www.rededorsaoluiz.com.br\\\/instituto\\\/idor\\\/idor-abre-inscricoes-para-o-curso-tecnico-em-enfermagem-no-rio-de-janeiro\\\/#primaryimage\"},\"thumbnailUrl\":\"https:\\\/\\\/www.rededorsaoluiz.com.br\\\/instituto\\\/idor\\\/wp-content\\\/uploads\\\/2025\\\/04\\\/shutterstock_2589155765-scaled.jpg\",\"datePublished\":\"2025-04-11T14:00:05+00:00\",\"author\":{\"@id\":\"\"},\"breadcrumb\":{\"@id\":\"https:\\\/\\\/www.rededorsaoluiz.com.br\\\/instituto\\\/idor\\\/idor-abre-inscricoes-para-o-curso-tecnico-em-enfermagem-no-rio-de-janeiro\\\/#breadcrumb\"},\"inLanguage\":\"pt-BR\",\"potentialAction\":[{\"@type\":\"ReadAction\",\"target\":[\"https:\\\/\\\/www.rededorsaoluiz.com.br\\\/instituto\\\/idor\\\/idor-abre-inscricoes-para-o-curso-tecnico-em-enfermagem-no-rio-de-janeiro\\\/\"]}]},{\"@type\":\"ImageObject\",\"inLanguage\":\"pt-BR\",\"@id\":\"https:\\\/\\\/www.rededorsaoluiz.com.br\\\/instituto\\\/idor\\\/idor-abre-inscricoes-para-o-curso-tecnico-em-enfermagem-no-rio-de-janeiro\\\/#primaryimage\",\"url\":\"https:\\\/\\\/www.rededorsaoluiz.com.br\\\/instituto\\\/idor\\\/wp-content\\\/uploads\\\/2025\\\/04\\\/shutterstock_2589155765-scaled.jpg\",\"contentUrl\":\"https:\\\/\\\/www.rededorsaoluiz.com.br\\\/instituto\\\/idor\\\/wp-content\\\/uploads\\\/2025\\\/04\\\/shutterstock_2589155765-scaled.jpg\",\"width\":2560,\"height\":1700},{\"@type\":\"BreadcrumbList\",\"@id\":\"https:\\\/\\\/www.rededorsaoluiz.com.br\\\/instituto\\\/idor\\\/idor-abre-inscricoes-para-o-curso-tecnico-em-enfermagem-no-rio-de-janeiro\\\/#breadcrumb\",\"itemListElement\":[{\"@type\":\"ListItem\",\"position\":1,\"name\":\"In\u00edcio\",\"item\":\"https:\\\/\\\/www.rededorsaoluiz.com.br\\\/instituto\\\/idor\\\/\"},{\"@type\":\"ListItem\",\"position\":2,\"name\":\"IDOR abre inscri\u00e7\u00f5es para o curso T\u00e9cnico em Enfermagem no Rio de Janeiro\"}]},{\"@type\":\"WebSite\",\"@id\":\"https:\\\/\\\/www.rededorsaoluiz.com.br\\\/instituto\\\/idor\\\/#website\",\"url\":\"https:\\\/\\\/www.rededorsaoluiz.com.br\\\/instituto\\\/idor\\\/\",\"name\":\"IDOR - Instituto D&#039;Or de Pesquisa e Ensino\",\"description\":\"\",\"potentialAction\":[{\"@type\":\"SearchAction\",\"target\":{\"@type\":\"EntryPoint\",\"urlTemplate\":\"https:\\\/\\\/www.rededorsaoluiz.com.br\\\/instituto\\\/idor\\\/?s={search_term_string}\"},\"query-input\":{\"@type\":\"PropertyValueSpecification\",\"valueRequired\":true,\"valueName\":\"search_term_string\"}}],\"inLanguage\":\"pt-BR\"}]}<\/script>\n<!-- \/ Yoast SEO plugin. -->","yoast_head_json":{"title":"IDOR abre inscri\u00e7\u00f5es para o curso T\u00e9cnico em Enfermagem no Rio de Janeiro - IDOR - Instituto D&#039;Or de Pesquisa e Ensino","canonical":"https:\/\/www.rededorsaoluiz.com.br\/instituto\/idor\/idor-abre-inscricoes-para-o-curso-tecnico-em-enfermagem-no-rio-de-janeiro\/","og_locale":"pt_BR","og_type":"article","og_title":"IDOR abre inscri\u00e7\u00f5es para o curso T\u00e9cnico em Enfermagem no Rio de Janeiro - IDOR - Instituto D&#039;Or de Pesquisa e Ensino","og_description":"O Instituto D\u2019Or de Pesquisa e Ensino (IDOR) anuncia a abertura das inscri\u00e7\u00f5es para a primeira turma do curso T\u00e9cnico em Enfermagem no Rio de Janeiro.","og_url":"https:\/\/www.rededorsaoluiz.com.br\/instituto\/idor\/idor-abre-inscricoes-para-o-curso-tecnico-em-enfermagem-no-rio-de-janeiro\/","og_site_name":"IDOR - Instituto D&#039;Or de Pesquisa e Ensino","article_published_time":"2025-04-11T14:00:05+00:00","og_image":[{"width":2560,"height":1700,"url":"https:\/\/www.rededorsaoluiz.com.br\/instituto\/idor\/wp-content\/uploads\/2025\/04\/shutterstock_2589155765-scaled.jpg","type":"image\/jpeg"}],"twitter_card":"summary_large_image","twitter_misc":{"Est. tempo de leitura":"2 minutos"},"schema":{"@context":"https:\/\/schema.org","@graph":[{"@type":"Article","@id":"https:\/\/www.rededorsaoluiz.com.br\/instituto\/idor\/idor-abre-inscricoes-para-o-curso-tecnico-em-enfermagem-no-rio-de-janeiro\/#article","isPartOf":{"@id":"https:\/\/www.rededorsaoluiz.com.br\/instituto\/idor\/idor-abre-inscricoes-para-o-curso-tecnico-em-enfermagem-no-rio-de-janeiro\/"},"author":{"name":"","@id":""},"headline":"IDOR abre inscri\u00e7\u00f5es para o curso T\u00e9cnico em Enfermagem no Rio de Janeiro","datePublished":"2025-04-11T14:00:05+00:00","mainEntityOfPage":{"@id":"https:\/\/www.rededorsaoluiz.com.br\/instituto\/idor\/idor-abre-inscricoes-para-o-curso-tecnico-em-enfermagem-no-rio-de-janeiro\/"},"wordCount":461,"commentCount":0,"image":{"@id":"https:\/\/www.rededorsaoluiz.com.br\/instituto\/idor\/idor-abre-inscricoes-para-o-curso-tecnico-em-enfermagem-no-rio-de-janeiro\/#primaryimage"},"thumbnailUrl":"https:\/\/www.rededorsaoluiz.com.br\/instituto\/idor\/wp-content\/uploads\/2025\/04\/shutterstock_2589155765-scaled.jpg","articleSection":["Ensino","Novidades"],"inLanguage":"pt-BR","potentialAction":[{"@type":"CommentAction","name":"Comment","target":["https:\/\/www.rededorsaoluiz.com.br\/instituto\/idor\/idor-abre-inscricoes-para-o-curso-tecnico-em-enfermagem-no-rio-de-janeiro\/#respond"]}]},{"@type":"WebPage","@id":"https:\/\/www.rededorsaoluiz.com.br\/instituto\/idor\/idor-abre-inscricoes-para-o-curso-tecnico-em-enfermagem-no-rio-de-janeiro\/","url":"https:\/\/www.rededorsaoluiz.com.br\/instituto\/idor\/idor-abre-inscricoes-para-o-curso-tecnico-em-enfermagem-no-rio-de-janeiro\/","name":"IDOR abre inscri\u00e7\u00f5es para o curso T\u00e9cnico em Enfermagem no Rio de Janeiro - IDOR - Instituto D&#039;Or de Pesquisa e Ensino","isPartOf":{"@id":"https:\/\/www.rededorsaoluiz.com.br\/instituto\/idor\/#website"},"primaryImageOfPage":{"@id":"https:\/\/www.rededorsaoluiz.com.br\/instituto\/idor\/idor-abre-inscricoes-para-o-curso-tecnico-em-enfermagem-no-rio-de-janeiro\/#primaryimage"},"image":{"@id":"https:\/\/www.rededorsaoluiz.com.br\/instituto\/idor\/idor-abre-inscricoes-para-o-curso-tecnico-em-enfermagem-no-rio-de-janeiro\/#primaryimage"},"thumbnailUrl":"https:\/\/www.rededorsaoluiz.com.br\/instituto\/idor\/wp-content\/uploads\/2025\/04\/shutterstock_2589155765-scaled.jpg","datePublished":"2025-04-11T14:00:05+00:00","author":{"@id":""},"breadcrumb":{"@id":"https:\/\/www.rededorsaoluiz.com.br\/instituto\/idor\/idor-abre-inscricoes-para-o-curso-tecnico-em-enfermagem-no-rio-de-janeiro\/#breadcrumb"},"inLanguage":"pt-BR","potentialAction":[{"@type":"ReadAction","target":["https:\/\/www.rededorsaoluiz.com.br\/instituto\/idor\/idor-abre-inscricoes-para-o-curso-tecnico-em-enfermagem-no-rio-de-janeiro\/"]}]},{"@type":"ImageObject","inLanguage":"pt-BR","@id":"https:\/\/www.rededorsaoluiz.com.br\/instituto\/idor\/idor-abre-inscricoes-para-o-curso-tecnico-em-enfermagem-no-rio-de-janeiro\/#primaryimage","url":"https:\/\/www.rededorsaoluiz.com.br\/instituto\/idor\/wp-content\/uploads\/2025\/04\/shutterstock_2589155765-scaled.jpg","contentUrl":"https:\/\/www.rededorsaoluiz.com.br\/instituto\/idor\/wp-content\/uploads\/2025\/04\/shutterstock_2589155765-scaled.jpg","width":2560,"height":1700},{"@type":"BreadcrumbList","@id":"https:\/\/www.rededorsaoluiz.com.br\/instituto\/idor\/idor-abre-inscricoes-para-o-curso-tecnico-em-enfermagem-no-rio-de-janeiro\/#breadcrumb","itemListElement":[{"@type":"ListItem","position":1,"name":"In\u00edcio","item":"https:\/\/www.rededorsaoluiz.com.br\/instituto\/idor\/"},{"@type":"ListItem","position":2,"name":"IDOR abre inscri\u00e7\u00f5es para o curso T\u00e9cnico em Enfermagem no Rio de Janeiro"}]},{"@type":"WebSite","@id":"https:\/\/www.rededorsaoluiz.com.br\/instituto\/idor\/#website","url":"https:\/\/www.rededorsaoluiz.com.br\/instituto\/idor\/","name":"IDOR - Instituto D&#039;Or de Pesquisa e Ensino","description":"","potentialAction":[{"@type":"SearchAction","target":{"@type":"EntryPoint","urlTemplate":"https:\/\/www.rededorsaoluiz.com.br\/instituto\/idor\/?s={search_term_string}"},"query-input":{"@type":"PropertyValueSpecification","valueRequired":true,"valueName":"search_term_string"}}],"inLanguage":"pt-BR"}]}},"_links":{"self":[{"href":"https:\/\/www.rededorsaoluiz.com.br\/instituto\/idor\/wp-json\/wp\/v2\/posts\/12008","targetHints":{"allow":["GET"]}}],"collection":[{"href":"https:\/\/www.rededorsaoluiz.com.br\/instituto\/idor\/wp-json\/wp\/v2\/posts"}],"about":[{"href":"https:\/\/www.rededorsaoluiz.com.br\/instituto\/idor\/wp-json\/wp\/v2\/types\/post"}],"replies":[{"embeddable":true,"href":"https:\/\/www.rededorsaoluiz.com.br\/instituto\/idor\/wp-json\/wp\/v2\/comments?post=12008"}],"version-history":[{"count":0,"href":"https:\/\/www.rededorsaoluiz.com.br\/instituto\/idor\/wp-json\/wp\/v2\/posts\/12008\/revisions"}],"wp:featuredmedia":[{"embeddable":true,"href":"https:\/\/www.rededorsaoluiz.com.br\/instituto\/idor\/wp-json\/wp\/v2\/media\/12009"}],"wp:attachment":[{"href":"https:\/\/www.rededorsaoluiz.com.br\/instituto\/idor\/wp-json\/wp\/v2\/media?parent=12008"}],"wp:term":[{"taxonomy":"category","embeddable":true,"href":"https:\/\/www.rededorsaoluiz.com.br\/instituto\/idor\/wp-json\/wp\/v2\/categories?post=12008"},{"taxonomy":"post_tag","embeddable":true,"href":"https:\/\/www.rededorsaoluiz.com.br\/instituto\/idor\/wp-json\/wp\/v2\/tags?post=12008"}],"curies":[{"name":"wp","href":"https:\/\/api.w.org\/{rel}","templated":true}]}}