{"id":12028,"date":"2025-04-24T19:38:56","date_gmt":"2025-04-24T22:38:56","guid":{"rendered":"https:\/\/ptbr.idor.org\/idor-na-midia-jbfm-recebeu-a-dra-fernanda-tovar-moll-presidente-do-idor-para-um-bate-papo-sobre-ciencia-cerebro-humano-e-o-impacto-da-pesquisa-na-vida-das-pessoas\/"},"modified":"2025-04-24T19:38:56","modified_gmt":"2025-04-24T22:38:56","slug":"idor-na-midia-jbfm-recebeu-a-dra-fernanda-tovar-moll-presidente-do-idor-para-um-bate-papo-sobre-ciencia-cerebro-humano-e-o-impacto-da-pesquisa-na-vida-das-pessoas","status":"publish","type":"post","link":"https:\/\/www.rededorsaoluiz.com.br\/instituto\/idor\/idor-na-midia-jbfm-recebeu-a-dra-fernanda-tovar-moll-presidente-do-idor-para-um-bate-papo-sobre-ciencia-cerebro-humano-e-o-impacto-da-pesquisa-na-vida-das-pessoas\/","title":{"rendered":"IDOR na M\u00eddia: JBFM recebeu a Dra. Fernanda Tovar-Moll, presidente do IDOR, para um bate-papo sobre ci\u00eancia, c\u00e9rebro humano e o impacto da pesquisa na vida das pessoas"},"content":{"rendered":"<p data-prosemirror-content-type=\"node\" data-prosemirror-node-name=\"paragraph\" data-prosemirror-node-block=\"true\" data-pm-slice=\"1 1 []\">Na entrevista, Dra. Fernanda relembrou momentos marcantes de sua carreira, a ci\u00eancia brasileira no cen\u00e1rio internacional, o papel do IDOR na produ\u00e7\u00e3o de conhecimento de ponta e o impacto social das descobertas sobre o c\u00e9rebro humano.<\/p>\n<p data-prosemirror-content-type=\"node\" data-prosemirror-node-name=\"paragraph\" data-prosemirror-node-block=\"true\" data-pm-slice=\"1 1 []\">Ela falou ainda sobre sua paix\u00e3o pela ci\u00eancia como ferramenta de transforma\u00e7\u00e3o, seu compromisso com a educa\u00e7\u00e3o e a import\u00e2ncia de incentivar jovens pesquisadores no pa\u00eds.<\/p>\n<p data-prosemirror-content-type=\"node\" data-prosemirror-node-name=\"paragraph\" data-prosemirror-node-block=\"true\" data-pm-slice=\"1 1 []\"><a href=\"https:\/\/youtu.be\/BQM71IiR6fo\">Confira!<\/a><\/p>\n","protected":false},"excerpt":{"rendered":"<p>Na entrevista, Dra. Fernanda relembrou momentos marcantes de sua carreira, a ci\u00eancia brasileira no cen\u00e1rio internacional<\/p>\n","protected":false},"author":0,"featured_media":0,"comment_status":"open","ping_status":"open","sticky":false,"template":"","format":"standard","meta":{"_acf_changed":false,"footnotes":""},"categories":[195,210,191,190],"tags":[],"class_list":["post-12028","post","type-post","status-publish","format-standard","hentry","category-imprensa","category-institucional","category-novidades","category-pesquisa"],"acf":[],"yoast_head":"<!-- This site is optimized with the Yoast SEO plugin v27.3 - https:\/\/yoast.com\/product\/yoast-seo-wordpress\/ -->\n<title>IDOR na M\u00eddia: JBFM recebeu a Dra. Fernanda Tovar-Moll, presidente do IDOR, para um bate-papo sobre ci\u00eancia, c\u00e9rebro humano e o impacto da pesquisa na vida das pessoas - IDOR - Instituto D&#039;Or de Pesquisa e Ensino<\/title>\n<link rel=\"canonical\" href=\"https:\/\/www.rededorsaoluiz.com.br\/instituto\/idor\/idor-na-midia-jbfm-recebeu-a-dra-fernanda-tovar-moll-presidente-do-idor-para-um-bate-papo-sobre-ciencia-cerebro-humano-e-o-impacto-da-pesquisa-na-vida-das-pessoas\/\" \/>\n<meta property=\"og:locale\" content=\"pt_BR\" \/>\n<meta property=\"og:type\" content=\"article\" \/>\n<meta property=\"og:title\" content=\"IDOR na M\u00eddia: JBFM recebeu a Dra. Fernanda Tovar-Moll, presidente do IDOR, para um bate-papo sobre ci\u00eancia, c\u00e9rebro humano e o impacto da pesquisa na vida das pessoas - IDOR - Instituto D&#039;Or de Pesquisa e Ensino\" \/>\n<meta property=\"og:description\" content=\"Na entrevista, Dra. Fernanda relembrou momentos marcantes de sua carreira, a ci\u00eancia brasileira no cen\u00e1rio internacional\" \/>\n<meta property=\"og:url\" content=\"https:\/\/www.rededorsaoluiz.com.br\/instituto\/idor\/idor-na-midia-jbfm-recebeu-a-dra-fernanda-tovar-moll-presidente-do-idor-para-um-bate-papo-sobre-ciencia-cerebro-humano-e-o-impacto-da-pesquisa-na-vida-das-pessoas\/\" \/>\n<meta property=\"og:site_name\" content=\"IDOR - Instituto D&#039;Or de Pesquisa e Ensino\" \/>\n<meta property=\"article:published_time\" content=\"2025-04-24T22:38:56+00:00\" \/>\n<meta name=\"twitter:card\" content=\"summary_large_image\" \/>\n<script type=\"application\/ld+json\" class=\"yoast-schema-graph\">{\"@context\":\"https:\\\/\\\/schema.org\",\"@graph\":[{\"@type\":\"Article\",\"@id\":\"https:\\\/\\\/www.rededorsaoluiz.com.br\\\/instituto\\\/idor\\\/idor-na-midia-jbfm-recebeu-a-dra-fernanda-tovar-moll-presidente-do-idor-para-um-bate-papo-sobre-ciencia-cerebro-humano-e-o-impacto-da-pesquisa-na-vida-das-pessoas\\\/#article\",\"isPartOf\":{\"@id\":\"https:\\\/\\\/www.rededorsaoluiz.com.br\\\/instituto\\\/idor\\\/idor-na-midia-jbfm-recebeu-a-dra-fernanda-tovar-moll-presidente-do-idor-para-um-bate-papo-sobre-ciencia-cerebro-humano-e-o-impacto-da-pesquisa-na-vida-das-pessoas\\\/\"},\"author\":{\"name\":\"\",\"@id\":\"\"},\"headline\":\"IDOR na M\u00eddia: JBFM recebeu a Dra. Fernanda Tovar-Moll, presidente do IDOR, para um bate-papo sobre ci\u00eancia, c\u00e9rebro humano e o impacto da pesquisa na vida das pessoas\",\"datePublished\":\"2025-04-24T22:38:56+00:00\",\"mainEntityOfPage\":{\"@id\":\"https:\\\/\\\/www.rededorsaoluiz.com.br\\\/instituto\\\/idor\\\/idor-na-midia-jbfm-recebeu-a-dra-fernanda-tovar-moll-presidente-do-idor-para-um-bate-papo-sobre-ciencia-cerebro-humano-e-o-impacto-da-pesquisa-na-vida-das-pessoas\\\/\"},\"wordCount\":104,\"commentCount\":0,\"articleSection\":[\"Imprensa\",\"Institucional\",\"Novidades\",\"Pesquisa\"],\"inLanguage\":\"pt-BR\",\"potentialAction\":[{\"@type\":\"CommentAction\",\"name\":\"Comment\",\"target\":[\"https:\\\/\\\/www.rededorsaoluiz.com.br\\\/instituto\\\/idor\\\/idor-na-midia-jbfm-recebeu-a-dra-fernanda-tovar-moll-presidente-do-idor-para-um-bate-papo-sobre-ciencia-cerebro-humano-e-o-impacto-da-pesquisa-na-vida-das-pessoas\\\/#respond\"]}]},{\"@type\":\"WebPage\",\"@id\":\"https:\\\/\\\/www.rededorsaoluiz.com.br\\\/instituto\\\/idor\\\/idor-na-midia-jbfm-recebeu-a-dra-fernanda-tovar-moll-presidente-do-idor-para-um-bate-papo-sobre-ciencia-cerebro-humano-e-o-impacto-da-pesquisa-na-vida-das-pessoas\\\/\",\"url\":\"https:\\\/\\\/www.rededorsaoluiz.com.br\\\/instituto\\\/idor\\\/idor-na-midia-jbfm-recebeu-a-dra-fernanda-tovar-moll-presidente-do-idor-para-um-bate-papo-sobre-ciencia-cerebro-humano-e-o-impacto-da-pesquisa-na-vida-das-pessoas\\\/\",\"name\":\"IDOR na M\u00eddia: JBFM recebeu a Dra. Fernanda Tovar-Moll, presidente do IDOR, para um bate-papo sobre ci\u00eancia, c\u00e9rebro humano e o impacto da pesquisa na vida das pessoas - IDOR - Instituto D&#039;Or de Pesquisa e Ensino\",\"isPartOf\":{\"@id\":\"https:\\\/\\\/www.rededorsaoluiz.com.br\\\/instituto\\\/idor\\\/#website\"},\"datePublished\":\"2025-04-24T22:38:56+00:00\",\"author\":{\"@id\":\"\"},\"breadcrumb\":{\"@id\":\"https:\\\/\\\/www.rededorsaoluiz.com.br\\\/instituto\\\/idor\\\/idor-na-midia-jbfm-recebeu-a-dra-fernanda-tovar-moll-presidente-do-idor-para-um-bate-papo-sobre-ciencia-cerebro-humano-e-o-impacto-da-pesquisa-na-vida-das-pessoas\\\/#breadcrumb\"},\"inLanguage\":\"pt-BR\",\"potentialAction\":[{\"@type\":\"ReadAction\",\"target\":[\"https:\\\/\\\/www.rededorsaoluiz.com.br\\\/instituto\\\/idor\\\/idor-na-midia-jbfm-recebeu-a-dra-fernanda-tovar-moll-presidente-do-idor-para-um-bate-papo-sobre-ciencia-cerebro-humano-e-o-impacto-da-pesquisa-na-vida-das-pessoas\\\/\"]}]},{\"@type\":\"BreadcrumbList\",\"@id\":\"https:\\\/\\\/www.rededorsaoluiz.com.br\\\/instituto\\\/idor\\\/idor-na-midia-jbfm-recebeu-a-dra-fernanda-tovar-moll-presidente-do-idor-para-um-bate-papo-sobre-ciencia-cerebro-humano-e-o-impacto-da-pesquisa-na-vida-das-pessoas\\\/#breadcrumb\",\"itemListElement\":[{\"@type\":\"ListItem\",\"position\":1,\"name\":\"In\u00edcio\",\"item\":\"https:\\\/\\\/www.rededorsaoluiz.com.br\\\/instituto\\\/idor\\\/\"},{\"@type\":\"ListItem\",\"position\":2,\"name\":\"IDOR na M\u00eddia: JBFM recebeu a Dra. Fernanda Tovar-Moll, presidente do IDOR, para um bate-papo sobre ci\u00eancia, c\u00e9rebro humano e o impacto da pesquisa na vida das pessoas\"}]},{\"@type\":\"WebSite\",\"@id\":\"https:\\\/\\\/www.rededorsaoluiz.com.br\\\/instituto\\\/idor\\\/#website\",\"url\":\"https:\\\/\\\/www.rededorsaoluiz.com.br\\\/instituto\\\/idor\\\/\",\"name\":\"IDOR - Instituto D&#039;Or de Pesquisa e Ensino\",\"description\":\"\",\"potentialAction\":[{\"@type\":\"SearchAction\",\"target\":{\"@type\":\"EntryPoint\",\"urlTemplate\":\"https:\\\/\\\/www.rededorsaoluiz.com.br\\\/instituto\\\/idor\\\/?s={search_term_string}\"},\"query-input\":{\"@type\":\"PropertyValueSpecification\",\"valueRequired\":true,\"valueName\":\"search_term_string\"}}],\"inLanguage\":\"pt-BR\"}]}<\/script>\n<!-- \/ Yoast SEO plugin. -->","yoast_head_json":{"title":"IDOR na M\u00eddia: JBFM recebeu a Dra. Fernanda Tovar-Moll, presidente do IDOR, para um bate-papo sobre ci\u00eancia, c\u00e9rebro humano e o impacto da pesquisa na vida das pessoas - IDOR - Instituto D&#039;Or de Pesquisa e Ensino","canonical":"https:\/\/www.rededorsaoluiz.com.br\/instituto\/idor\/idor-na-midia-jbfm-recebeu-a-dra-fernanda-tovar-moll-presidente-do-idor-para-um-bate-papo-sobre-ciencia-cerebro-humano-e-o-impacto-da-pesquisa-na-vida-das-pessoas\/","og_locale":"pt_BR","og_type":"article","og_title":"IDOR na M\u00eddia: JBFM recebeu a Dra. Fernanda Tovar-Moll, presidente do IDOR, para um bate-papo sobre ci\u00eancia, c\u00e9rebro humano e o impacto da pesquisa na vida das pessoas - IDOR - Instituto D&#039;Or de Pesquisa e Ensino","og_description":"Na entrevista, Dra. Fernanda relembrou momentos marcantes de sua carreira, a ci\u00eancia brasileira no cen\u00e1rio internacional","og_url":"https:\/\/www.rededorsaoluiz.com.br\/instituto\/idor\/idor-na-midia-jbfm-recebeu-a-dra-fernanda-tovar-moll-presidente-do-idor-para-um-bate-papo-sobre-ciencia-cerebro-humano-e-o-impacto-da-pesquisa-na-vida-das-pessoas\/","og_site_name":"IDOR - Instituto D&#039;Or de Pesquisa e Ensino","article_published_time":"2025-04-24T22:38:56+00:00","twitter_card":"summary_large_image","schema":{"@context":"https:\/\/schema.org","@graph":[{"@type":"Article","@id":"https:\/\/www.rededorsaoluiz.com.br\/instituto\/idor\/idor-na-midia-jbfm-recebeu-a-dra-fernanda-tovar-moll-presidente-do-idor-para-um-bate-papo-sobre-ciencia-cerebro-humano-e-o-impacto-da-pesquisa-na-vida-das-pessoas\/#article","isPartOf":{"@id":"https:\/\/www.rededorsaoluiz.com.br\/instituto\/idor\/idor-na-midia-jbfm-recebeu-a-dra-fernanda-tovar-moll-presidente-do-idor-para-um-bate-papo-sobre-ciencia-cerebro-humano-e-o-impacto-da-pesquisa-na-vida-das-pessoas\/"},"author":{"name":"","@id":""},"headline":"IDOR na M\u00eddia: JBFM recebeu a Dra. Fernanda Tovar-Moll, presidente do IDOR, para um bate-papo sobre ci\u00eancia, c\u00e9rebro humano e o impacto da pesquisa na vida das pessoas","datePublished":"2025-04-24T22:38:56+00:00","mainEntityOfPage":{"@id":"https:\/\/www.rededorsaoluiz.com.br\/instituto\/idor\/idor-na-midia-jbfm-recebeu-a-dra-fernanda-tovar-moll-presidente-do-idor-para-um-bate-papo-sobre-ciencia-cerebro-humano-e-o-impacto-da-pesquisa-na-vida-das-pessoas\/"},"wordCount":104,"commentCount":0,"articleSection":["Imprensa","Institucional","Novidades","Pesquisa"],"inLanguage":"pt-BR","potentialAction":[{"@type":"CommentAction","name":"Comment","target":["https:\/\/www.rededorsaoluiz.com.br\/instituto\/idor\/idor-na-midia-jbfm-recebeu-a-dra-fernanda-tovar-moll-presidente-do-idor-para-um-bate-papo-sobre-ciencia-cerebro-humano-e-o-impacto-da-pesquisa-na-vida-das-pessoas\/#respond"]}]},{"@type":"WebPage","@id":"https:\/\/www.rededorsaoluiz.com.br\/instituto\/idor\/idor-na-midia-jbfm-recebeu-a-dra-fernanda-tovar-moll-presidente-do-idor-para-um-bate-papo-sobre-ciencia-cerebro-humano-e-o-impacto-da-pesquisa-na-vida-das-pessoas\/","url":"https:\/\/www.rededorsaoluiz.com.br\/instituto\/idor\/idor-na-midia-jbfm-recebeu-a-dra-fernanda-tovar-moll-presidente-do-idor-para-um-bate-papo-sobre-ciencia-cerebro-humano-e-o-impacto-da-pesquisa-na-vida-das-pessoas\/","name":"IDOR na M\u00eddia: JBFM recebeu a Dra. Fernanda Tovar-Moll, presidente do IDOR, para um bate-papo sobre ci\u00eancia, c\u00e9rebro humano e o impacto da pesquisa na vida das pessoas - IDOR - Instituto D&#039;Or de Pesquisa e Ensino","isPartOf":{"@id":"https:\/\/www.rededorsaoluiz.com.br\/instituto\/idor\/#website"},"datePublished":"2025-04-24T22:38:56+00:00","author":{"@id":""},"breadcrumb":{"@id":"https:\/\/www.rededorsaoluiz.com.br\/instituto\/idor\/idor-na-midia-jbfm-recebeu-a-dra-fernanda-tovar-moll-presidente-do-idor-para-um-bate-papo-sobre-ciencia-cerebro-humano-e-o-impacto-da-pesquisa-na-vida-das-pessoas\/#breadcrumb"},"inLanguage":"pt-BR","potentialAction":[{"@type":"ReadAction","target":["https:\/\/www.rededorsaoluiz.com.br\/instituto\/idor\/idor-na-midia-jbfm-recebeu-a-dra-fernanda-tovar-moll-presidente-do-idor-para-um-bate-papo-sobre-ciencia-cerebro-humano-e-o-impacto-da-pesquisa-na-vida-das-pessoas\/"]}]},{"@type":"BreadcrumbList","@id":"https:\/\/www.rededorsaoluiz.com.br\/instituto\/idor\/idor-na-midia-jbfm-recebeu-a-dra-fernanda-tovar-moll-presidente-do-idor-para-um-bate-papo-sobre-ciencia-cerebro-humano-e-o-impacto-da-pesquisa-na-vida-das-pessoas\/#breadcrumb","itemListElement":[{"@type":"ListItem","position":1,"name":"In\u00edcio","item":"https:\/\/www.rededorsaoluiz.com.br\/instituto\/idor\/"},{"@type":"ListItem","position":2,"name":"IDOR na M\u00eddia: JBFM recebeu a Dra. Fernanda Tovar-Moll, presidente do IDOR, para um bate-papo sobre ci\u00eancia, c\u00e9rebro humano e o impacto da pesquisa na vida das pessoas"}]},{"@type":"WebSite","@id":"https:\/\/www.rededorsaoluiz.com.br\/instituto\/idor\/#website","url":"https:\/\/www.rededorsaoluiz.com.br\/instituto\/idor\/","name":"IDOR - Instituto D&#039;Or de Pesquisa e Ensino","description":"","potentialAction":[{"@type":"SearchAction","target":{"@type":"EntryPoint","urlTemplate":"https:\/\/www.rededorsaoluiz.com.br\/instituto\/idor\/?s={search_term_string}"},"query-input":{"@type":"PropertyValueSpecification","valueRequired":true,"valueName":"search_term_string"}}],"inLanguage":"pt-BR"}]}},"_links":{"self":[{"href":"https:\/\/www.rededorsaoluiz.com.br\/instituto\/idor\/wp-json\/wp\/v2\/posts\/12028","targetHints":{"allow":["GET"]}}],"collection":[{"href":"https:\/\/www.rededorsaoluiz.com.br\/instituto\/idor\/wp-json\/wp\/v2\/posts"}],"about":[{"href":"https:\/\/www.rededorsaoluiz.com.br\/instituto\/idor\/wp-json\/wp\/v2\/types\/post"}],"replies":[{"embeddable":true,"href":"https:\/\/www.rededorsaoluiz.com.br\/instituto\/idor\/wp-json\/wp\/v2\/comments?post=12028"}],"version-history":[{"count":0,"href":"https:\/\/www.rededorsaoluiz.com.br\/instituto\/idor\/wp-json\/wp\/v2\/posts\/12028\/revisions"}],"wp:attachment":[{"href":"https:\/\/www.rededorsaoluiz.com.br\/instituto\/idor\/wp-json\/wp\/v2\/media?parent=12028"}],"wp:term":[{"taxonomy":"category","embeddable":true,"href":"https:\/\/www.rededorsaoluiz.com.br\/instituto\/idor\/wp-json\/wp\/v2\/categories?post=12028"},{"taxonomy":"post_tag","embeddable":true,"href":"https:\/\/www.rededorsaoluiz.com.br\/instituto\/idor\/wp-json\/wp\/v2\/tags?post=12028"}],"curies":[{"name":"wp","href":"https:\/\/api.w.org\/{rel}","templated":true}]}}