{"id":12144,"date":"2025-06-30T11:00:58","date_gmt":"2025-06-30T14:00:58","guid":{"rendered":"https:\/\/ptbr.idor.org\/a-inflamacao-conecta-sintomas-neurologicos-da-covid-19-com-alteracoes-moleculares-associadas-ao-alzheimer-mostra-estudo-do-idor\/"},"modified":"2025-06-30T11:00:58","modified_gmt":"2025-06-30T14:00:58","slug":"a-inflamacao-conecta-sintomas-neurologicos-da-covid-19-com-alteracoes-moleculares-associadas-ao-alzheimer-mostra-estudo-do-idor","status":"publish","type":"post","link":"https:\/\/www.rededorsaoluiz.com.br\/instituto\/idor\/a-inflamacao-conecta-sintomas-neurologicos-da-covid-19-com-alteracoes-moleculares-associadas-ao-alzheimer-mostra-estudo-do-idor\/","title":{"rendered":"A inflama\u00e7\u00e3o conecta sintomas neurol\u00f3gicos da Covid-19 com altera\u00e7\u00f5es moleculares associadas ao Alzheimer, mostra estudo do IDOR"},"content":{"rendered":"<p><em>Novo estudo compara padr\u00f5es moleculares no l\u00edquor de pacientes com Covid-19 e doen\u00e7a de Alzheimer, apontando poss\u00edveis conex\u00f5es entre as duas condi\u00e7\u00f5es.<\/em><\/p>\n<p>A infec\u00e7\u00e3o pelo SARS-CoV-2 \u00e9 conhecida por causar sintomas neurol\u00f3gicos agudos, como dores de cabe\u00e7a, encefalopatia e eventos cerebrovasculares, al\u00e9m de sequelas de longo prazo, incluindo altera\u00e7\u00f5es cognitivas e de humor. Diante do papel central da inflama\u00e7\u00e3o tanto na Covid-19 quanto na doen\u00e7a de Alzheimer (DA), pesquisadores do Instituto D\u2019Or de Pesquisa e Ensino (IDOR), Universidade Federal do Rio de Janeiro (UFRJ), Queen\u2019s University (Canad\u00e1) e Neurolife levantaram a hip\u00f3tese de que as duas doen\u00e7as poderiam estar conectadas. Os resultados foram publicados recentemente na revista <a href=\"https:\/\/doi.org\/10.1016\/j.bbih.2025.101007\"><em>Brain, Behavior, &amp; Immunity \u2013 Health.<\/em><\/a><\/p>\n<p><a href=\"https:\/\/www.rededorsaoluiz.com.br\/instituto\/idor\/a-inflamacao-pode-conectar-a-gravidade-da-covid-19-ao-surgimento-de-sintomas-neurologicos\/\">Estudos anteriores do grupo mostraram que a inflama\u00e7\u00e3o poderia estar por tr\u00e1s de altera\u00e7\u00f5es neurol\u00f3gicas e de neuroimagem em pacientes com Covid-19.<\/a> Mas ainda n\u00e3o estava claro se pacientes com COVID-19 que desenvolvem altera\u00e7\u00f5es neurol\u00f3gicas j\u00e1 apresentavam a DA em um est\u00e1gio pr\u00e9-cl\u00ednico, ainda n\u00e3o diagnosticado. Para responder a essa pergunta, o estudo comparou padr\u00f5es moleculares no l\u00edquor de pacientes hospitalizados com Covid-19 e sintomas neurol\u00f3gicos, e pacientes com a doen\u00e7a de Alzheimer.<\/p>\n<p>O l\u00edquor \u00e9 um l\u00edquido presente nas cavidades do c\u00e9rebro e na medula espinhal e tem um papel fundamental no fornecimento de nutrientes essenciais e na remo\u00e7\u00e3o de res\u00edduos resultantes da atividade cerebral. Mol\u00e9culas (biomarcadores) presentes no l\u00edquor podem indicar o in\u00edcio da doen\u00e7a de Alzheimer antes do aparecimento dos sintomas. A hip\u00f3tese era de que a inflama\u00e7\u00e3o sist\u00eamica causada pela Covid-19 grave poderia induzir processos neurodegenerativos significativos, mesmo em indiv\u00edduos sem diagn\u00f3stico pr\u00e9vio de dem\u00eancia.<\/p>\n<p>Os pesquisadores analisaram biomarcadores no l\u00edquor associados a inflama\u00e7\u00e3o do sistema nervoso central (interleucina-6, ou IL-6), morte neuronal (prote\u00edna Tau) e \u00e0 progress\u00e3o da DA (marcadores de amiloidose e tauopatia). Essas an\u00e1lises foram feitas em quatro grupos: 36 pessoas cognitivamente saud\u00e1veis para o grupo controle; 35 pacientes diagnosticados com Covid-19 e sintomas neurol\u00f3gicos relevantes, sendo 18 casos graves ou que evolu\u00edram para \u00f3bito; 20 pacientes com a doen\u00e7a de Alzheimer e 19 com defici\u00eancia cognitiva leve amn\u00e9sica. Para garantir que os resultados n\u00e3o fossem influenciados por diferen\u00e7as de idade, sexo ou outras doen\u00e7as, os dados foram ajustados para esses fatores. Al\u00e9m disso, os resultados do l\u00edquor foram comparados com outros sinais de inflama\u00e7\u00e3o no corpo.<\/p>\n<p>Entre os achados do estudo, foi poss\u00edvel observar que pacientes com Covid-19 e quadro neurol\u00f3gico apresentaram n\u00edveis elevados de tau total no l\u00edquor, muito semelhante ao observados em pacientes com a DA, o que indica dano neuronal. Por\u00e9m, n\u00e3o foram identificadas varia\u00e7\u00f5es cl\u00e1ssicas de um indiv\u00edduo com a Alzheimer, como as altera\u00e7\u00f5es na raz\u00e3o pTau181\/A\u03b242, nem na propor\u00e7\u00e3o A\u03b242\/40.<\/p>\n<p>Os autores interpretam esses achados como indicativos de que o aumento isolado dos n\u00edveis de Tau no l\u00edquor pode ser um reflexo de neurodegenera\u00e7\u00e3o aguda desencadeada pela resposta inflamat\u00f3ria exacerbada provocada pela Covid-19. A aus\u00eancia de altera\u00e7\u00f5es espec\u00edficas nos biomarcadores cl\u00e1ssicos da doen\u00e7a de Alzheimer refor\u00e7a a ideia de que os sintomas neurol\u00f3gicos observados em pacientes com Covid-19 n\u00e3o se devem a uma condi\u00e7\u00e3o pr\u00e9-existente da doen\u00e7a, mas sim a um efeito direto ou indireto da infec\u00e7\u00e3o viral e de sua intensa resposta inflamat\u00f3ria.<\/p>\n<p>Contudo, os pesquisadores descobriram uma rela\u00e7\u00e3o entre a inflama\u00e7\u00e3o sist\u00eamica induzida pela COVID-19 e biomarcadores do l\u00edquor relacionados \u00e0 progress\u00e3o da doen\u00e7a de Alzheimer. Esses resultados, aliados aos achados de dano neurol\u00f3gico nos pacientes, refor\u00e7am a necessidade de um acompanhamento neurol\u00f3gico de longo prazo em pacientes que sobreviveram \u00e0 Covid-19, especialmente aqueles que apresentaram quadros mais graves ou sintomas cognitivos persistentes, uma vez que processos inflamat\u00f3rios cr\u00f4nicos podem predispor ao desenvolvimento futuro de doen\u00e7as neurodegenerativas.<\/p>\n<p>&nbsp;<\/p>\n<p>Escrito por Manuelly Gomes<br \/>\nRevisado por Claudio Ferrari<\/p>\n","protected":false},"excerpt":{"rendered":"<p>Novo estudo compara padr\u00f5es moleculares no l\u00edquor de pacientes com Covid-19 e doen\u00e7a de Alzheimer, apontando poss\u00edveis conex\u00f5es entre as duas condi\u00e7\u00f5es.<\/p>\n","protected":false},"author":0,"featured_media":12145,"comment_status":"open","ping_status":"open","sticky":false,"template":"","format":"standard","meta":{"_acf_changed":false,"footnotes":""},"categories":[191,190],"tags":[],"class_list":["post-12144","post","type-post","status-publish","format-standard","has-post-thumbnail","hentry","category-novidades","category-pesquisa"],"acf":[],"yoast_head":"<!-- This site is optimized with the Yoast SEO plugin v27.3 - https:\/\/yoast.com\/product\/yoast-seo-wordpress\/ -->\n<title>A inflama\u00e7\u00e3o conecta sintomas neurol\u00f3gicos da Covid-19 com altera\u00e7\u00f5es moleculares associadas ao Alzheimer, mostra estudo do IDOR - IDOR - Instituto D&#039;Or de Pesquisa e Ensino<\/title>\n<link rel=\"canonical\" href=\"https:\/\/www.rededorsaoluiz.com.br\/instituto\/idor\/a-inflamacao-conecta-sintomas-neurologicos-da-covid-19-com-alteracoes-moleculares-associadas-ao-alzheimer-mostra-estudo-do-idor\/\" \/>\n<meta property=\"og:locale\" content=\"pt_BR\" \/>\n<meta property=\"og:type\" content=\"article\" \/>\n<meta property=\"og:title\" content=\"A inflama\u00e7\u00e3o conecta sintomas neurol\u00f3gicos da Covid-19 com altera\u00e7\u00f5es moleculares associadas ao Alzheimer, mostra estudo do IDOR - IDOR - Instituto D&#039;Or de Pesquisa e Ensino\" \/>\n<meta property=\"og:description\" content=\"Novo estudo compara padr\u00f5es moleculares no l\u00edquor de pacientes com Covid-19 e doen\u00e7a de Alzheimer, apontando poss\u00edveis conex\u00f5es entre as duas condi\u00e7\u00f5es.\" \/>\n<meta property=\"og:url\" content=\"https:\/\/www.rededorsaoluiz.com.br\/instituto\/idor\/a-inflamacao-conecta-sintomas-neurologicos-da-covid-19-com-alteracoes-moleculares-associadas-ao-alzheimer-mostra-estudo-do-idor\/\" \/>\n<meta property=\"og:site_name\" content=\"IDOR - Instituto D&#039;Or de Pesquisa e Ensino\" \/>\n<meta property=\"article:published_time\" content=\"2025-06-30T14:00:58+00:00\" \/>\n<meta property=\"og:image\" content=\"https:\/\/www.rededorsaoluiz.com.br\/instituto\/idor\/wp-content\/uploads\/2025\/06\/shutterstock_1907619574-scaled.jpg\" \/>\n\t<meta property=\"og:image:width\" content=\"2560\" \/>\n\t<meta property=\"og:image:height\" content=\"1440\" \/>\n\t<meta property=\"og:image:type\" content=\"image\/jpeg\" \/>\n<meta name=\"twitter:card\" content=\"summary_large_image\" \/>\n<meta name=\"twitter:label1\" content=\"Est. tempo de leitura\" \/>\n\t<meta name=\"twitter:data1\" content=\"4 minutos\" \/>\n<script type=\"application\/ld+json\" class=\"yoast-schema-graph\">{\"@context\":\"https:\\\/\\\/schema.org\",\"@graph\":[{\"@type\":\"Article\",\"@id\":\"https:\\\/\\\/www.rededorsaoluiz.com.br\\\/instituto\\\/idor\\\/a-inflamacao-conecta-sintomas-neurologicos-da-covid-19-com-alteracoes-moleculares-associadas-ao-alzheimer-mostra-estudo-do-idor\\\/#article\",\"isPartOf\":{\"@id\":\"https:\\\/\\\/www.rededorsaoluiz.com.br\\\/instituto\\\/idor\\\/a-inflamacao-conecta-sintomas-neurologicos-da-covid-19-com-alteracoes-moleculares-associadas-ao-alzheimer-mostra-estudo-do-idor\\\/\"},\"author\":{\"name\":\"\",\"@id\":\"\"},\"headline\":\"A inflama\u00e7\u00e3o conecta sintomas neurol\u00f3gicos da Covid-19 com altera\u00e7\u00f5es moleculares associadas ao Alzheimer, mostra estudo do IDOR\",\"datePublished\":\"2025-06-30T14:00:58+00:00\",\"mainEntityOfPage\":{\"@id\":\"https:\\\/\\\/www.rededorsaoluiz.com.br\\\/instituto\\\/idor\\\/a-inflamacao-conecta-sintomas-neurologicos-da-covid-19-com-alteracoes-moleculares-associadas-ao-alzheimer-mostra-estudo-do-idor\\\/\"},\"wordCount\":720,\"commentCount\":0,\"image\":{\"@id\":\"https:\\\/\\\/www.rededorsaoluiz.com.br\\\/instituto\\\/idor\\\/a-inflamacao-conecta-sintomas-neurologicos-da-covid-19-com-alteracoes-moleculares-associadas-ao-alzheimer-mostra-estudo-do-idor\\\/#primaryimage\"},\"thumbnailUrl\":\"https:\\\/\\\/www.rededorsaoluiz.com.br\\\/instituto\\\/idor\\\/wp-content\\\/uploads\\\/2025\\\/06\\\/shutterstock_1907619574-scaled.jpg\",\"articleSection\":[\"Novidades\",\"Pesquisa\"],\"inLanguage\":\"pt-BR\",\"potentialAction\":[{\"@type\":\"CommentAction\",\"name\":\"Comment\",\"target\":[\"https:\\\/\\\/www.rededorsaoluiz.com.br\\\/instituto\\\/idor\\\/a-inflamacao-conecta-sintomas-neurologicos-da-covid-19-com-alteracoes-moleculares-associadas-ao-alzheimer-mostra-estudo-do-idor\\\/#respond\"]}]},{\"@type\":\"WebPage\",\"@id\":\"https:\\\/\\\/www.rededorsaoluiz.com.br\\\/instituto\\\/idor\\\/a-inflamacao-conecta-sintomas-neurologicos-da-covid-19-com-alteracoes-moleculares-associadas-ao-alzheimer-mostra-estudo-do-idor\\\/\",\"url\":\"https:\\\/\\\/www.rededorsaoluiz.com.br\\\/instituto\\\/idor\\\/a-inflamacao-conecta-sintomas-neurologicos-da-covid-19-com-alteracoes-moleculares-associadas-ao-alzheimer-mostra-estudo-do-idor\\\/\",\"name\":\"A inflama\u00e7\u00e3o conecta sintomas neurol\u00f3gicos da Covid-19 com altera\u00e7\u00f5es moleculares associadas ao Alzheimer, mostra estudo do IDOR - IDOR - Instituto D&#039;Or de Pesquisa e Ensino\",\"isPartOf\":{\"@id\":\"https:\\\/\\\/www.rededorsaoluiz.com.br\\\/instituto\\\/idor\\\/#website\"},\"primaryImageOfPage\":{\"@id\":\"https:\\\/\\\/www.rededorsaoluiz.com.br\\\/instituto\\\/idor\\\/a-inflamacao-conecta-sintomas-neurologicos-da-covid-19-com-alteracoes-moleculares-associadas-ao-alzheimer-mostra-estudo-do-idor\\\/#primaryimage\"},\"image\":{\"@id\":\"https:\\\/\\\/www.rededorsaoluiz.com.br\\\/instituto\\\/idor\\\/a-inflamacao-conecta-sintomas-neurologicos-da-covid-19-com-alteracoes-moleculares-associadas-ao-alzheimer-mostra-estudo-do-idor\\\/#primaryimage\"},\"thumbnailUrl\":\"https:\\\/\\\/www.rededorsaoluiz.com.br\\\/instituto\\\/idor\\\/wp-content\\\/uploads\\\/2025\\\/06\\\/shutterstock_1907619574-scaled.jpg\",\"datePublished\":\"2025-06-30T14:00:58+00:00\",\"author\":{\"@id\":\"\"},\"breadcrumb\":{\"@id\":\"https:\\\/\\\/www.rededorsaoluiz.com.br\\\/instituto\\\/idor\\\/a-inflamacao-conecta-sintomas-neurologicos-da-covid-19-com-alteracoes-moleculares-associadas-ao-alzheimer-mostra-estudo-do-idor\\\/#breadcrumb\"},\"inLanguage\":\"pt-BR\",\"potentialAction\":[{\"@type\":\"ReadAction\",\"target\":[\"https:\\\/\\\/www.rededorsaoluiz.com.br\\\/instituto\\\/idor\\\/a-inflamacao-conecta-sintomas-neurologicos-da-covid-19-com-alteracoes-moleculares-associadas-ao-alzheimer-mostra-estudo-do-idor\\\/\"]}]},{\"@type\":\"ImageObject\",\"inLanguage\":\"pt-BR\",\"@id\":\"https:\\\/\\\/www.rededorsaoluiz.com.br\\\/instituto\\\/idor\\\/a-inflamacao-conecta-sintomas-neurologicos-da-covid-19-com-alteracoes-moleculares-associadas-ao-alzheimer-mostra-estudo-do-idor\\\/#primaryimage\",\"url\":\"https:\\\/\\\/www.rededorsaoluiz.com.br\\\/instituto\\\/idor\\\/wp-content\\\/uploads\\\/2025\\\/06\\\/shutterstock_1907619574-scaled.jpg\",\"contentUrl\":\"https:\\\/\\\/www.rededorsaoluiz.com.br\\\/instituto\\\/idor\\\/wp-content\\\/uploads\\\/2025\\\/06\\\/shutterstock_1907619574-scaled.jpg\",\"width\":2560,\"height\":1440},{\"@type\":\"BreadcrumbList\",\"@id\":\"https:\\\/\\\/www.rededorsaoluiz.com.br\\\/instituto\\\/idor\\\/a-inflamacao-conecta-sintomas-neurologicos-da-covid-19-com-alteracoes-moleculares-associadas-ao-alzheimer-mostra-estudo-do-idor\\\/#breadcrumb\",\"itemListElement\":[{\"@type\":\"ListItem\",\"position\":1,\"name\":\"In\u00edcio\",\"item\":\"https:\\\/\\\/www.rededorsaoluiz.com.br\\\/instituto\\\/idor\\\/\"},{\"@type\":\"ListItem\",\"position\":2,\"name\":\"A inflama\u00e7\u00e3o conecta sintomas neurol\u00f3gicos da Covid-19 com altera\u00e7\u00f5es moleculares associadas ao Alzheimer, mostra estudo do IDOR\"}]},{\"@type\":\"WebSite\",\"@id\":\"https:\\\/\\\/www.rededorsaoluiz.com.br\\\/instituto\\\/idor\\\/#website\",\"url\":\"https:\\\/\\\/www.rededorsaoluiz.com.br\\\/instituto\\\/idor\\\/\",\"name\":\"IDOR - Instituto D&#039;Or de Pesquisa e Ensino\",\"description\":\"\",\"potentialAction\":[{\"@type\":\"SearchAction\",\"target\":{\"@type\":\"EntryPoint\",\"urlTemplate\":\"https:\\\/\\\/www.rededorsaoluiz.com.br\\\/instituto\\\/idor\\\/?s={search_term_string}\"},\"query-input\":{\"@type\":\"PropertyValueSpecification\",\"valueRequired\":true,\"valueName\":\"search_term_string\"}}],\"inLanguage\":\"pt-BR\"}]}<\/script>\n<!-- \/ Yoast SEO plugin. -->","yoast_head_json":{"title":"A inflama\u00e7\u00e3o conecta sintomas neurol\u00f3gicos da Covid-19 com altera\u00e7\u00f5es moleculares associadas ao Alzheimer, mostra estudo do IDOR - IDOR - Instituto D&#039;Or de Pesquisa e Ensino","canonical":"https:\/\/www.rededorsaoluiz.com.br\/instituto\/idor\/a-inflamacao-conecta-sintomas-neurologicos-da-covid-19-com-alteracoes-moleculares-associadas-ao-alzheimer-mostra-estudo-do-idor\/","og_locale":"pt_BR","og_type":"article","og_title":"A inflama\u00e7\u00e3o conecta sintomas neurol\u00f3gicos da Covid-19 com altera\u00e7\u00f5es moleculares associadas ao Alzheimer, mostra estudo do IDOR - IDOR - Instituto D&#039;Or de Pesquisa e Ensino","og_description":"Novo estudo compara padr\u00f5es moleculares no l\u00edquor de pacientes com Covid-19 e doen\u00e7a de Alzheimer, apontando poss\u00edveis conex\u00f5es entre as duas condi\u00e7\u00f5es.","og_url":"https:\/\/www.rededorsaoluiz.com.br\/instituto\/idor\/a-inflamacao-conecta-sintomas-neurologicos-da-covid-19-com-alteracoes-moleculares-associadas-ao-alzheimer-mostra-estudo-do-idor\/","og_site_name":"IDOR - Instituto D&#039;Or de Pesquisa e Ensino","article_published_time":"2025-06-30T14:00:58+00:00","og_image":[{"width":2560,"height":1440,"url":"https:\/\/www.rededorsaoluiz.com.br\/instituto\/idor\/wp-content\/uploads\/2025\/06\/shutterstock_1907619574-scaled.jpg","type":"image\/jpeg"}],"twitter_card":"summary_large_image","twitter_misc":{"Est. tempo de leitura":"4 minutos"},"schema":{"@context":"https:\/\/schema.org","@graph":[{"@type":"Article","@id":"https:\/\/www.rededorsaoluiz.com.br\/instituto\/idor\/a-inflamacao-conecta-sintomas-neurologicos-da-covid-19-com-alteracoes-moleculares-associadas-ao-alzheimer-mostra-estudo-do-idor\/#article","isPartOf":{"@id":"https:\/\/www.rededorsaoluiz.com.br\/instituto\/idor\/a-inflamacao-conecta-sintomas-neurologicos-da-covid-19-com-alteracoes-moleculares-associadas-ao-alzheimer-mostra-estudo-do-idor\/"},"author":{"name":"","@id":""},"headline":"A inflama\u00e7\u00e3o conecta sintomas neurol\u00f3gicos da Covid-19 com altera\u00e7\u00f5es moleculares associadas ao Alzheimer, mostra estudo do IDOR","datePublished":"2025-06-30T14:00:58+00:00","mainEntityOfPage":{"@id":"https:\/\/www.rededorsaoluiz.com.br\/instituto\/idor\/a-inflamacao-conecta-sintomas-neurologicos-da-covid-19-com-alteracoes-moleculares-associadas-ao-alzheimer-mostra-estudo-do-idor\/"},"wordCount":720,"commentCount":0,"image":{"@id":"https:\/\/www.rededorsaoluiz.com.br\/instituto\/idor\/a-inflamacao-conecta-sintomas-neurologicos-da-covid-19-com-alteracoes-moleculares-associadas-ao-alzheimer-mostra-estudo-do-idor\/#primaryimage"},"thumbnailUrl":"https:\/\/www.rededorsaoluiz.com.br\/instituto\/idor\/wp-content\/uploads\/2025\/06\/shutterstock_1907619574-scaled.jpg","articleSection":["Novidades","Pesquisa"],"inLanguage":"pt-BR","potentialAction":[{"@type":"CommentAction","name":"Comment","target":["https:\/\/www.rededorsaoluiz.com.br\/instituto\/idor\/a-inflamacao-conecta-sintomas-neurologicos-da-covid-19-com-alteracoes-moleculares-associadas-ao-alzheimer-mostra-estudo-do-idor\/#respond"]}]},{"@type":"WebPage","@id":"https:\/\/www.rededorsaoluiz.com.br\/instituto\/idor\/a-inflamacao-conecta-sintomas-neurologicos-da-covid-19-com-alteracoes-moleculares-associadas-ao-alzheimer-mostra-estudo-do-idor\/","url":"https:\/\/www.rededorsaoluiz.com.br\/instituto\/idor\/a-inflamacao-conecta-sintomas-neurologicos-da-covid-19-com-alteracoes-moleculares-associadas-ao-alzheimer-mostra-estudo-do-idor\/","name":"A inflama\u00e7\u00e3o conecta sintomas neurol\u00f3gicos da Covid-19 com altera\u00e7\u00f5es moleculares associadas ao Alzheimer, mostra estudo do IDOR - IDOR - Instituto D&#039;Or de Pesquisa e Ensino","isPartOf":{"@id":"https:\/\/www.rededorsaoluiz.com.br\/instituto\/idor\/#website"},"primaryImageOfPage":{"@id":"https:\/\/www.rededorsaoluiz.com.br\/instituto\/idor\/a-inflamacao-conecta-sintomas-neurologicos-da-covid-19-com-alteracoes-moleculares-associadas-ao-alzheimer-mostra-estudo-do-idor\/#primaryimage"},"image":{"@id":"https:\/\/www.rededorsaoluiz.com.br\/instituto\/idor\/a-inflamacao-conecta-sintomas-neurologicos-da-covid-19-com-alteracoes-moleculares-associadas-ao-alzheimer-mostra-estudo-do-idor\/#primaryimage"},"thumbnailUrl":"https:\/\/www.rededorsaoluiz.com.br\/instituto\/idor\/wp-content\/uploads\/2025\/06\/shutterstock_1907619574-scaled.jpg","datePublished":"2025-06-30T14:00:58+00:00","author":{"@id":""},"breadcrumb":{"@id":"https:\/\/www.rededorsaoluiz.com.br\/instituto\/idor\/a-inflamacao-conecta-sintomas-neurologicos-da-covid-19-com-alteracoes-moleculares-associadas-ao-alzheimer-mostra-estudo-do-idor\/#breadcrumb"},"inLanguage":"pt-BR","potentialAction":[{"@type":"ReadAction","target":["https:\/\/www.rededorsaoluiz.com.br\/instituto\/idor\/a-inflamacao-conecta-sintomas-neurologicos-da-covid-19-com-alteracoes-moleculares-associadas-ao-alzheimer-mostra-estudo-do-idor\/"]}]},{"@type":"ImageObject","inLanguage":"pt-BR","@id":"https:\/\/www.rededorsaoluiz.com.br\/instituto\/idor\/a-inflamacao-conecta-sintomas-neurologicos-da-covid-19-com-alteracoes-moleculares-associadas-ao-alzheimer-mostra-estudo-do-idor\/#primaryimage","url":"https:\/\/www.rededorsaoluiz.com.br\/instituto\/idor\/wp-content\/uploads\/2025\/06\/shutterstock_1907619574-scaled.jpg","contentUrl":"https:\/\/www.rededorsaoluiz.com.br\/instituto\/idor\/wp-content\/uploads\/2025\/06\/shutterstock_1907619574-scaled.jpg","width":2560,"height":1440},{"@type":"BreadcrumbList","@id":"https:\/\/www.rededorsaoluiz.com.br\/instituto\/idor\/a-inflamacao-conecta-sintomas-neurologicos-da-covid-19-com-alteracoes-moleculares-associadas-ao-alzheimer-mostra-estudo-do-idor\/#breadcrumb","itemListElement":[{"@type":"ListItem","position":1,"name":"In\u00edcio","item":"https:\/\/www.rededorsaoluiz.com.br\/instituto\/idor\/"},{"@type":"ListItem","position":2,"name":"A inflama\u00e7\u00e3o conecta sintomas neurol\u00f3gicos da Covid-19 com altera\u00e7\u00f5es moleculares associadas ao Alzheimer, mostra estudo do IDOR"}]},{"@type":"WebSite","@id":"https:\/\/www.rededorsaoluiz.com.br\/instituto\/idor\/#website","url":"https:\/\/www.rededorsaoluiz.com.br\/instituto\/idor\/","name":"IDOR - Instituto D&#039;Or de Pesquisa e Ensino","description":"","potentialAction":[{"@type":"SearchAction","target":{"@type":"EntryPoint","urlTemplate":"https:\/\/www.rededorsaoluiz.com.br\/instituto\/idor\/?s={search_term_string}"},"query-input":{"@type":"PropertyValueSpecification","valueRequired":true,"valueName":"search_term_string"}}],"inLanguage":"pt-BR"}]}},"_links":{"self":[{"href":"https:\/\/www.rededorsaoluiz.com.br\/instituto\/idor\/wp-json\/wp\/v2\/posts\/12144","targetHints":{"allow":["GET"]}}],"collection":[{"href":"https:\/\/www.rededorsaoluiz.com.br\/instituto\/idor\/wp-json\/wp\/v2\/posts"}],"about":[{"href":"https:\/\/www.rededorsaoluiz.com.br\/instituto\/idor\/wp-json\/wp\/v2\/types\/post"}],"replies":[{"embeddable":true,"href":"https:\/\/www.rededorsaoluiz.com.br\/instituto\/idor\/wp-json\/wp\/v2\/comments?post=12144"}],"version-history":[{"count":0,"href":"https:\/\/www.rededorsaoluiz.com.br\/instituto\/idor\/wp-json\/wp\/v2\/posts\/12144\/revisions"}],"wp:featuredmedia":[{"embeddable":true,"href":"https:\/\/www.rededorsaoluiz.com.br\/instituto\/idor\/wp-json\/wp\/v2\/media\/12145"}],"wp:attachment":[{"href":"https:\/\/www.rededorsaoluiz.com.br\/instituto\/idor\/wp-json\/wp\/v2\/media?parent=12144"}],"wp:term":[{"taxonomy":"category","embeddable":true,"href":"https:\/\/www.rededorsaoluiz.com.br\/instituto\/idor\/wp-json\/wp\/v2\/categories?post=12144"},{"taxonomy":"post_tag","embeddable":true,"href":"https:\/\/www.rededorsaoluiz.com.br\/instituto\/idor\/wp-json\/wp\/v2\/tags?post=12144"}],"curies":[{"name":"wp","href":"https:\/\/api.w.org\/{rel}","templated":true}]}}