{"id":12408,"date":"2025-09-11T11:33:42","date_gmt":"2025-09-11T14:33:42","guid":{"rendered":"https:\/\/ptbr.idor.org\/idor-abre-inscricoes-para-o-vestibular-2026-1-com-bolsas-de-ate-100\/"},"modified":"2025-09-11T11:33:42","modified_gmt":"2025-09-11T14:33:42","slug":"idor-abre-inscricoes-para-o-vestibular-2026-1-com-bolsas-de-ate-100","status":"publish","type":"post","link":"https:\/\/www.rededorsaoluiz.com.br\/instituto\/idor\/idor-abre-inscricoes-para-o-vestibular-2026-1-com-bolsas-de-ate-100\/","title":{"rendered":"IDOR abre inscri\u00e7\u00f5es para o Vestibular 2026.1"},"content":{"rendered":"<p>O Instituto D\u2019Or de Pesquisa e Ensino (IDOR) est\u00e1 com inscri\u00e7\u00f5es abertas para o Vestibular 2026.1. Reconhecido por integrar ci\u00eancia, pr\u00e1tica profissional e excel\u00eancia acad\u00eamica, o IDOR oferece cursos de gradua\u00e7\u00e3o em Enfermagem, Psicologia e Tecnologia em Radiologia, com aulas presenciais na Unidade Gl\u00f3ria, no Rio de Janeiro.A prova ser\u00e1 realizada presencialmente no dia 8 de novembro de 2025. Os candidatos que participarem do processo seletivo ter\u00e3o a oportunidade de concorrer a uma bolsa integral, concedida ao primeiro colocado no ranking de desempenho da avalia\u00e7\u00e3o, de acordo com o curso selecionado. Tamb\u00e9m \u00e9 poss\u00edvel ingressar na institui\u00e7\u00e3o utilizando a nota do ENEM, com descontos que podem chegar a 75%.<\/p>\n<p>Al\u00e9m do vestibular tradicional, o IDOR disponibiliza outras formas de ingresso, como segunda gradua\u00e7\u00e3o e transfer\u00eancia externa, ampliando as oportunidades para quem busca uma forma\u00e7\u00e3o de excel\u00eancia na \u00e1rea da sa\u00fade.<\/p>\n<p>Conhe\u00e7a mais sobre os cursos oferecidos:<\/p>\n<p><strong>Enfermagem<\/strong><\/p>\n<ul>\n<li><strong>Dura\u00e7\u00e3o<\/strong>: 4 anos<\/li>\n<li><strong>Diferenciais<\/strong>: Possibilidade de est\u00e1gios nos hospitais da Rede D\u2019Or, ensino com foco na pr\u00e1tica cl\u00ednica e no desenvolvimento de lideran\u00e7a em sa\u00fade.<br \/>\n<strong>Saiba mais sobre o curso<\/strong>: <a href=\"https:\/\/www.rededorsaoluiz.com.br\/instituto\/idor\/cursos\/enfermagem\/\">Clique aqui<\/a><\/li>\n<\/ul>\n<p><strong>Psicologia<\/strong><\/p>\n<ul>\n<li><strong>Dura\u00e7\u00e3o<\/strong>: 5 anos<\/li>\n<li><strong>Diferenciais<\/strong>: \u00c9 a <strong>\u00fanica faculdade do Rio de Janeiro com \u00eanfase em Neuroci\u00eancia<\/strong>. O curso oferece aulas pr\u00e1ticas desde o primeiro per\u00edodo e possibilidade de est\u00e1gio no <strong>Centro de Neuropsicologia Aplicada (CNA)<\/strong>, vinculado ao IDOR.<br \/>\n<strong>Saiba mais sobre o curso<\/strong>: <a href=\"https:\/\/www.rededorsaoluiz.com.br\/instituto\/idor\/cursos\/psicologia-vestibular\/\">Clique aqui<\/a><\/li>\n<\/ul>\n<p><strong>Tecnologia em Radiologia<\/strong><\/p>\n<ul>\n<li><strong>Dura\u00e7\u00e3o<\/strong>: 3 anos<\/li>\n<li><strong>Diferenciais<\/strong>: Acesso ao parque tecnol\u00f3gico da Rede D\u2019Or, com aprendizado pr\u00e1tico e disciplinas voltadas diretamente para o mercado de trabalho.<br \/>\n<strong>Saiba mais sobre o curso<\/strong>: <a href=\"https:\/\/www.rededorsaoluiz.com.br\/instituto\/idor\/cursos\/vestibular-agendado-curso-superior-de-tecnologia-em-radiologia\/\">Clique aqui<\/a><\/li>\n<\/ul>\n<p>As inscri\u00e7\u00f5es j\u00e1 est\u00e3o abertas e representam uma oportunidade \u00fanica para quem deseja aprender com profissionais renomados e construir uma carreira s\u00f3lida na \u00e1rea da sa\u00fade.<\/p>\n<p><a href=\"https:\/\/institutodor.inscricao.crmeducacional.com\/Login\/14\"><strong>Inscreva-se<\/strong><\/a><strong>Veja tamb\u00e9m:<\/strong><\/p>\n<p>Recep\u00e7\u00e3o de Calouros no IDOR<\/p>\n","protected":false},"excerpt":{"rendered":"<p>Com bolsas de 100%, descontos pelo ENEM e diferentes formas de ingresso como transfer\u00eancia externa e segunda grauda\u00e7\u00e3o.<\/p>\n","protected":false},"author":0,"featured_media":12409,"comment_status":"open","ping_status":"open","sticky":false,"template":"","format":"standard","meta":{"_acf_changed":false,"footnotes":""},"categories":[5,191],"tags":[],"class_list":["post-12408","post","type-post","status-publish","format-standard","has-post-thumbnail","hentry","category-ensino","category-novidades"],"acf":[],"yoast_head":"<!-- This site is optimized with the Yoast SEO plugin v27.3 - https:\/\/yoast.com\/product\/yoast-seo-wordpress\/ -->\n<title>IDOR abre inscri\u00e7\u00f5es para o Vestibular 2026.1 - IDOR - Instituto D&#039;Or de Pesquisa e Ensino<\/title>\n<link rel=\"canonical\" href=\"https:\/\/www.rededorsaoluiz.com.br\/instituto\/idor\/idor-abre-inscricoes-para-o-vestibular-2026-1-com-bolsas-de-ate-100\/\" \/>\n<meta property=\"og:locale\" content=\"pt_BR\" \/>\n<meta property=\"og:type\" content=\"article\" \/>\n<meta property=\"og:title\" content=\"IDOR abre inscri\u00e7\u00f5es para o Vestibular 2026.1 - IDOR - Instituto D&#039;Or de Pesquisa e Ensino\" \/>\n<meta property=\"og:description\" content=\"Com bolsas de 100%, descontos pelo ENEM e diferentes formas de ingresso como transfer\u00eancia externa e segunda grauda\u00e7\u00e3o.\" \/>\n<meta property=\"og:url\" content=\"https:\/\/www.rededorsaoluiz.com.br\/instituto\/idor\/idor-abre-inscricoes-para-o-vestibular-2026-1-com-bolsas-de-ate-100\/\" \/>\n<meta property=\"og:site_name\" content=\"IDOR - Instituto D&#039;Or de Pesquisa e Ensino\" \/>\n<meta property=\"article:published_time\" content=\"2025-09-11T14:33:42+00:00\" \/>\n<meta property=\"og:image\" content=\"https:\/\/www.rededorsaoluiz.com.br\/instituto\/idor\/wp-content\/uploads\/2025\/09\/09-25-VESTIBULAR-2026.1-inscricoes-aberta-stories-mail-wpp-3-e1757681382341-823x1024.png\" \/>\n\t<meta property=\"og:image:width\" content=\"823\" \/>\n\t<meta property=\"og:image:height\" content=\"1024\" \/>\n\t<meta property=\"og:image:type\" content=\"image\/png\" \/>\n<meta name=\"twitter:card\" content=\"summary_large_image\" \/>\n<meta name=\"twitter:label1\" content=\"Est. tempo de leitura\" \/>\n\t<meta name=\"twitter:data1\" content=\"2 minutos\" \/>\n<script type=\"application\/ld+json\" class=\"yoast-schema-graph\">{\"@context\":\"https:\\\/\\\/schema.org\",\"@graph\":[{\"@type\":\"Article\",\"@id\":\"https:\\\/\\\/www.rededorsaoluiz.com.br\\\/instituto\\\/idor\\\/idor-abre-inscricoes-para-o-vestibular-2026-1-com-bolsas-de-ate-100\\\/#article\",\"isPartOf\":{\"@id\":\"https:\\\/\\\/www.rededorsaoluiz.com.br\\\/instituto\\\/idor\\\/idor-abre-inscricoes-para-o-vestibular-2026-1-com-bolsas-de-ate-100\\\/\"},\"author\":{\"name\":\"\",\"@id\":\"\"},\"headline\":\"IDOR abre inscri\u00e7\u00f5es para o Vestibular 2026.1\",\"datePublished\":\"2025-09-11T14:33:42+00:00\",\"mainEntityOfPage\":{\"@id\":\"https:\\\/\\\/www.rededorsaoluiz.com.br\\\/instituto\\\/idor\\\/idor-abre-inscricoes-para-o-vestibular-2026-1-com-bolsas-de-ate-100\\\/\"},\"wordCount\":333,\"commentCount\":0,\"image\":{\"@id\":\"https:\\\/\\\/www.rededorsaoluiz.com.br\\\/instituto\\\/idor\\\/idor-abre-inscricoes-para-o-vestibular-2026-1-com-bolsas-de-ate-100\\\/#primaryimage\"},\"thumbnailUrl\":\"https:\\\/\\\/www.rededorsaoluiz.com.br\\\/instituto\\\/idor\\\/wp-content\\\/uploads\\\/2025\\\/09\\\/09-25-VESTIBULAR-2026.1-inscricoes-aberta-stories-mail-wpp-3-e1757681382341.png\",\"articleSection\":[\"Ensino\",\"Novidades\"],\"inLanguage\":\"pt-BR\",\"potentialAction\":[{\"@type\":\"CommentAction\",\"name\":\"Comment\",\"target\":[\"https:\\\/\\\/www.rededorsaoluiz.com.br\\\/instituto\\\/idor\\\/idor-abre-inscricoes-para-o-vestibular-2026-1-com-bolsas-de-ate-100\\\/#respond\"]}]},{\"@type\":\"WebPage\",\"@id\":\"https:\\\/\\\/www.rededorsaoluiz.com.br\\\/instituto\\\/idor\\\/idor-abre-inscricoes-para-o-vestibular-2026-1-com-bolsas-de-ate-100\\\/\",\"url\":\"https:\\\/\\\/www.rededorsaoluiz.com.br\\\/instituto\\\/idor\\\/idor-abre-inscricoes-para-o-vestibular-2026-1-com-bolsas-de-ate-100\\\/\",\"name\":\"IDOR abre inscri\u00e7\u00f5es para o Vestibular 2026.1 - IDOR - Instituto D&#039;Or de Pesquisa e Ensino\",\"isPartOf\":{\"@id\":\"https:\\\/\\\/www.rededorsaoluiz.com.br\\\/instituto\\\/idor\\\/#website\"},\"primaryImageOfPage\":{\"@id\":\"https:\\\/\\\/www.rededorsaoluiz.com.br\\\/instituto\\\/idor\\\/idor-abre-inscricoes-para-o-vestibular-2026-1-com-bolsas-de-ate-100\\\/#primaryimage\"},\"image\":{\"@id\":\"https:\\\/\\\/www.rededorsaoluiz.com.br\\\/instituto\\\/idor\\\/idor-abre-inscricoes-para-o-vestibular-2026-1-com-bolsas-de-ate-100\\\/#primaryimage\"},\"thumbnailUrl\":\"https:\\\/\\\/www.rededorsaoluiz.com.br\\\/instituto\\\/idor\\\/wp-content\\\/uploads\\\/2025\\\/09\\\/09-25-VESTIBULAR-2026.1-inscricoes-aberta-stories-mail-wpp-3-e1757681382341.png\",\"datePublished\":\"2025-09-11T14:33:42+00:00\",\"author\":{\"@id\":\"\"},\"breadcrumb\":{\"@id\":\"https:\\\/\\\/www.rededorsaoluiz.com.br\\\/instituto\\\/idor\\\/idor-abre-inscricoes-para-o-vestibular-2026-1-com-bolsas-de-ate-100\\\/#breadcrumb\"},\"inLanguage\":\"pt-BR\",\"potentialAction\":[{\"@type\":\"ReadAction\",\"target\":[\"https:\\\/\\\/www.rededorsaoluiz.com.br\\\/instituto\\\/idor\\\/idor-abre-inscricoes-para-o-vestibular-2026-1-com-bolsas-de-ate-100\\\/\"]}]},{\"@type\":\"ImageObject\",\"inLanguage\":\"pt-BR\",\"@id\":\"https:\\\/\\\/www.rededorsaoluiz.com.br\\\/instituto\\\/idor\\\/idor-abre-inscricoes-para-o-vestibular-2026-1-com-bolsas-de-ate-100\\\/#primaryimage\",\"url\":\"https:\\\/\\\/www.rededorsaoluiz.com.br\\\/instituto\\\/idor\\\/wp-content\\\/uploads\\\/2025\\\/09\\\/09-25-VESTIBULAR-2026.1-inscricoes-aberta-stories-mail-wpp-3-e1757681382341.png\",\"contentUrl\":\"https:\\\/\\\/www.rededorsaoluiz.com.br\\\/instituto\\\/idor\\\/wp-content\\\/uploads\\\/2025\\\/09\\\/09-25-VESTIBULAR-2026.1-inscricoes-aberta-stories-mail-wpp-3-e1757681382341.png\",\"width\":1617,\"height\":2013},{\"@type\":\"BreadcrumbList\",\"@id\":\"https:\\\/\\\/www.rededorsaoluiz.com.br\\\/instituto\\\/idor\\\/idor-abre-inscricoes-para-o-vestibular-2026-1-com-bolsas-de-ate-100\\\/#breadcrumb\",\"itemListElement\":[{\"@type\":\"ListItem\",\"position\":1,\"name\":\"In\u00edcio\",\"item\":\"https:\\\/\\\/www.rededorsaoluiz.com.br\\\/instituto\\\/idor\\\/\"},{\"@type\":\"ListItem\",\"position\":2,\"name\":\"IDOR abre inscri\u00e7\u00f5es para o Vestibular 2026.1\"}]},{\"@type\":\"WebSite\",\"@id\":\"https:\\\/\\\/www.rededorsaoluiz.com.br\\\/instituto\\\/idor\\\/#website\",\"url\":\"https:\\\/\\\/www.rededorsaoluiz.com.br\\\/instituto\\\/idor\\\/\",\"name\":\"IDOR - Instituto D&#039;Or de Pesquisa e Ensino\",\"description\":\"\",\"potentialAction\":[{\"@type\":\"SearchAction\",\"target\":{\"@type\":\"EntryPoint\",\"urlTemplate\":\"https:\\\/\\\/www.rededorsaoluiz.com.br\\\/instituto\\\/idor\\\/?s={search_term_string}\"},\"query-input\":{\"@type\":\"PropertyValueSpecification\",\"valueRequired\":true,\"valueName\":\"search_term_string\"}}],\"inLanguage\":\"pt-BR\"}]}<\/script>\n<!-- \/ Yoast SEO plugin. -->","yoast_head_json":{"title":"IDOR abre inscri\u00e7\u00f5es para o Vestibular 2026.1 - IDOR - Instituto D&#039;Or de Pesquisa e Ensino","canonical":"https:\/\/www.rededorsaoluiz.com.br\/instituto\/idor\/idor-abre-inscricoes-para-o-vestibular-2026-1-com-bolsas-de-ate-100\/","og_locale":"pt_BR","og_type":"article","og_title":"IDOR abre inscri\u00e7\u00f5es para o Vestibular 2026.1 - IDOR - Instituto D&#039;Or de Pesquisa e Ensino","og_description":"Com bolsas de 100%, descontos pelo ENEM e diferentes formas de ingresso como transfer\u00eancia externa e segunda grauda\u00e7\u00e3o.","og_url":"https:\/\/www.rededorsaoluiz.com.br\/instituto\/idor\/idor-abre-inscricoes-para-o-vestibular-2026-1-com-bolsas-de-ate-100\/","og_site_name":"IDOR - Instituto D&#039;Or de Pesquisa e Ensino","article_published_time":"2025-09-11T14:33:42+00:00","og_image":[{"width":823,"height":1024,"url":"https:\/\/www.rededorsaoluiz.com.br\/instituto\/idor\/wp-content\/uploads\/2025\/09\/09-25-VESTIBULAR-2026.1-inscricoes-aberta-stories-mail-wpp-3-e1757681382341-823x1024.png","type":"image\/png"}],"twitter_card":"summary_large_image","twitter_misc":{"Est. tempo de leitura":"2 minutos"},"schema":{"@context":"https:\/\/schema.org","@graph":[{"@type":"Article","@id":"https:\/\/www.rededorsaoluiz.com.br\/instituto\/idor\/idor-abre-inscricoes-para-o-vestibular-2026-1-com-bolsas-de-ate-100\/#article","isPartOf":{"@id":"https:\/\/www.rededorsaoluiz.com.br\/instituto\/idor\/idor-abre-inscricoes-para-o-vestibular-2026-1-com-bolsas-de-ate-100\/"},"author":{"name":"","@id":""},"headline":"IDOR abre inscri\u00e7\u00f5es para o Vestibular 2026.1","datePublished":"2025-09-11T14:33:42+00:00","mainEntityOfPage":{"@id":"https:\/\/www.rededorsaoluiz.com.br\/instituto\/idor\/idor-abre-inscricoes-para-o-vestibular-2026-1-com-bolsas-de-ate-100\/"},"wordCount":333,"commentCount":0,"image":{"@id":"https:\/\/www.rededorsaoluiz.com.br\/instituto\/idor\/idor-abre-inscricoes-para-o-vestibular-2026-1-com-bolsas-de-ate-100\/#primaryimage"},"thumbnailUrl":"https:\/\/www.rededorsaoluiz.com.br\/instituto\/idor\/wp-content\/uploads\/2025\/09\/09-25-VESTIBULAR-2026.1-inscricoes-aberta-stories-mail-wpp-3-e1757681382341.png","articleSection":["Ensino","Novidades"],"inLanguage":"pt-BR","potentialAction":[{"@type":"CommentAction","name":"Comment","target":["https:\/\/www.rededorsaoluiz.com.br\/instituto\/idor\/idor-abre-inscricoes-para-o-vestibular-2026-1-com-bolsas-de-ate-100\/#respond"]}]},{"@type":"WebPage","@id":"https:\/\/www.rededorsaoluiz.com.br\/instituto\/idor\/idor-abre-inscricoes-para-o-vestibular-2026-1-com-bolsas-de-ate-100\/","url":"https:\/\/www.rededorsaoluiz.com.br\/instituto\/idor\/idor-abre-inscricoes-para-o-vestibular-2026-1-com-bolsas-de-ate-100\/","name":"IDOR abre inscri\u00e7\u00f5es para o Vestibular 2026.1 - IDOR - Instituto D&#039;Or de Pesquisa e Ensino","isPartOf":{"@id":"https:\/\/www.rededorsaoluiz.com.br\/instituto\/idor\/#website"},"primaryImageOfPage":{"@id":"https:\/\/www.rededorsaoluiz.com.br\/instituto\/idor\/idor-abre-inscricoes-para-o-vestibular-2026-1-com-bolsas-de-ate-100\/#primaryimage"},"image":{"@id":"https:\/\/www.rededorsaoluiz.com.br\/instituto\/idor\/idor-abre-inscricoes-para-o-vestibular-2026-1-com-bolsas-de-ate-100\/#primaryimage"},"thumbnailUrl":"https:\/\/www.rededorsaoluiz.com.br\/instituto\/idor\/wp-content\/uploads\/2025\/09\/09-25-VESTIBULAR-2026.1-inscricoes-aberta-stories-mail-wpp-3-e1757681382341.png","datePublished":"2025-09-11T14:33:42+00:00","author":{"@id":""},"breadcrumb":{"@id":"https:\/\/www.rededorsaoluiz.com.br\/instituto\/idor\/idor-abre-inscricoes-para-o-vestibular-2026-1-com-bolsas-de-ate-100\/#breadcrumb"},"inLanguage":"pt-BR","potentialAction":[{"@type":"ReadAction","target":["https:\/\/www.rededorsaoluiz.com.br\/instituto\/idor\/idor-abre-inscricoes-para-o-vestibular-2026-1-com-bolsas-de-ate-100\/"]}]},{"@type":"ImageObject","inLanguage":"pt-BR","@id":"https:\/\/www.rededorsaoluiz.com.br\/instituto\/idor\/idor-abre-inscricoes-para-o-vestibular-2026-1-com-bolsas-de-ate-100\/#primaryimage","url":"https:\/\/www.rededorsaoluiz.com.br\/instituto\/idor\/wp-content\/uploads\/2025\/09\/09-25-VESTIBULAR-2026.1-inscricoes-aberta-stories-mail-wpp-3-e1757681382341.png","contentUrl":"https:\/\/www.rededorsaoluiz.com.br\/instituto\/idor\/wp-content\/uploads\/2025\/09\/09-25-VESTIBULAR-2026.1-inscricoes-aberta-stories-mail-wpp-3-e1757681382341.png","width":1617,"height":2013},{"@type":"BreadcrumbList","@id":"https:\/\/www.rededorsaoluiz.com.br\/instituto\/idor\/idor-abre-inscricoes-para-o-vestibular-2026-1-com-bolsas-de-ate-100\/#breadcrumb","itemListElement":[{"@type":"ListItem","position":1,"name":"In\u00edcio","item":"https:\/\/www.rededorsaoluiz.com.br\/instituto\/idor\/"},{"@type":"ListItem","position":2,"name":"IDOR abre inscri\u00e7\u00f5es para o Vestibular 2026.1"}]},{"@type":"WebSite","@id":"https:\/\/www.rededorsaoluiz.com.br\/instituto\/idor\/#website","url":"https:\/\/www.rededorsaoluiz.com.br\/instituto\/idor\/","name":"IDOR - Instituto D&#039;Or de Pesquisa e Ensino","description":"","potentialAction":[{"@type":"SearchAction","target":{"@type":"EntryPoint","urlTemplate":"https:\/\/www.rededorsaoluiz.com.br\/instituto\/idor\/?s={search_term_string}"},"query-input":{"@type":"PropertyValueSpecification","valueRequired":true,"valueName":"search_term_string"}}],"inLanguage":"pt-BR"}]}},"_links":{"self":[{"href":"https:\/\/www.rededorsaoluiz.com.br\/instituto\/idor\/wp-json\/wp\/v2\/posts\/12408","targetHints":{"allow":["GET"]}}],"collection":[{"href":"https:\/\/www.rededorsaoluiz.com.br\/instituto\/idor\/wp-json\/wp\/v2\/posts"}],"about":[{"href":"https:\/\/www.rededorsaoluiz.com.br\/instituto\/idor\/wp-json\/wp\/v2\/types\/post"}],"replies":[{"embeddable":true,"href":"https:\/\/www.rededorsaoluiz.com.br\/instituto\/idor\/wp-json\/wp\/v2\/comments?post=12408"}],"version-history":[{"count":0,"href":"https:\/\/www.rededorsaoluiz.com.br\/instituto\/idor\/wp-json\/wp\/v2\/posts\/12408\/revisions"}],"wp:featuredmedia":[{"embeddable":true,"href":"https:\/\/www.rededorsaoluiz.com.br\/instituto\/idor\/wp-json\/wp\/v2\/media\/12409"}],"wp:attachment":[{"href":"https:\/\/www.rededorsaoluiz.com.br\/instituto\/idor\/wp-json\/wp\/v2\/media?parent=12408"}],"wp:term":[{"taxonomy":"category","embeddable":true,"href":"https:\/\/www.rededorsaoluiz.com.br\/instituto\/idor\/wp-json\/wp\/v2\/categories?post=12408"},{"taxonomy":"post_tag","embeddable":true,"href":"https:\/\/www.rededorsaoluiz.com.br\/instituto\/idor\/wp-json\/wp\/v2\/tags?post=12408"}],"curies":[{"name":"wp","href":"https:\/\/api.w.org\/{rel}","templated":true}]}}