{"id":17963,"date":"2026-03-06T20:36:19","date_gmt":"2026-03-06T23:36:19","guid":{"rendered":"https:\/\/ptbr.idor.org\/idor-obtem-habilitacao-do-mec-para-desenvolvimento-da-faculdade-de-medicina\/"},"modified":"2026-03-06T20:36:19","modified_gmt":"2026-03-06T23:36:19","slug":"idor-obtem-habilitacao-do-mec-para-desenvolvimento-da-faculdade-de-medicina","status":"publish","type":"post","link":"https:\/\/www.rededorsaoluiz.com.br\/instituto\/idor\/idor-obtem-habilitacao-do-mec-para-desenvolvimento-da-faculdade-de-medicina\/","title":{"rendered":"IDOR obt\u00e9m habilita\u00e7\u00e3o do MEC para desenvolvimento da faculdade de medicina no Rio de Janeiro"},"content":{"rendered":"<p>Estamos celebrando uma conquista hist\u00f3rica na trajet\u00f3ria do Instituto D\u2019Or de Pesquisa e Ensino (IDOR) e de toda a Rede D&#8217;Or.<\/p>\n<p>Em cerim\u00f4nia no dia 6 de mar\u00e7o, o Minist\u00e9rio da Educa\u00e7\u00e3o concedeu a habilita\u00e7\u00e3o para o desenvolvimento da Faculdade de Medicina do IDOR no Rio de Janeiro, passo importante, que amplia a atua\u00e7\u00e3o do instituto na forma\u00e7\u00e3o de profissionais de sa\u00fade e no fortalecimento da ci\u00eancia no pa\u00eds. \u00c9 um cap\u00edtulo fundamental na renova\u00e7\u00e3o desse compromisso da Rede D&#8217;Or com a sociedade brasileira.<\/p>\n<p>A habilita\u00e7\u00e3o oficial foi concedida em evento com a presen\u00e7a do presidente Luiz In\u00e1cio Lula da Silva, do ministro da Educa\u00e7\u00e3o, Camilo Santana, do prefeito do Rio de Janeiro, Eduardo Paes, al\u00e9m de outras autoridades.<\/p>\n<p>Na ocasi\u00e3o, foi assinada a portaria que confirma o resultado do processo de solicita\u00e7\u00e3o apresentado pelo IDOR para a cria\u00e7\u00e3o do curso de Medicina. O documento foi assinado pelo Dr. Jorge Moll, fundador e presidente do Conselho de Administra\u00e7\u00e3o da Rede D&#8217;Or, e por Fernanda Moll, presidente do IDOR. O ato marca mais uma etapa na hist\u00f3ria da institui\u00e7\u00e3o.<\/p>\n<p>Fundado h\u00e1 15 anos como frente de ci\u00eancia e educa\u00e7\u00e3o da Rede D\u2019Or, o IDOR consolidou-se como o maior instituto privado de pesquisa em sa\u00fade do Brasil, que hoje re\u00fane mais de 100 pesquisadores, com produ\u00e7\u00e3o cient\u00edfica de alcance internacional, al\u00e9m da forma\u00e7\u00e3o de profissionais da \u00e1rea da sa\u00fade com foco em excel\u00eancia e impacto na vida das pessoas.<\/p>\n<p>A futura gradua\u00e7\u00e3o em Medicina nasce nesse ecossistema acad\u00eamico e cient\u00edfico estabelecido, e o compromisso com o desenvolvimento do ensino m\u00e9dico e com a forma\u00e7\u00e3o de profissionais preparados para gerar impacto positivo na \u00e1rea da sa\u00fade no Brasil.<\/p>\n<p>Acompanhe esse novo momento da nossa hist\u00f3ria, em breve teremos mais informa\u00e7\u00f5es sobre o curso e sobre os pr\u00f3ximos passos do projeto.Fotos por Marcelo Salim<\/p>\n","protected":false},"excerpt":{"rendered":"<p>O Instituto D\u2019Or de Pesquisa e Ensino (IDOR) obteve, na sexta-feira, 6 de mar\u00e7o de 2026, junto ao Minist\u00e9rio da Educa\u00e7\u00e3o (MEC), a habilita\u00e7\u00e3o para o desenvolvimento de uma nova faculdade de medicina no munic\u00edpio do Rio de Janeiro.<\/p>\n","protected":false},"author":0,"featured_media":17964,"comment_status":"open","ping_status":"open","sticky":false,"template":"","format":"standard","meta":{"_acf_changed":false,"footnotes":""},"categories":[5,191],"tags":[],"class_list":["post-17963","post","type-post","status-publish","format-standard","has-post-thumbnail","hentry","category-ensino","category-novidades"],"acf":[],"yoast_head":"<!-- This site is optimized with the Yoast SEO plugin v27.3 - https:\/\/yoast.com\/product\/yoast-seo-wordpress\/ -->\n<title>IDOR obt\u00e9m habilita\u00e7\u00e3o do MEC para desenvolvimento da faculdade de medicina no Rio de Janeiro - IDOR - Instituto D&#039;Or de Pesquisa e Ensino<\/title>\n<link rel=\"canonical\" href=\"https:\/\/www.rededorsaoluiz.com.br\/instituto\/idor\/idor-obtem-habilitacao-do-mec-para-desenvolvimento-da-faculdade-de-medicina\/\" \/>\n<meta property=\"og:locale\" content=\"pt_BR\" \/>\n<meta property=\"og:type\" content=\"article\" \/>\n<meta property=\"og:title\" content=\"IDOR obt\u00e9m habilita\u00e7\u00e3o do MEC para desenvolvimento da faculdade de medicina no Rio de Janeiro - IDOR - Instituto D&#039;Or de Pesquisa e Ensino\" \/>\n<meta property=\"og:description\" content=\"O Instituto D\u2019Or de Pesquisa e Ensino (IDOR) obteve, na sexta-feira, 6 de mar\u00e7o de 2026, junto ao Minist\u00e9rio da Educa\u00e7\u00e3o (MEC), a habilita\u00e7\u00e3o para o desenvolvimento de uma nova faculdade de medicina no munic\u00edpio do Rio de Janeiro.\" \/>\n<meta property=\"og:url\" content=\"https:\/\/www.rededorsaoluiz.com.br\/instituto\/idor\/idor-obtem-habilitacao-do-mec-para-desenvolvimento-da-faculdade-de-medicina\/\" \/>\n<meta property=\"og:site_name\" content=\"IDOR - Instituto D&#039;Or de Pesquisa e Ensino\" \/>\n<meta property=\"article:published_time\" content=\"2026-03-06T23:36:19+00:00\" \/>\n<meta property=\"og:image\" content=\"https:\/\/www.rededorsaoluiz.com.br\/instituto\/idor\/wp-content\/uploads\/2026\/03\/IMG-20260306-WA0020-1.png\" \/>\n\t<meta property=\"og:image:width\" content=\"1920\" \/>\n\t<meta property=\"og:image:height\" content=\"1080\" \/>\n\t<meta property=\"og:image:type\" content=\"image\/png\" \/>\n<meta name=\"twitter:card\" content=\"summary_large_image\" \/>\n<meta name=\"twitter:label1\" content=\"Est. tempo de leitura\" \/>\n\t<meta name=\"twitter:data1\" content=\"2 minutos\" \/>\n<script type=\"application\/ld+json\" class=\"yoast-schema-graph\">{\"@context\":\"https:\\\/\\\/schema.org\",\"@graph\":[{\"@type\":\"Article\",\"@id\":\"https:\\\/\\\/www.rededorsaoluiz.com.br\\\/instituto\\\/idor\\\/idor-obtem-habilitacao-do-mec-para-desenvolvimento-da-faculdade-de-medicina\\\/#article\",\"isPartOf\":{\"@id\":\"https:\\\/\\\/www.rededorsaoluiz.com.br\\\/instituto\\\/idor\\\/idor-obtem-habilitacao-do-mec-para-desenvolvimento-da-faculdade-de-medicina\\\/\"},\"author\":{\"name\":\"\",\"@id\":\"\"},\"headline\":\"IDOR obt\u00e9m habilita\u00e7\u00e3o do MEC para desenvolvimento da faculdade de medicina no Rio de Janeiro\",\"datePublished\":\"2026-03-06T23:36:19+00:00\",\"mainEntityOfPage\":{\"@id\":\"https:\\\/\\\/www.rededorsaoluiz.com.br\\\/instituto\\\/idor\\\/idor-obtem-habilitacao-do-mec-para-desenvolvimento-da-faculdade-de-medicina\\\/\"},\"wordCount\":363,\"commentCount\":0,\"image\":{\"@id\":\"https:\\\/\\\/www.rededorsaoluiz.com.br\\\/instituto\\\/idor\\\/idor-obtem-habilitacao-do-mec-para-desenvolvimento-da-faculdade-de-medicina\\\/#primaryimage\"},\"thumbnailUrl\":\"https:\\\/\\\/www.rededorsaoluiz.com.br\\\/instituto\\\/idor\\\/wp-content\\\/uploads\\\/2026\\\/03\\\/IMG-20260306-WA0020-1.png\",\"articleSection\":[\"Ensino\",\"Novidades\"],\"inLanguage\":\"pt-BR\",\"potentialAction\":[{\"@type\":\"CommentAction\",\"name\":\"Comment\",\"target\":[\"https:\\\/\\\/www.rededorsaoluiz.com.br\\\/instituto\\\/idor\\\/idor-obtem-habilitacao-do-mec-para-desenvolvimento-da-faculdade-de-medicina\\\/#respond\"]}]},{\"@type\":\"WebPage\",\"@id\":\"https:\\\/\\\/www.rededorsaoluiz.com.br\\\/instituto\\\/idor\\\/idor-obtem-habilitacao-do-mec-para-desenvolvimento-da-faculdade-de-medicina\\\/\",\"url\":\"https:\\\/\\\/www.rededorsaoluiz.com.br\\\/instituto\\\/idor\\\/idor-obtem-habilitacao-do-mec-para-desenvolvimento-da-faculdade-de-medicina\\\/\",\"name\":\"IDOR obt\u00e9m habilita\u00e7\u00e3o do MEC para desenvolvimento da faculdade de medicina no Rio de Janeiro - IDOR - Instituto D&#039;Or de Pesquisa e Ensino\",\"isPartOf\":{\"@id\":\"https:\\\/\\\/www.rededorsaoluiz.com.br\\\/instituto\\\/idor\\\/#website\"},\"primaryImageOfPage\":{\"@id\":\"https:\\\/\\\/www.rededorsaoluiz.com.br\\\/instituto\\\/idor\\\/idor-obtem-habilitacao-do-mec-para-desenvolvimento-da-faculdade-de-medicina\\\/#primaryimage\"},\"image\":{\"@id\":\"https:\\\/\\\/www.rededorsaoluiz.com.br\\\/instituto\\\/idor\\\/idor-obtem-habilitacao-do-mec-para-desenvolvimento-da-faculdade-de-medicina\\\/#primaryimage\"},\"thumbnailUrl\":\"https:\\\/\\\/www.rededorsaoluiz.com.br\\\/instituto\\\/idor\\\/wp-content\\\/uploads\\\/2026\\\/03\\\/IMG-20260306-WA0020-1.png\",\"datePublished\":\"2026-03-06T23:36:19+00:00\",\"author\":{\"@id\":\"\"},\"breadcrumb\":{\"@id\":\"https:\\\/\\\/www.rededorsaoluiz.com.br\\\/instituto\\\/idor\\\/idor-obtem-habilitacao-do-mec-para-desenvolvimento-da-faculdade-de-medicina\\\/#breadcrumb\"},\"inLanguage\":\"pt-BR\",\"potentialAction\":[{\"@type\":\"ReadAction\",\"target\":[\"https:\\\/\\\/www.rededorsaoluiz.com.br\\\/instituto\\\/idor\\\/idor-obtem-habilitacao-do-mec-para-desenvolvimento-da-faculdade-de-medicina\\\/\"]}]},{\"@type\":\"ImageObject\",\"inLanguage\":\"pt-BR\",\"@id\":\"https:\\\/\\\/www.rededorsaoluiz.com.br\\\/instituto\\\/idor\\\/idor-obtem-habilitacao-do-mec-para-desenvolvimento-da-faculdade-de-medicina\\\/#primaryimage\",\"url\":\"https:\\\/\\\/www.rededorsaoluiz.com.br\\\/instituto\\\/idor\\\/wp-content\\\/uploads\\\/2026\\\/03\\\/IMG-20260306-WA0020-1.png\",\"contentUrl\":\"https:\\\/\\\/www.rededorsaoluiz.com.br\\\/instituto\\\/idor\\\/wp-content\\\/uploads\\\/2026\\\/03\\\/IMG-20260306-WA0020-1.png\",\"width\":1920,\"height\":1080},{\"@type\":\"BreadcrumbList\",\"@id\":\"https:\\\/\\\/www.rededorsaoluiz.com.br\\\/instituto\\\/idor\\\/idor-obtem-habilitacao-do-mec-para-desenvolvimento-da-faculdade-de-medicina\\\/#breadcrumb\",\"itemListElement\":[{\"@type\":\"ListItem\",\"position\":1,\"name\":\"In\u00edcio\",\"item\":\"https:\\\/\\\/www.rededorsaoluiz.com.br\\\/instituto\\\/idor\\\/\"},{\"@type\":\"ListItem\",\"position\":2,\"name\":\"IDOR obt\u00e9m habilita\u00e7\u00e3o do MEC para desenvolvimento da faculdade de medicina no Rio de Janeiro\"}]},{\"@type\":\"WebSite\",\"@id\":\"https:\\\/\\\/www.rededorsaoluiz.com.br\\\/instituto\\\/idor\\\/#website\",\"url\":\"https:\\\/\\\/www.rededorsaoluiz.com.br\\\/instituto\\\/idor\\\/\",\"name\":\"IDOR - Instituto D&#039;Or de Pesquisa e Ensino\",\"description\":\"\",\"potentialAction\":[{\"@type\":\"SearchAction\",\"target\":{\"@type\":\"EntryPoint\",\"urlTemplate\":\"https:\\\/\\\/www.rededorsaoluiz.com.br\\\/instituto\\\/idor\\\/?s={search_term_string}\"},\"query-input\":{\"@type\":\"PropertyValueSpecification\",\"valueRequired\":true,\"valueName\":\"search_term_string\"}}],\"inLanguage\":\"pt-BR\"}]}<\/script>\n<!-- \/ Yoast SEO plugin. -->","yoast_head_json":{"title":"IDOR obt\u00e9m habilita\u00e7\u00e3o do MEC para desenvolvimento da faculdade de medicina no Rio de Janeiro - IDOR - Instituto D&#039;Or de Pesquisa e Ensino","canonical":"https:\/\/www.rededorsaoluiz.com.br\/instituto\/idor\/idor-obtem-habilitacao-do-mec-para-desenvolvimento-da-faculdade-de-medicina\/","og_locale":"pt_BR","og_type":"article","og_title":"IDOR obt\u00e9m habilita\u00e7\u00e3o do MEC para desenvolvimento da faculdade de medicina no Rio de Janeiro - IDOR - Instituto D&#039;Or de Pesquisa e Ensino","og_description":"O Instituto D\u2019Or de Pesquisa e Ensino (IDOR) obteve, na sexta-feira, 6 de mar\u00e7o de 2026, junto ao Minist\u00e9rio da Educa\u00e7\u00e3o (MEC), a habilita\u00e7\u00e3o para o desenvolvimento de uma nova faculdade de medicina no munic\u00edpio do Rio de Janeiro.","og_url":"https:\/\/www.rededorsaoluiz.com.br\/instituto\/idor\/idor-obtem-habilitacao-do-mec-para-desenvolvimento-da-faculdade-de-medicina\/","og_site_name":"IDOR - Instituto D&#039;Or de Pesquisa e Ensino","article_published_time":"2026-03-06T23:36:19+00:00","og_image":[{"width":1920,"height":1080,"url":"https:\/\/www.rededorsaoluiz.com.br\/instituto\/idor\/wp-content\/uploads\/2026\/03\/IMG-20260306-WA0020-1.png","type":"image\/png"}],"twitter_card":"summary_large_image","twitter_misc":{"Est. tempo de leitura":"2 minutos"},"schema":{"@context":"https:\/\/schema.org","@graph":[{"@type":"Article","@id":"https:\/\/www.rededorsaoluiz.com.br\/instituto\/idor\/idor-obtem-habilitacao-do-mec-para-desenvolvimento-da-faculdade-de-medicina\/#article","isPartOf":{"@id":"https:\/\/www.rededorsaoluiz.com.br\/instituto\/idor\/idor-obtem-habilitacao-do-mec-para-desenvolvimento-da-faculdade-de-medicina\/"},"author":{"name":"","@id":""},"headline":"IDOR obt\u00e9m habilita\u00e7\u00e3o do MEC para desenvolvimento da faculdade de medicina no Rio de Janeiro","datePublished":"2026-03-06T23:36:19+00:00","mainEntityOfPage":{"@id":"https:\/\/www.rededorsaoluiz.com.br\/instituto\/idor\/idor-obtem-habilitacao-do-mec-para-desenvolvimento-da-faculdade-de-medicina\/"},"wordCount":363,"commentCount":0,"image":{"@id":"https:\/\/www.rededorsaoluiz.com.br\/instituto\/idor\/idor-obtem-habilitacao-do-mec-para-desenvolvimento-da-faculdade-de-medicina\/#primaryimage"},"thumbnailUrl":"https:\/\/www.rededorsaoluiz.com.br\/instituto\/idor\/wp-content\/uploads\/2026\/03\/IMG-20260306-WA0020-1.png","articleSection":["Ensino","Novidades"],"inLanguage":"pt-BR","potentialAction":[{"@type":"CommentAction","name":"Comment","target":["https:\/\/www.rededorsaoluiz.com.br\/instituto\/idor\/idor-obtem-habilitacao-do-mec-para-desenvolvimento-da-faculdade-de-medicina\/#respond"]}]},{"@type":"WebPage","@id":"https:\/\/www.rededorsaoluiz.com.br\/instituto\/idor\/idor-obtem-habilitacao-do-mec-para-desenvolvimento-da-faculdade-de-medicina\/","url":"https:\/\/www.rededorsaoluiz.com.br\/instituto\/idor\/idor-obtem-habilitacao-do-mec-para-desenvolvimento-da-faculdade-de-medicina\/","name":"IDOR obt\u00e9m habilita\u00e7\u00e3o do MEC para desenvolvimento da faculdade de medicina no Rio de Janeiro - IDOR - Instituto D&#039;Or de Pesquisa e Ensino","isPartOf":{"@id":"https:\/\/www.rededorsaoluiz.com.br\/instituto\/idor\/#website"},"primaryImageOfPage":{"@id":"https:\/\/www.rededorsaoluiz.com.br\/instituto\/idor\/idor-obtem-habilitacao-do-mec-para-desenvolvimento-da-faculdade-de-medicina\/#primaryimage"},"image":{"@id":"https:\/\/www.rededorsaoluiz.com.br\/instituto\/idor\/idor-obtem-habilitacao-do-mec-para-desenvolvimento-da-faculdade-de-medicina\/#primaryimage"},"thumbnailUrl":"https:\/\/www.rededorsaoluiz.com.br\/instituto\/idor\/wp-content\/uploads\/2026\/03\/IMG-20260306-WA0020-1.png","datePublished":"2026-03-06T23:36:19+00:00","author":{"@id":""},"breadcrumb":{"@id":"https:\/\/www.rededorsaoluiz.com.br\/instituto\/idor\/idor-obtem-habilitacao-do-mec-para-desenvolvimento-da-faculdade-de-medicina\/#breadcrumb"},"inLanguage":"pt-BR","potentialAction":[{"@type":"ReadAction","target":["https:\/\/www.rededorsaoluiz.com.br\/instituto\/idor\/idor-obtem-habilitacao-do-mec-para-desenvolvimento-da-faculdade-de-medicina\/"]}]},{"@type":"ImageObject","inLanguage":"pt-BR","@id":"https:\/\/www.rededorsaoluiz.com.br\/instituto\/idor\/idor-obtem-habilitacao-do-mec-para-desenvolvimento-da-faculdade-de-medicina\/#primaryimage","url":"https:\/\/www.rededorsaoluiz.com.br\/instituto\/idor\/wp-content\/uploads\/2026\/03\/IMG-20260306-WA0020-1.png","contentUrl":"https:\/\/www.rededorsaoluiz.com.br\/instituto\/idor\/wp-content\/uploads\/2026\/03\/IMG-20260306-WA0020-1.png","width":1920,"height":1080},{"@type":"BreadcrumbList","@id":"https:\/\/www.rededorsaoluiz.com.br\/instituto\/idor\/idor-obtem-habilitacao-do-mec-para-desenvolvimento-da-faculdade-de-medicina\/#breadcrumb","itemListElement":[{"@type":"ListItem","position":1,"name":"In\u00edcio","item":"https:\/\/www.rededorsaoluiz.com.br\/instituto\/idor\/"},{"@type":"ListItem","position":2,"name":"IDOR obt\u00e9m habilita\u00e7\u00e3o do MEC para desenvolvimento da faculdade de medicina no Rio de Janeiro"}]},{"@type":"WebSite","@id":"https:\/\/www.rededorsaoluiz.com.br\/instituto\/idor\/#website","url":"https:\/\/www.rededorsaoluiz.com.br\/instituto\/idor\/","name":"IDOR - Instituto D&#039;Or de Pesquisa e Ensino","description":"","potentialAction":[{"@type":"SearchAction","target":{"@type":"EntryPoint","urlTemplate":"https:\/\/www.rededorsaoluiz.com.br\/instituto\/idor\/?s={search_term_string}"},"query-input":{"@type":"PropertyValueSpecification","valueRequired":true,"valueName":"search_term_string"}}],"inLanguage":"pt-BR"}]}},"_links":{"self":[{"href":"https:\/\/www.rededorsaoluiz.com.br\/instituto\/idor\/wp-json\/wp\/v2\/posts\/17963","targetHints":{"allow":["GET"]}}],"collection":[{"href":"https:\/\/www.rededorsaoluiz.com.br\/instituto\/idor\/wp-json\/wp\/v2\/posts"}],"about":[{"href":"https:\/\/www.rededorsaoluiz.com.br\/instituto\/idor\/wp-json\/wp\/v2\/types\/post"}],"replies":[{"embeddable":true,"href":"https:\/\/www.rededorsaoluiz.com.br\/instituto\/idor\/wp-json\/wp\/v2\/comments?post=17963"}],"version-history":[{"count":0,"href":"https:\/\/www.rededorsaoluiz.com.br\/instituto\/idor\/wp-json\/wp\/v2\/posts\/17963\/revisions"}],"wp:featuredmedia":[{"embeddable":true,"href":"https:\/\/www.rededorsaoluiz.com.br\/instituto\/idor\/wp-json\/wp\/v2\/media\/17964"}],"wp:attachment":[{"href":"https:\/\/www.rededorsaoluiz.com.br\/instituto\/idor\/wp-json\/wp\/v2\/media?parent=17963"}],"wp:term":[{"taxonomy":"category","embeddable":true,"href":"https:\/\/www.rededorsaoluiz.com.br\/instituto\/idor\/wp-json\/wp\/v2\/categories?post=17963"},{"taxonomy":"post_tag","embeddable":true,"href":"https:\/\/www.rededorsaoluiz.com.br\/instituto\/idor\/wp-json\/wp\/v2\/tags?post=17963"}],"curies":[{"name":"wp","href":"https:\/\/api.w.org\/{rel}","templated":true}]}}