{"id":21205,"date":"2026-04-27T14:46:05","date_gmt":"2026-04-27T17:46:05","guid":{"rendered":"https:\/\/ptbr.idor.org\/?p=21205"},"modified":"2026-04-28T09:46:58","modified_gmt":"2026-04-28T12:46:58","slug":"idor-abre-inscricoes-para-graduacao-com-inicio-em-julho-de-2026","status":"publish","type":"post","link":"https:\/\/www.rededorsaoluiz.com.br\/instituto\/idor\/idor-abre-inscricoes-para-graduacao-com-inicio-em-julho-de-2026\/","title":{"rendered":"IDOR\u00a0abre inscri\u00e7\u00f5es para gradua\u00e7\u00e3o com in\u00edcio em julho de 2026"},"content":{"rendered":"\t\t<div data-elementor-type=\"wp-post\" data-elementor-id=\"21205\" class=\"elementor elementor-21205\" data-elementor-post-type=\"post\">\n\t\t\t\t<div class=\"elementor-element elementor-element-1a5703a9 e-flex e-con-boxed e-con e-parent\" data-id=\"1a5703a9\" data-element_type=\"container\">\n\t\t\t\t\t<div class=\"e-con-inner\">\n\t\t\t\t<div class=\"elementor-element elementor-element-3d68b6a0 elementor-widget elementor-widget-text-editor\" data-id=\"3d68b6a0\" data-element_type=\"widget\" data-widget_type=\"text-editor.default\">\n\t\t\t\t\t\t\t\t\t<div><p class=\"x_MsoNormal\">O Instituto D\u2019Or de Pesquisa e Ensino (IDOR) est\u00e1 com inscri\u00e7\u00f5es abertas para os cursos de gradua\u00e7\u00e3o em Enfermagem, Psicologia e Tecnologia em Radiologia. As aulas come\u00e7am em 27 de julho de 2026, em formato presencial.<\/p><\/div><div class=\"x_elementToProof\">\u00a0<\/div><div class=\"x_elementToProof\">Integrado \u00e0 Rede D\u2019Or, o IDOR oferece uma forma\u00e7\u00e3o conectada \u00e0 pr\u00e1tica em sa\u00fade, com acesso a ambientes reais de atua\u00e7\u00e3o, est\u00e1gios supervisionados e uma estrutura voltada ao ensino e \u00e0 pesquisa.<\/div><div class=\"x_elementToProof\">\u00a0<\/div><div class=\"x_elementToProof\">O processo seletivo conta com taxa solid\u00e1ria de inscri\u00e7\u00e3o, destinada a a\u00e7\u00f5es sociais ao final do per\u00edodo, e diferentes formas de ingresso. O candidato pode escolher entre Vestibular Tradicional (Bolsa de Estudos), Ingresso Simplificado (Reda\u00e7\u00e3o), ENEM, Transfer\u00eancia Externa ou Segunda Gradua\u00e7\u00e3o.<\/div><div class=\"x_elementToProof\">\u00a0<\/div><div class=\"x_elementToProof\">Entre as condi\u00e7\u00f5es oferecidas, o Vestibular Tradicional (Bolsa de Estudos) concede bolsa de at\u00e9 100% para o 1\u00ba colocado e 80% para o 2\u00ba colocado. Tamb\u00e9m h\u00e1 descontos de at\u00e9 75% para ingresso via ENEM, de acordo com a nota obtida. Para Transfer\u00eancia Externa e Segunda Gradua\u00e7\u00e3o, o IDOR oferece condi\u00e7\u00f5es diferenciadas de ingresso.<\/div><div class=\"x_elementToProof\">\u00a0<\/div><div class=\"x_elementToProof\">Na gradua\u00e7\u00e3o em Enfermagem, os alunos iniciam os est\u00e1gios em unidades hospitalares a partir do segundo ano, em integra\u00e7\u00e3o com a Rede D\u2019Or. A forma\u00e7\u00e3o combina metodologias ativas, laborat\u00f3rios de simula\u00e7\u00e3o cl\u00ednica e atua\u00e7\u00e3o em diferentes n\u00edveis de complexidade, incluindo UTIs. O curso tamb\u00e9m contempla o desenvolvimento em gest\u00e3o em sa\u00fade, preparando o aluno para fun\u00e7\u00f5es assistenciais e de lideran\u00e7a.<\/div><div class=\"x_elementToProof\">\u00a0<\/div><div class=\"x_elementToProof\">No curso de Psicologia, a forma\u00e7\u00e3o \u00e9 orientada pela Neuroci\u00eancia e integrada \u00e0 pr\u00e1tica desde o in\u00edcio. O ensino utiliza metodologias ativas e ambientes voltados ao aprendizado aplicado, com destaque para a atua\u00e7\u00e3o em Psicologia Hospitalar e Neuropsicologia. Os alunos t\u00eam acesso a est\u00e1gios em cl\u00ednicas e hospitais da Rede D\u2019Or, com viv\u00eancia multiprofissional em contextos cl\u00ednicos reais.<\/div><div class=\"x_elementToProof\">\u00a0<\/div><div class=\"x_elementToProof\">J\u00e1 a gradua\u00e7\u00e3o em Tecnologia em Radiologia oferece forma\u00e7\u00e3o superior em tr\u00eas anos, com acesso ao parque tecnol\u00f3gico de diagn\u00f3stico por imagem da Rede D\u2019Or. O curso \u00e9 desenvolvido em conex\u00e3o direta com o mercado, com est\u00e1gios realizados nas unidades do grupo e contato com profissionais atuantes na \u00e1rea.<\/div><div><p class=\"x_MsoNormal\">As inscri\u00e7\u00f5es j\u00e1 est\u00e3o abertas. <a href=\"https:\/\/www.rededorsaoluiz.com.br\/instituto\/idor\/tipo_cursos\/graduacao\/\">Para participar do processo seletivo, clique aqui.<\/a><\/p><\/div>\t\t\t\t\t\t\t\t<\/div>\n\t\t\t\t\t<\/div>\n\t\t\t\t<\/div>\n\t\t\t\t<\/div>\n\t\t","protected":false},"excerpt":{"rendered":"<p>O Instituto D\u2019Or de Pesquisa e Ensino (IDOR) est\u00e1 com inscri\u00e7\u00f5es abertas para os cursos de gradua\u00e7\u00e3o em Enfermagem, Psicologia e Tecnologia em Radiologia. As aulas come\u00e7am em 27 de julho de 2026, em formato presencial. \u00a0Integrado \u00e0 Rede D\u2019Or, o IDOR oferece uma forma\u00e7\u00e3o conectada \u00e0 pr\u00e1tica em sa\u00fade, com acesso a ambientes reais [&hellip;]<\/p>\n","protected":false},"author":4,"featured_media":21207,"comment_status":"open","ping_status":"open","sticky":false,"template":"","format":"standard","meta":{"_acf_changed":false,"footnotes":""},"categories":[5,191],"tags":[],"class_list":["post-21205","post","type-post","status-publish","format-standard","has-post-thumbnail","hentry","category-ensino","category-novidades"],"acf":[],"yoast_head":"<!-- This site is optimized with the Yoast SEO plugin v27.3 - https:\/\/yoast.com\/product\/yoast-seo-wordpress\/ -->\n<title>IDOR\u00a0abre inscri\u00e7\u00f5es para gradua\u00e7\u00e3o com in\u00edcio em julho de 2026 - IDOR - Instituto D&#039;Or de Pesquisa e Ensino<\/title>\n<link rel=\"canonical\" href=\"https:\/\/ptbr.idor.org\/idor-abre-inscricoes-para-graduacao-com-inicio-em-julho-de-2026\/\" \/>\n<meta property=\"og:locale\" content=\"pt_BR\" \/>\n<meta property=\"og:type\" content=\"article\" \/>\n<meta property=\"og:title\" content=\"IDOR\u00a0abre inscri\u00e7\u00f5es para gradua\u00e7\u00e3o com in\u00edcio em julho de 2026 - IDOR - Instituto D&#039;Or de Pesquisa e Ensino\" \/>\n<meta property=\"og:description\" content=\"O Instituto D\u2019Or de Pesquisa e Ensino (IDOR) est\u00e1 com inscri\u00e7\u00f5es abertas para os cursos de gradua\u00e7\u00e3o em Enfermagem, Psicologia e Tecnologia em Radiologia. As aulas come\u00e7am em 27 de julho de 2026, em formato presencial. \u00a0Integrado \u00e0 Rede D\u2019Or, o IDOR oferece uma forma\u00e7\u00e3o conectada \u00e0 pr\u00e1tica em sa\u00fade, com acesso a ambientes reais [&hellip;]\" \/>\n<meta property=\"og:url\" content=\"https:\/\/ptbr.idor.org\/idor-abre-inscricoes-para-graduacao-com-inicio-em-julho-de-2026\/\" \/>\n<meta property=\"og:site_name\" content=\"IDOR - Instituto D&#039;Or de Pesquisa e Ensino\" \/>\n<meta property=\"article:published_time\" content=\"2026-04-27T17:46:05+00:00\" \/>\n<meta property=\"article:modified_time\" content=\"2026-04-28T12:46:58+00:00\" \/>\n<meta property=\"og:image\" content=\"https:\/\/ptbr.idor.org\/wp-content\/uploads\/2026\/04\/3-26-graduacao2026.2-inscricoes-aberta-carrossel-1-1-819x1024.png\" \/>\n\t<meta property=\"og:image:width\" content=\"819\" \/>\n\t<meta property=\"og:image:height\" content=\"1024\" \/>\n\t<meta property=\"og:image:type\" content=\"image\/png\" \/>\n<meta name=\"author\" content=\"BrunoLourenco\" \/>\n<meta name=\"twitter:card\" content=\"summary_large_image\" \/>\n<meta name=\"twitter:label1\" content=\"Escrito por\" \/>\n\t<meta name=\"twitter:data1\" content=\"BrunoLourenco\" \/>\n\t<meta name=\"twitter:label2\" content=\"Est. tempo de leitura\" \/>\n\t<meta name=\"twitter:data2\" content=\"2 minutos\" \/>\n<script type=\"application\/ld+json\" class=\"yoast-schema-graph\">{\"@context\":\"https:\\\/\\\/schema.org\",\"@graph\":[{\"@type\":\"Article\",\"@id\":\"https:\\\/\\\/ptbr.idor.org\\\/idor-abre-inscricoes-para-graduacao-com-inicio-em-julho-de-2026\\\/#article\",\"isPartOf\":{\"@id\":\"https:\\\/\\\/ptbr.idor.org\\\/idor-abre-inscricoes-para-graduacao-com-inicio-em-julho-de-2026\\\/\"},\"author\":{\"name\":\"BrunoLourenco\",\"@id\":\"https:\\\/\\\/www.rededorsaoluiz.com.br\\\/instituto\\\/idor\\\/#\\\/schema\\\/person\\\/e2305e33580ec24483644739acebea7d\"},\"headline\":\"IDOR\u00a0abre inscri\u00e7\u00f5es para gradua\u00e7\u00e3o com in\u00edcio em julho de 2026\",\"datePublished\":\"2026-04-27T17:46:05+00:00\",\"dateModified\":\"2026-04-28T12:46:58+00:00\",\"mainEntityOfPage\":{\"@id\":\"https:\\\/\\\/ptbr.idor.org\\\/idor-abre-inscricoes-para-graduacao-com-inicio-em-julho-de-2026\\\/\"},\"wordCount\":400,\"commentCount\":0,\"image\":{\"@id\":\"https:\\\/\\\/ptbr.idor.org\\\/idor-abre-inscricoes-para-graduacao-com-inicio-em-julho-de-2026\\\/#primaryimage\"},\"thumbnailUrl\":\"https:\\\/\\\/www.rededorsaoluiz.com.br\\\/instituto\\\/idor\\\/wp-content\\\/uploads\\\/2026\\\/04\\\/3-26-graduacao2026.2-inscricoes-aberta-carrossel-1-1-scaled.png\",\"articleSection\":[\"Ensino\",\"Novidades\"],\"inLanguage\":\"pt-BR\",\"potentialAction\":[{\"@type\":\"CommentAction\",\"name\":\"Comment\",\"target\":[\"https:\\\/\\\/ptbr.idor.org\\\/idor-abre-inscricoes-para-graduacao-com-inicio-em-julho-de-2026\\\/#respond\"]}]},{\"@type\":\"WebPage\",\"@id\":\"https:\\\/\\\/ptbr.idor.org\\\/idor-abre-inscricoes-para-graduacao-com-inicio-em-julho-de-2026\\\/\",\"url\":\"https:\\\/\\\/ptbr.idor.org\\\/idor-abre-inscricoes-para-graduacao-com-inicio-em-julho-de-2026\\\/\",\"name\":\"IDOR\u00a0abre inscri\u00e7\u00f5es para gradua\u00e7\u00e3o com in\u00edcio em julho de 2026 - IDOR - Instituto D&#039;Or de Pesquisa e Ensino\",\"isPartOf\":{\"@id\":\"https:\\\/\\\/www.rededorsaoluiz.com.br\\\/instituto\\\/idor\\\/#website\"},\"primaryImageOfPage\":{\"@id\":\"https:\\\/\\\/ptbr.idor.org\\\/idor-abre-inscricoes-para-graduacao-com-inicio-em-julho-de-2026\\\/#primaryimage\"},\"image\":{\"@id\":\"https:\\\/\\\/ptbr.idor.org\\\/idor-abre-inscricoes-para-graduacao-com-inicio-em-julho-de-2026\\\/#primaryimage\"},\"thumbnailUrl\":\"https:\\\/\\\/www.rededorsaoluiz.com.br\\\/instituto\\\/idor\\\/wp-content\\\/uploads\\\/2026\\\/04\\\/3-26-graduacao2026.2-inscricoes-aberta-carrossel-1-1-scaled.png\",\"datePublished\":\"2026-04-27T17:46:05+00:00\",\"dateModified\":\"2026-04-28T12:46:58+00:00\",\"author\":{\"@id\":\"https:\\\/\\\/www.rededorsaoluiz.com.br\\\/instituto\\\/idor\\\/#\\\/schema\\\/person\\\/e2305e33580ec24483644739acebea7d\"},\"breadcrumb\":{\"@id\":\"https:\\\/\\\/ptbr.idor.org\\\/idor-abre-inscricoes-para-graduacao-com-inicio-em-julho-de-2026\\\/#breadcrumb\"},\"inLanguage\":\"pt-BR\",\"potentialAction\":[{\"@type\":\"ReadAction\",\"target\":[\"https:\\\/\\\/ptbr.idor.org\\\/idor-abre-inscricoes-para-graduacao-com-inicio-em-julho-de-2026\\\/\"]}]},{\"@type\":\"ImageObject\",\"inLanguage\":\"pt-BR\",\"@id\":\"https:\\\/\\\/ptbr.idor.org\\\/idor-abre-inscricoes-para-graduacao-com-inicio-em-julho-de-2026\\\/#primaryimage\",\"url\":\"https:\\\/\\\/www.rededorsaoluiz.com.br\\\/instituto\\\/idor\\\/wp-content\\\/uploads\\\/2026\\\/04\\\/3-26-graduacao2026.2-inscricoes-aberta-carrossel-1-1-scaled.png\",\"contentUrl\":\"https:\\\/\\\/www.rededorsaoluiz.com.br\\\/instituto\\\/idor\\\/wp-content\\\/uploads\\\/2026\\\/04\\\/3-26-graduacao2026.2-inscricoes-aberta-carrossel-1-1-scaled.png\",\"width\":2048,\"height\":2560},{\"@type\":\"BreadcrumbList\",\"@id\":\"https:\\\/\\\/ptbr.idor.org\\\/idor-abre-inscricoes-para-graduacao-com-inicio-em-julho-de-2026\\\/#breadcrumb\",\"itemListElement\":[{\"@type\":\"ListItem\",\"position\":1,\"name\":\"In\u00edcio\",\"item\":\"https:\\\/\\\/ptbr.idor.org\\\/\"},{\"@type\":\"ListItem\",\"position\":2,\"name\":\"IDOR\u00a0abre inscri\u00e7\u00f5es para gradua\u00e7\u00e3o com in\u00edcio em julho de 2026\"}]},{\"@type\":\"WebSite\",\"@id\":\"https:\\\/\\\/www.rededorsaoluiz.com.br\\\/instituto\\\/idor\\\/#website\",\"url\":\"https:\\\/\\\/www.rededorsaoluiz.com.br\\\/instituto\\\/idor\\\/\",\"name\":\"IDOR - Instituto D&#039;Or de Pesquisa e Ensino\",\"description\":\"\",\"potentialAction\":[{\"@type\":\"SearchAction\",\"target\":{\"@type\":\"EntryPoint\",\"urlTemplate\":\"https:\\\/\\\/www.rededorsaoluiz.com.br\\\/instituto\\\/idor\\\/?s={search_term_string}\"},\"query-input\":{\"@type\":\"PropertyValueSpecification\",\"valueRequired\":true,\"valueName\":\"search_term_string\"}}],\"inLanguage\":\"pt-BR\"},{\"@type\":\"Person\",\"@id\":\"https:\\\/\\\/www.rededorsaoluiz.com.br\\\/instituto\\\/idor\\\/#\\\/schema\\\/person\\\/e2305e33580ec24483644739acebea7d\",\"name\":\"BrunoLourenco\",\"image\":{\"@type\":\"ImageObject\",\"inLanguage\":\"pt-BR\",\"@id\":\"https:\\\/\\\/secure.gravatar.com\\\/avatar\\\/86a261706ba89112034945c4e7a3a16a210ae1832ff2616ba7e1f660c4d88eb4?s=96&d=mm&r=g\",\"url\":\"https:\\\/\\\/secure.gravatar.com\\\/avatar\\\/86a261706ba89112034945c4e7a3a16a210ae1832ff2616ba7e1f660c4d88eb4?s=96&d=mm&r=g\",\"contentUrl\":\"https:\\\/\\\/secure.gravatar.com\\\/avatar\\\/86a261706ba89112034945c4e7a3a16a210ae1832ff2616ba7e1f660c4d88eb4?s=96&d=mm&r=g\",\"caption\":\"BrunoLourenco\"},\"url\":\"https:\\\/\\\/www.rededorsaoluiz.com.br\\\/instituto\\\/idor\\\/author\\\/brunolourenco\\\/\"}]}<\/script>\n<!-- \/ Yoast SEO plugin. -->","yoast_head_json":{"title":"IDOR\u00a0abre inscri\u00e7\u00f5es para gradua\u00e7\u00e3o com in\u00edcio em julho de 2026 - IDOR - Instituto D&#039;Or de Pesquisa e Ensino","canonical":"https:\/\/ptbr.idor.org\/idor-abre-inscricoes-para-graduacao-com-inicio-em-julho-de-2026\/","og_locale":"pt_BR","og_type":"article","og_title":"IDOR\u00a0abre inscri\u00e7\u00f5es para gradua\u00e7\u00e3o com in\u00edcio em julho de 2026 - IDOR - Instituto D&#039;Or de Pesquisa e Ensino","og_description":"O Instituto D\u2019Or de Pesquisa e Ensino (IDOR) est\u00e1 com inscri\u00e7\u00f5es abertas para os cursos de gradua\u00e7\u00e3o em Enfermagem, Psicologia e Tecnologia em Radiologia. As aulas come\u00e7am em 27 de julho de 2026, em formato presencial. \u00a0Integrado \u00e0 Rede D\u2019Or, o IDOR oferece uma forma\u00e7\u00e3o conectada \u00e0 pr\u00e1tica em sa\u00fade, com acesso a ambientes reais [&hellip;]","og_url":"https:\/\/ptbr.idor.org\/idor-abre-inscricoes-para-graduacao-com-inicio-em-julho-de-2026\/","og_site_name":"IDOR - Instituto D&#039;Or de Pesquisa e Ensino","article_published_time":"2026-04-27T17:46:05+00:00","article_modified_time":"2026-04-28T12:46:58+00:00","og_image":[{"width":819,"height":1024,"url":"https:\/\/ptbr.idor.org\/wp-content\/uploads\/2026\/04\/3-26-graduacao2026.2-inscricoes-aberta-carrossel-1-1-819x1024.png","type":"image\/png"}],"author":"BrunoLourenco","twitter_card":"summary_large_image","twitter_misc":{"Escrito por":"BrunoLourenco","Est. tempo de leitura":"2 minutos"},"schema":{"@context":"https:\/\/schema.org","@graph":[{"@type":"Article","@id":"https:\/\/ptbr.idor.org\/idor-abre-inscricoes-para-graduacao-com-inicio-em-julho-de-2026\/#article","isPartOf":{"@id":"https:\/\/ptbr.idor.org\/idor-abre-inscricoes-para-graduacao-com-inicio-em-julho-de-2026\/"},"author":{"name":"BrunoLourenco","@id":"https:\/\/www.rededorsaoluiz.com.br\/instituto\/idor\/#\/schema\/person\/e2305e33580ec24483644739acebea7d"},"headline":"IDOR\u00a0abre inscri\u00e7\u00f5es para gradua\u00e7\u00e3o com in\u00edcio em julho de 2026","datePublished":"2026-04-27T17:46:05+00:00","dateModified":"2026-04-28T12:46:58+00:00","mainEntityOfPage":{"@id":"https:\/\/ptbr.idor.org\/idor-abre-inscricoes-para-graduacao-com-inicio-em-julho-de-2026\/"},"wordCount":400,"commentCount":0,"image":{"@id":"https:\/\/ptbr.idor.org\/idor-abre-inscricoes-para-graduacao-com-inicio-em-julho-de-2026\/#primaryimage"},"thumbnailUrl":"https:\/\/www.rededorsaoluiz.com.br\/instituto\/idor\/wp-content\/uploads\/2026\/04\/3-26-graduacao2026.2-inscricoes-aberta-carrossel-1-1-scaled.png","articleSection":["Ensino","Novidades"],"inLanguage":"pt-BR","potentialAction":[{"@type":"CommentAction","name":"Comment","target":["https:\/\/ptbr.idor.org\/idor-abre-inscricoes-para-graduacao-com-inicio-em-julho-de-2026\/#respond"]}]},{"@type":"WebPage","@id":"https:\/\/ptbr.idor.org\/idor-abre-inscricoes-para-graduacao-com-inicio-em-julho-de-2026\/","url":"https:\/\/ptbr.idor.org\/idor-abre-inscricoes-para-graduacao-com-inicio-em-julho-de-2026\/","name":"IDOR\u00a0abre inscri\u00e7\u00f5es para gradua\u00e7\u00e3o com in\u00edcio em julho de 2026 - IDOR - Instituto D&#039;Or de Pesquisa e Ensino","isPartOf":{"@id":"https:\/\/www.rededorsaoluiz.com.br\/instituto\/idor\/#website"},"primaryImageOfPage":{"@id":"https:\/\/ptbr.idor.org\/idor-abre-inscricoes-para-graduacao-com-inicio-em-julho-de-2026\/#primaryimage"},"image":{"@id":"https:\/\/ptbr.idor.org\/idor-abre-inscricoes-para-graduacao-com-inicio-em-julho-de-2026\/#primaryimage"},"thumbnailUrl":"https:\/\/www.rededorsaoluiz.com.br\/instituto\/idor\/wp-content\/uploads\/2026\/04\/3-26-graduacao2026.2-inscricoes-aberta-carrossel-1-1-scaled.png","datePublished":"2026-04-27T17:46:05+00:00","dateModified":"2026-04-28T12:46:58+00:00","author":{"@id":"https:\/\/www.rededorsaoluiz.com.br\/instituto\/idor\/#\/schema\/person\/e2305e33580ec24483644739acebea7d"},"breadcrumb":{"@id":"https:\/\/ptbr.idor.org\/idor-abre-inscricoes-para-graduacao-com-inicio-em-julho-de-2026\/#breadcrumb"},"inLanguage":"pt-BR","potentialAction":[{"@type":"ReadAction","target":["https:\/\/ptbr.idor.org\/idor-abre-inscricoes-para-graduacao-com-inicio-em-julho-de-2026\/"]}]},{"@type":"ImageObject","inLanguage":"pt-BR","@id":"https:\/\/ptbr.idor.org\/idor-abre-inscricoes-para-graduacao-com-inicio-em-julho-de-2026\/#primaryimage","url":"https:\/\/www.rededorsaoluiz.com.br\/instituto\/idor\/wp-content\/uploads\/2026\/04\/3-26-graduacao2026.2-inscricoes-aberta-carrossel-1-1-scaled.png","contentUrl":"https:\/\/www.rededorsaoluiz.com.br\/instituto\/idor\/wp-content\/uploads\/2026\/04\/3-26-graduacao2026.2-inscricoes-aberta-carrossel-1-1-scaled.png","width":2048,"height":2560},{"@type":"BreadcrumbList","@id":"https:\/\/ptbr.idor.org\/idor-abre-inscricoes-para-graduacao-com-inicio-em-julho-de-2026\/#breadcrumb","itemListElement":[{"@type":"ListItem","position":1,"name":"In\u00edcio","item":"https:\/\/ptbr.idor.org\/"},{"@type":"ListItem","position":2,"name":"IDOR\u00a0abre inscri\u00e7\u00f5es para gradua\u00e7\u00e3o com in\u00edcio em julho de 2026"}]},{"@type":"WebSite","@id":"https:\/\/www.rededorsaoluiz.com.br\/instituto\/idor\/#website","url":"https:\/\/www.rededorsaoluiz.com.br\/instituto\/idor\/","name":"IDOR - Instituto D&#039;Or de Pesquisa e Ensino","description":"","potentialAction":[{"@type":"SearchAction","target":{"@type":"EntryPoint","urlTemplate":"https:\/\/www.rededorsaoluiz.com.br\/instituto\/idor\/?s={search_term_string}"},"query-input":{"@type":"PropertyValueSpecification","valueRequired":true,"valueName":"search_term_string"}}],"inLanguage":"pt-BR"},{"@type":"Person","@id":"https:\/\/www.rededorsaoluiz.com.br\/instituto\/idor\/#\/schema\/person\/e2305e33580ec24483644739acebea7d","name":"BrunoLourenco","image":{"@type":"ImageObject","inLanguage":"pt-BR","@id":"https:\/\/secure.gravatar.com\/avatar\/86a261706ba89112034945c4e7a3a16a210ae1832ff2616ba7e1f660c4d88eb4?s=96&d=mm&r=g","url":"https:\/\/secure.gravatar.com\/avatar\/86a261706ba89112034945c4e7a3a16a210ae1832ff2616ba7e1f660c4d88eb4?s=96&d=mm&r=g","contentUrl":"https:\/\/secure.gravatar.com\/avatar\/86a261706ba89112034945c4e7a3a16a210ae1832ff2616ba7e1f660c4d88eb4?s=96&d=mm&r=g","caption":"BrunoLourenco"},"url":"https:\/\/www.rededorsaoluiz.com.br\/instituto\/idor\/author\/brunolourenco\/"}]}},"_links":{"self":[{"href":"https:\/\/www.rededorsaoluiz.com.br\/instituto\/idor\/wp-json\/wp\/v2\/posts\/21205","targetHints":{"allow":["GET"]}}],"collection":[{"href":"https:\/\/www.rededorsaoluiz.com.br\/instituto\/idor\/wp-json\/wp\/v2\/posts"}],"about":[{"href":"https:\/\/www.rededorsaoluiz.com.br\/instituto\/idor\/wp-json\/wp\/v2\/types\/post"}],"author":[{"embeddable":true,"href":"https:\/\/www.rededorsaoluiz.com.br\/instituto\/idor\/wp-json\/wp\/v2\/users\/4"}],"replies":[{"embeddable":true,"href":"https:\/\/www.rededorsaoluiz.com.br\/instituto\/idor\/wp-json\/wp\/v2\/comments?post=21205"}],"version-history":[{"count":7,"href":"https:\/\/www.rededorsaoluiz.com.br\/instituto\/idor\/wp-json\/wp\/v2\/posts\/21205\/revisions"}],"predecessor-version":[{"id":21351,"href":"https:\/\/www.rededorsaoluiz.com.br\/instituto\/idor\/wp-json\/wp\/v2\/posts\/21205\/revisions\/21351"}],"wp:featuredmedia":[{"embeddable":true,"href":"https:\/\/www.rededorsaoluiz.com.br\/instituto\/idor\/wp-json\/wp\/v2\/media\/21207"}],"wp:attachment":[{"href":"https:\/\/www.rededorsaoluiz.com.br\/instituto\/idor\/wp-json\/wp\/v2\/media?parent=21205"}],"wp:term":[{"taxonomy":"category","embeddable":true,"href":"https:\/\/www.rededorsaoluiz.com.br\/instituto\/idor\/wp-json\/wp\/v2\/categories?post=21205"},{"taxonomy":"post_tag","embeddable":true,"href":"https:\/\/www.rededorsaoluiz.com.br\/instituto\/idor\/wp-json\/wp\/v2\/tags?post=21205"}],"curies":[{"name":"wp","href":"https:\/\/api.w.org\/{rel}","templated":true}]}}