{"id":21553,"date":"2026-04-30T09:25:35","date_gmt":"2026-04-30T12:25:35","guid":{"rendered":"https:\/\/ptbr.idor.org\/?p=21553"},"modified":"2026-04-30T14:52:57","modified_gmt":"2026-04-30T17:52:57","slug":"alunos-do-tecnico-em-enfermagem-do-idor-rj-vivenciam-a-pratica-em-visitas-tecnicas-a-hospitais-da-rede-dor","status":"publish","type":"post","link":"https:\/\/www.rededorsaoluiz.com.br\/instituto\/idor\/alunos-do-tecnico-em-enfermagem-do-idor-rj-vivenciam-a-pratica-em-visitas-tecnicas-a-hospitais-da-rede-dor\/","title":{"rendered":"Alunos do T\u00e9cnico em Enfermagem do IDOR RJ vivenciam a pr\u00e1tica em visitas t\u00e9cnicas a hospitais da Rede D\u2019Or"},"content":{"rendered":"\t\t<div data-elementor-type=\"wp-post\" data-elementor-id=\"21553\" class=\"elementor elementor-21553\" data-elementor-post-type=\"post\">\n\t\t\t\t<div class=\"elementor-element elementor-element-53268ed e-flex e-con-boxed e-con e-parent\" data-id=\"53268ed\" data-element_type=\"container\">\n\t\t\t\t\t<div class=\"e-con-inner\">\n\t\t<div class=\"elementor-element elementor-element-19e7ec0 e-con-full e-flex e-con e-child\" data-id=\"19e7ec0\" data-element_type=\"container\">\n\t\t\t\t<div class=\"elementor-element elementor-element-74697b4 elementor-widget elementor-widget-text-editor\" data-id=\"74697b4\" data-element_type=\"widget\" data-widget_type=\"text-editor.default\">\n\t\t\t\t\t\t\t\t\t<p class=\"x_MsoNormal\">\u00a0<\/p><p>Os alunos do curso T\u00e9cnico em Enfermagem da Escola T\u00e9cnica IDOR, no Rio de Janeiro, participaram ao longo deste ano de duas visitas t\u00e9cnicas com foco na viv\u00eancia pr\u00e1tica e no aprofundamento de conhecimentos essenciais para a forma\u00e7\u00e3o profissional na \u00e1rea da sa\u00fade.<\/p><p>A primeira visita teve como tema central a seguran\u00e7a e a efic\u00e1cia na administra\u00e7\u00e3o de medicamentos, um dos pilares da atua\u00e7\u00e3o da enfermagem. Durante a atividade, os estudantes puderam conhecer de perto setores estrat\u00e9gicos do ambiente hospitalar, como farm\u00e1cia, almoxarifado e posto de enfermagem, compreendendo na pr\u00e1tica os fluxos, protocolos e cuidados envolvidos na dispensa\u00e7\u00e3o e administra\u00e7\u00e3o segura de medicamentos.<\/p><p>J\u00e1 a segunda visita foi voltada ao entendimento do cuidado ao paciente cir\u00fargico, com foco no funcionamento do Centro Cir\u00fargico e da Central de Material e Esteriliza\u00e7\u00e3o (CME). Nessa experi\u00eancia, os alunos tiveram a oportunidade de aprender sobre os processos que garantem a seguran\u00e7a do paciente antes, durante e ap\u00f3s procedimentos cir\u00fargicos, al\u00e9m da import\u00e2ncia da esteriliza\u00e7\u00e3o adequada de materiais e equipamentos hospitalares.<\/p><p>As visitas foram realizadas nos hospitais Quinta D\u2019Or e Gl\u00f3ria D\u2019Or, unidades da Rede D\u2019Or, proporcionando aos estudantes contato direto com a rotina profissional e refor\u00e7ando a import\u00e2ncia da integra\u00e7\u00e3o entre teoria e pr\u00e1tica na forma\u00e7\u00e3o t\u00e9cnica.<\/p><p>Para a coordenadora do curso, Beatriz Esp\u00edndola, a experi\u00eancia pr\u00e1tica \u00e9 um diferencial essencial na forma\u00e7\u00e3o dos estudantes. <em>\u201cVivenciar os espa\u00e7os reais da \u00e1rea da sa\u00fade permite que os alunos compreendam, na pr\u00e1tica, a responsabilidade e a complexidade do cuidado. Essas experi\u00eancias contribuem diretamente para o desenvolvimento do conhecimento t\u00e9cnico, mas tamb\u00e9m para a constru\u00e7\u00e3o da maturidade profissional, preparando-os de forma mais completa para os desafios do mercado de trabalho\u201d<\/em>, destaca.<\/p><p>A iniciativa refor\u00e7a o compromisso da Escola T\u00e9cnica IDOR com uma forma\u00e7\u00e3o de excel\u00eancia, conectada \u00e0 realidade do mercado de trabalho e \u00e0s boas pr\u00e1ticas da assist\u00eancia em sa\u00fade.<\/p><p>Quer fazer parte disso? As inscri\u00e7\u00f5es para nossas turmas do curso T\u00e9cnico em Enfermagem est\u00e3o abertas para as unidades do RJ e SP! <a href=\"https:\/\/www.rededorsaoluiz.com.br\/instituto\/idor\/tipo_cursos\/escola-tecnica-idor\/\">Inscreva-se!<\/a><\/p><p class=\"x_MsoNormal\">\u00a0<\/p>\t\t\t\t\t\t\t\t<\/div>\n\t\t\t\t<\/div>\n\t\t<div class=\"elementor-element elementor-element-70403a8 e-con-full e-flex e-con e-child\" data-id=\"70403a8\" data-element_type=\"container\">\n\t\t\t\t<div class=\"elementor-element elementor-element-407900f elementor-arrows-position-inside elementor-pagination-position-outside elementor-widget elementor-widget-image-carousel\" data-id=\"407900f\" data-element_type=\"widget\" data-settings=\"{&quot;slides_to_show&quot;:&quot;1&quot;,&quot;navigation&quot;:&quot;both&quot;,&quot;autoplay&quot;:&quot;yes&quot;,&quot;pause_on_hover&quot;:&quot;yes&quot;,&quot;pause_on_interaction&quot;:&quot;yes&quot;,&quot;autoplay_speed&quot;:5000,&quot;infinite&quot;:&quot;yes&quot;,&quot;effect&quot;:&quot;slide&quot;,&quot;speed&quot;:500}\" data-widget_type=\"image-carousel.default\">\n\t\t\t\t\t\t\t<div class=\"elementor-image-carousel-wrapper swiper\" role=\"region\" aria-roledescription=\"carousel\" aria-label=\"Carrossel de imagens\" dir=\"ltr\">\n\t\t\t<div class=\"elementor-image-carousel swiper-wrapper\" aria-live=\"off\">\n\t\t\t\t\t\t\t\t<div class=\"swiper-slide\" role=\"group\" aria-roledescription=\"slide\" aria-label=\"1 de 7\"><figure class=\"swiper-slide-inner\"><img decoding=\"async\" class=\"swiper-slide-image\" src=\"https:\/\/www.rededorsaoluiz.com.br\/instituto\/idor\/wp-content\/uploads\/2026\/04\/c0afeada-19db-49ee-9f66-b5251bbd9e5b.jpg\" alt=\"c0afeada-19db-49ee-9f66-b5251bbd9e5b\" \/><\/figure><\/div><div class=\"swiper-slide\" role=\"group\" aria-roledescription=\"slide\" aria-label=\"2 de 7\"><figure class=\"swiper-slide-inner\"><img decoding=\"async\" class=\"swiper-slide-image\" src=\"https:\/\/www.rededorsaoluiz.com.br\/instituto\/idor\/wp-content\/uploads\/2026\/04\/2e3419a2-8516-4f1d-9d34-b7c66e131f7d.jpg\" alt=\"2e3419a2-8516-4f1d-9d34-b7c66e131f7d\" \/><\/figure><\/div><div class=\"swiper-slide\" role=\"group\" aria-roledescription=\"slide\" aria-label=\"3 de 7\"><figure class=\"swiper-slide-inner\"><img decoding=\"async\" class=\"swiper-slide-image\" src=\"https:\/\/www.rededorsaoluiz.com.br\/instituto\/idor\/wp-content\/uploads\/2026\/04\/8ffc52cd-a223-422c-97eb-ff2d4c7a2693.jpg\" alt=\"8ffc52cd-a223-422c-97eb-ff2d4c7a2693\" \/><\/figure><\/div><div class=\"swiper-slide\" role=\"group\" aria-roledescription=\"slide\" aria-label=\"4 de 7\"><figure class=\"swiper-slide-inner\"><img decoding=\"async\" class=\"swiper-slide-image\" src=\"https:\/\/www.rededorsaoluiz.com.br\/instituto\/idor\/wp-content\/uploads\/2026\/04\/30b241cf-55ff-4a34-bc0c-682e554d8863.jpg\" alt=\"30b241cf-55ff-4a34-bc0c-682e554d8863\" \/><\/figure><\/div><div class=\"swiper-slide\" role=\"group\" aria-roledescription=\"slide\" aria-label=\"5 de 7\"><figure class=\"swiper-slide-inner\"><img decoding=\"async\" class=\"swiper-slide-image\" src=\"https:\/\/www.rededorsaoluiz.com.br\/instituto\/idor\/wp-content\/uploads\/2026\/04\/a8892f04-71df-494b-aeea-9801b2ccedc2.jpg\" alt=\"a8892f04-71df-494b-aeea-9801b2ccedc2\" \/><\/figure><\/div><div class=\"swiper-slide\" role=\"group\" aria-roledescription=\"slide\" aria-label=\"6 de 7\"><figure class=\"swiper-slide-inner\"><img decoding=\"async\" class=\"swiper-slide-image\" src=\"https:\/\/www.rededorsaoluiz.com.br\/instituto\/idor\/wp-content\/uploads\/2026\/04\/c7376e13-745e-47f3-aeee-786f49512e51.jpg\" alt=\"c7376e13-745e-47f3-aeee-786f49512e51\" \/><\/figure><\/div><div class=\"swiper-slide\" role=\"group\" aria-roledescription=\"slide\" aria-label=\"7 de 7\"><figure class=\"swiper-slide-inner\"><img decoding=\"async\" class=\"swiper-slide-image\" src=\"https:\/\/www.rededorsaoluiz.com.br\/instituto\/idor\/wp-content\/uploads\/2026\/04\/b330dd15-0745-4fde-983e-ce03132513d5.jpg\" alt=\"b330dd15-0745-4fde-983e-ce03132513d5\" \/><\/figure><\/div>\t\t\t<\/div>\n\t\t\t\t\t\t\t\t\t\t\t\t<div class=\"elementor-swiper-button elementor-swiper-button-prev\" role=\"button\" tabindex=\"0\">\n\t\t\t\t\t\t<svg aria-hidden=\"true\" class=\"e-font-icon-svg e-eicon-chevron-left\" viewBox=\"0 0 1000 1000\" xmlns=\"http:\/\/www.w3.org\/2000\/svg\"><path d=\"M646 125C629 125 613 133 604 142L308 442C296 454 292 471 292 487 292 504 296 521 308 533L604 854C617 867 629 875 646 875 663 875 679 871 692 858 704 846 713 829 713 812 713 796 708 779 692 767L438 487 692 225C700 217 708 204 708 187 708 171 704 154 692 142 675 129 663 125 646 125Z\"><\/path><\/svg>\t\t\t\t\t<\/div>\n\t\t\t\t\t<div class=\"elementor-swiper-button elementor-swiper-button-next\" role=\"button\" tabindex=\"0\">\n\t\t\t\t\t\t<svg aria-hidden=\"true\" class=\"e-font-icon-svg e-eicon-chevron-right\" viewBox=\"0 0 1000 1000\" xmlns=\"http:\/\/www.w3.org\/2000\/svg\"><path d=\"M696 533C708 521 713 504 713 487 713 471 708 454 696 446L400 146C388 133 375 125 354 125 338 125 325 129 313 142 300 154 292 171 292 187 292 204 296 221 308 233L563 492 304 771C292 783 288 800 288 817 288 833 296 850 308 863 321 871 338 875 354 875 371 875 388 867 400 854L696 533Z\"><\/path><\/svg>\t\t\t\t\t<\/div>\n\t\t\t\t\n\t\t\t\t\t\t\t\t\t<div class=\"swiper-pagination\"><\/div>\n\t\t\t\t\t\t\t\t\t<\/div>\n\t\t\t\t\t\t<\/div>\n\t\t\t\t<\/div>\n\t\t\t\t\t<\/div>\n\t\t\t\t<\/div>\n\t\t\t\t<\/div>\n\t\t","protected":false},"excerpt":{"rendered":"<p>Os alunos do curso T\u00e9cnico em Enfermagem da Escola T\u00e9cnica IDOR, no Rio de Janeiro, participaram ao longo deste ano de duas visitas t\u00e9cnicas com foco na viv\u00eancia pr\u00e1tica e no aprofundamento de conhecimentos essenciais para a forma\u00e7\u00e3o profissional na \u00e1rea da sa\u00fade. A primeira visita teve como tema central a seguran\u00e7a e a efic\u00e1cia [&hellip;]<\/p>\n","protected":false},"author":7,"featured_media":21557,"comment_status":"open","ping_status":"open","sticky":false,"template":"","format":"standard","meta":{"_acf_changed":false,"footnotes":""},"categories":[5],"tags":[],"class_list":["post-21553","post","type-post","status-publish","format-standard","has-post-thumbnail","hentry","category-ensino"],"acf":[],"yoast_head":"<!-- This site is optimized with the Yoast SEO plugin v27.3 - https:\/\/yoast.com\/product\/yoast-seo-wordpress\/ -->\n<title>Alunos do T\u00e9cnico em Enfermagem do IDOR RJ vivenciam a pr\u00e1tica em visitas t\u00e9cnicas a hospitais da Rede D\u2019Or - IDOR - Instituto D&#039;Or de Pesquisa e Ensino<\/title>\n<link rel=\"canonical\" href=\"https:\/\/ptbr.idor.org\/alunos-do-tecnico-em-enfermagem-do-idor-rj-vivenciam-a-pratica-em-visitas-tecnicas-a-hospitais-da-rede-dor\/\" \/>\n<meta property=\"og:locale\" content=\"pt_BR\" \/>\n<meta property=\"og:type\" content=\"article\" \/>\n<meta property=\"og:title\" content=\"Alunos do T\u00e9cnico em Enfermagem do IDOR RJ vivenciam a pr\u00e1tica em visitas t\u00e9cnicas a hospitais da Rede D\u2019Or - IDOR - Instituto D&#039;Or de Pesquisa e Ensino\" \/>\n<meta property=\"og:description\" content=\"Os alunos do curso T\u00e9cnico em Enfermagem da Escola T\u00e9cnica IDOR, no Rio de Janeiro, participaram ao longo deste ano de duas visitas t\u00e9cnicas com foco na viv\u00eancia pr\u00e1tica e no aprofundamento de conhecimentos essenciais para a forma\u00e7\u00e3o profissional na \u00e1rea da sa\u00fade. A primeira visita teve como tema central a seguran\u00e7a e a efic\u00e1cia [&hellip;]\" \/>\n<meta property=\"og:url\" content=\"https:\/\/ptbr.idor.org\/alunos-do-tecnico-em-enfermagem-do-idor-rj-vivenciam-a-pratica-em-visitas-tecnicas-a-hospitais-da-rede-dor\/\" \/>\n<meta property=\"og:site_name\" content=\"IDOR - Instituto D&#039;Or de Pesquisa e Ensino\" \/>\n<meta property=\"article:published_time\" content=\"2026-04-30T12:25:35+00:00\" \/>\n<meta property=\"article:modified_time\" content=\"2026-04-30T17:52:57+00:00\" \/>\n<meta property=\"og:image\" content=\"https:\/\/ptbr.idor.org\/wp-content\/uploads\/2026\/04\/30b241cf-55ff-4a34-bc0c-682e554d8863.jpg\" \/>\n\t<meta property=\"og:image:width\" content=\"1200\" \/>\n\t<meta property=\"og:image:height\" content=\"1600\" \/>\n\t<meta property=\"og:image:type\" content=\"image\/jpeg\" \/>\n<meta name=\"author\" content=\"lucas.gomesd\" \/>\n<meta name=\"twitter:card\" content=\"summary_large_image\" \/>\n<meta name=\"twitter:label1\" content=\"Escrito por\" \/>\n\t<meta name=\"twitter:data1\" content=\"lucas.gomesd\" \/>\n\t<meta name=\"twitter:label2\" content=\"Est. tempo de leitura\" \/>\n\t<meta name=\"twitter:data2\" content=\"4 minutos\" \/>\n<script type=\"application\/ld+json\" class=\"yoast-schema-graph\">{\"@context\":\"https:\\\/\\\/schema.org\",\"@graph\":[{\"@type\":\"Article\",\"@id\":\"https:\\\/\\\/ptbr.idor.org\\\/alunos-do-tecnico-em-enfermagem-do-idor-rj-vivenciam-a-pratica-em-visitas-tecnicas-a-hospitais-da-rede-dor\\\/#article\",\"isPartOf\":{\"@id\":\"https:\\\/\\\/ptbr.idor.org\\\/alunos-do-tecnico-em-enfermagem-do-idor-rj-vivenciam-a-pratica-em-visitas-tecnicas-a-hospitais-da-rede-dor\\\/\"},\"author\":{\"name\":\"lucas.gomesd\",\"@id\":\"https:\\\/\\\/www.rededorsaoluiz.com.br\\\/instituto\\\/idor\\\/#\\\/schema\\\/person\\\/5cd8ba8c70d86fd6ae75d8c9dc53a12f\"},\"headline\":\"Alunos do T\u00e9cnico em Enfermagem do IDOR RJ vivenciam a pr\u00e1tica em visitas t\u00e9cnicas a hospitais da Rede D\u2019Or\",\"datePublished\":\"2026-04-30T12:25:35+00:00\",\"dateModified\":\"2026-04-30T17:52:57+00:00\",\"mainEntityOfPage\":{\"@id\":\"https:\\\/\\\/ptbr.idor.org\\\/alunos-do-tecnico-em-enfermagem-do-idor-rj-vivenciam-a-pratica-em-visitas-tecnicas-a-hospitais-da-rede-dor\\\/\"},\"wordCount\":406,\"commentCount\":0,\"image\":{\"@id\":\"https:\\\/\\\/ptbr.idor.org\\\/alunos-do-tecnico-em-enfermagem-do-idor-rj-vivenciam-a-pratica-em-visitas-tecnicas-a-hospitais-da-rede-dor\\\/#primaryimage\"},\"thumbnailUrl\":\"https:\\\/\\\/www.rededorsaoluiz.com.br\\\/instituto\\\/idor\\\/wp-content\\\/uploads\\\/2026\\\/04\\\/30b241cf-55ff-4a34-bc0c-682e554d8863.jpg\",\"articleSection\":[\"Ensino\"],\"inLanguage\":\"pt-BR\",\"potentialAction\":[{\"@type\":\"CommentAction\",\"name\":\"Comment\",\"target\":[\"https:\\\/\\\/ptbr.idor.org\\\/alunos-do-tecnico-em-enfermagem-do-idor-rj-vivenciam-a-pratica-em-visitas-tecnicas-a-hospitais-da-rede-dor\\\/#respond\"]}]},{\"@type\":\"WebPage\",\"@id\":\"https:\\\/\\\/ptbr.idor.org\\\/alunos-do-tecnico-em-enfermagem-do-idor-rj-vivenciam-a-pratica-em-visitas-tecnicas-a-hospitais-da-rede-dor\\\/\",\"url\":\"https:\\\/\\\/ptbr.idor.org\\\/alunos-do-tecnico-em-enfermagem-do-idor-rj-vivenciam-a-pratica-em-visitas-tecnicas-a-hospitais-da-rede-dor\\\/\",\"name\":\"Alunos do T\u00e9cnico em Enfermagem do IDOR RJ vivenciam a pr\u00e1tica em visitas t\u00e9cnicas a hospitais da Rede D\u2019Or - IDOR - Instituto D&#039;Or de Pesquisa e Ensino\",\"isPartOf\":{\"@id\":\"https:\\\/\\\/www.rededorsaoluiz.com.br\\\/instituto\\\/idor\\\/#website\"},\"primaryImageOfPage\":{\"@id\":\"https:\\\/\\\/ptbr.idor.org\\\/alunos-do-tecnico-em-enfermagem-do-idor-rj-vivenciam-a-pratica-em-visitas-tecnicas-a-hospitais-da-rede-dor\\\/#primaryimage\"},\"image\":{\"@id\":\"https:\\\/\\\/ptbr.idor.org\\\/alunos-do-tecnico-em-enfermagem-do-idor-rj-vivenciam-a-pratica-em-visitas-tecnicas-a-hospitais-da-rede-dor\\\/#primaryimage\"},\"thumbnailUrl\":\"https:\\\/\\\/www.rededorsaoluiz.com.br\\\/instituto\\\/idor\\\/wp-content\\\/uploads\\\/2026\\\/04\\\/30b241cf-55ff-4a34-bc0c-682e554d8863.jpg\",\"datePublished\":\"2026-04-30T12:25:35+00:00\",\"dateModified\":\"2026-04-30T17:52:57+00:00\",\"author\":{\"@id\":\"https:\\\/\\\/www.rededorsaoluiz.com.br\\\/instituto\\\/idor\\\/#\\\/schema\\\/person\\\/5cd8ba8c70d86fd6ae75d8c9dc53a12f\"},\"breadcrumb\":{\"@id\":\"https:\\\/\\\/ptbr.idor.org\\\/alunos-do-tecnico-em-enfermagem-do-idor-rj-vivenciam-a-pratica-em-visitas-tecnicas-a-hospitais-da-rede-dor\\\/#breadcrumb\"},\"inLanguage\":\"pt-BR\",\"potentialAction\":[{\"@type\":\"ReadAction\",\"target\":[\"https:\\\/\\\/ptbr.idor.org\\\/alunos-do-tecnico-em-enfermagem-do-idor-rj-vivenciam-a-pratica-em-visitas-tecnicas-a-hospitais-da-rede-dor\\\/\"]}]},{\"@type\":\"ImageObject\",\"inLanguage\":\"pt-BR\",\"@id\":\"https:\\\/\\\/ptbr.idor.org\\\/alunos-do-tecnico-em-enfermagem-do-idor-rj-vivenciam-a-pratica-em-visitas-tecnicas-a-hospitais-da-rede-dor\\\/#primaryimage\",\"url\":\"https:\\\/\\\/www.rededorsaoluiz.com.br\\\/instituto\\\/idor\\\/wp-content\\\/uploads\\\/2026\\\/04\\\/30b241cf-55ff-4a34-bc0c-682e554d8863.jpg\",\"contentUrl\":\"https:\\\/\\\/www.rededorsaoluiz.com.br\\\/instituto\\\/idor\\\/wp-content\\\/uploads\\\/2026\\\/04\\\/30b241cf-55ff-4a34-bc0c-682e554d8863.jpg\",\"width\":1200,\"height\":1600},{\"@type\":\"BreadcrumbList\",\"@id\":\"https:\\\/\\\/ptbr.idor.org\\\/alunos-do-tecnico-em-enfermagem-do-idor-rj-vivenciam-a-pratica-em-visitas-tecnicas-a-hospitais-da-rede-dor\\\/#breadcrumb\",\"itemListElement\":[{\"@type\":\"ListItem\",\"position\":1,\"name\":\"In\u00edcio\",\"item\":\"https:\\\/\\\/www.rededorsaoluiz.com.br\\\/instituto\\\/idor\\\/\"},{\"@type\":\"ListItem\",\"position\":2,\"name\":\"Alunos do T\u00e9cnico em Enfermagem do IDOR RJ vivenciam a pr\u00e1tica em visitas t\u00e9cnicas a hospitais da Rede D\u2019Or\"}]},{\"@type\":\"WebSite\",\"@id\":\"https:\\\/\\\/www.rededorsaoluiz.com.br\\\/instituto\\\/idor\\\/#website\",\"url\":\"https:\\\/\\\/www.rededorsaoluiz.com.br\\\/instituto\\\/idor\\\/\",\"name\":\"IDOR - Instituto D&#039;Or de Pesquisa e Ensino\",\"description\":\"\",\"potentialAction\":[{\"@type\":\"SearchAction\",\"target\":{\"@type\":\"EntryPoint\",\"urlTemplate\":\"https:\\\/\\\/www.rededorsaoluiz.com.br\\\/instituto\\\/idor\\\/?s={search_term_string}\"},\"query-input\":{\"@type\":\"PropertyValueSpecification\",\"valueRequired\":true,\"valueName\":\"search_term_string\"}}],\"inLanguage\":\"pt-BR\"},{\"@type\":\"Person\",\"@id\":\"https:\\\/\\\/www.rededorsaoluiz.com.br\\\/instituto\\\/idor\\\/#\\\/schema\\\/person\\\/5cd8ba8c70d86fd6ae75d8c9dc53a12f\",\"name\":\"lucas.gomesd\",\"image\":{\"@type\":\"ImageObject\",\"inLanguage\":\"pt-BR\",\"@id\":\"https:\\\/\\\/secure.gravatar.com\\\/avatar\\\/7cf841f8b876b31f38eeaed420a6468a692f78efae65a40bebab9707b0f76e70?s=96&d=mm&r=g\",\"url\":\"https:\\\/\\\/secure.gravatar.com\\\/avatar\\\/7cf841f8b876b31f38eeaed420a6468a692f78efae65a40bebab9707b0f76e70?s=96&d=mm&r=g\",\"contentUrl\":\"https:\\\/\\\/secure.gravatar.com\\\/avatar\\\/7cf841f8b876b31f38eeaed420a6468a692f78efae65a40bebab9707b0f76e70?s=96&d=mm&r=g\",\"caption\":\"lucas.gomesd\"},\"url\":\"https:\\\/\\\/www.rededorsaoluiz.com.br\\\/instituto\\\/idor\\\/author\\\/lucas-gomesd\\\/\"}]}<\/script>\n<!-- \/ Yoast SEO plugin. -->","yoast_head_json":{"title":"Alunos do T\u00e9cnico em Enfermagem do IDOR RJ vivenciam a pr\u00e1tica em visitas t\u00e9cnicas a hospitais da Rede D\u2019Or - IDOR - Instituto D&#039;Or de Pesquisa e Ensino","canonical":"https:\/\/ptbr.idor.org\/alunos-do-tecnico-em-enfermagem-do-idor-rj-vivenciam-a-pratica-em-visitas-tecnicas-a-hospitais-da-rede-dor\/","og_locale":"pt_BR","og_type":"article","og_title":"Alunos do T\u00e9cnico em Enfermagem do IDOR RJ vivenciam a pr\u00e1tica em visitas t\u00e9cnicas a hospitais da Rede D\u2019Or - IDOR - Instituto D&#039;Or de Pesquisa e Ensino","og_description":"Os alunos do curso T\u00e9cnico em Enfermagem da Escola T\u00e9cnica IDOR, no Rio de Janeiro, participaram ao longo deste ano de duas visitas t\u00e9cnicas com foco na viv\u00eancia pr\u00e1tica e no aprofundamento de conhecimentos essenciais para a forma\u00e7\u00e3o profissional na \u00e1rea da sa\u00fade. A primeira visita teve como tema central a seguran\u00e7a e a efic\u00e1cia [&hellip;]","og_url":"https:\/\/ptbr.idor.org\/alunos-do-tecnico-em-enfermagem-do-idor-rj-vivenciam-a-pratica-em-visitas-tecnicas-a-hospitais-da-rede-dor\/","og_site_name":"IDOR - Instituto D&#039;Or de Pesquisa e Ensino","article_published_time":"2026-04-30T12:25:35+00:00","article_modified_time":"2026-04-30T17:52:57+00:00","og_image":[{"width":1200,"height":1600,"url":"https:\/\/ptbr.idor.org\/wp-content\/uploads\/2026\/04\/30b241cf-55ff-4a34-bc0c-682e554d8863.jpg","type":"image\/jpeg"}],"author":"lucas.gomesd","twitter_card":"summary_large_image","twitter_misc":{"Escrito por":"lucas.gomesd","Est. tempo de leitura":"4 minutos"},"schema":{"@context":"https:\/\/schema.org","@graph":[{"@type":"Article","@id":"https:\/\/ptbr.idor.org\/alunos-do-tecnico-em-enfermagem-do-idor-rj-vivenciam-a-pratica-em-visitas-tecnicas-a-hospitais-da-rede-dor\/#article","isPartOf":{"@id":"https:\/\/ptbr.idor.org\/alunos-do-tecnico-em-enfermagem-do-idor-rj-vivenciam-a-pratica-em-visitas-tecnicas-a-hospitais-da-rede-dor\/"},"author":{"name":"lucas.gomesd","@id":"https:\/\/www.rededorsaoluiz.com.br\/instituto\/idor\/#\/schema\/person\/5cd8ba8c70d86fd6ae75d8c9dc53a12f"},"headline":"Alunos do T\u00e9cnico em Enfermagem do IDOR RJ vivenciam a pr\u00e1tica em visitas t\u00e9cnicas a hospitais da Rede D\u2019Or","datePublished":"2026-04-30T12:25:35+00:00","dateModified":"2026-04-30T17:52:57+00:00","mainEntityOfPage":{"@id":"https:\/\/ptbr.idor.org\/alunos-do-tecnico-em-enfermagem-do-idor-rj-vivenciam-a-pratica-em-visitas-tecnicas-a-hospitais-da-rede-dor\/"},"wordCount":406,"commentCount":0,"image":{"@id":"https:\/\/ptbr.idor.org\/alunos-do-tecnico-em-enfermagem-do-idor-rj-vivenciam-a-pratica-em-visitas-tecnicas-a-hospitais-da-rede-dor\/#primaryimage"},"thumbnailUrl":"https:\/\/www.rededorsaoluiz.com.br\/instituto\/idor\/wp-content\/uploads\/2026\/04\/30b241cf-55ff-4a34-bc0c-682e554d8863.jpg","articleSection":["Ensino"],"inLanguage":"pt-BR","potentialAction":[{"@type":"CommentAction","name":"Comment","target":["https:\/\/ptbr.idor.org\/alunos-do-tecnico-em-enfermagem-do-idor-rj-vivenciam-a-pratica-em-visitas-tecnicas-a-hospitais-da-rede-dor\/#respond"]}]},{"@type":"WebPage","@id":"https:\/\/ptbr.idor.org\/alunos-do-tecnico-em-enfermagem-do-idor-rj-vivenciam-a-pratica-em-visitas-tecnicas-a-hospitais-da-rede-dor\/","url":"https:\/\/ptbr.idor.org\/alunos-do-tecnico-em-enfermagem-do-idor-rj-vivenciam-a-pratica-em-visitas-tecnicas-a-hospitais-da-rede-dor\/","name":"Alunos do T\u00e9cnico em Enfermagem do IDOR RJ vivenciam a pr\u00e1tica em visitas t\u00e9cnicas a hospitais da Rede D\u2019Or - IDOR - Instituto D&#039;Or de Pesquisa e Ensino","isPartOf":{"@id":"https:\/\/www.rededorsaoluiz.com.br\/instituto\/idor\/#website"},"primaryImageOfPage":{"@id":"https:\/\/ptbr.idor.org\/alunos-do-tecnico-em-enfermagem-do-idor-rj-vivenciam-a-pratica-em-visitas-tecnicas-a-hospitais-da-rede-dor\/#primaryimage"},"image":{"@id":"https:\/\/ptbr.idor.org\/alunos-do-tecnico-em-enfermagem-do-idor-rj-vivenciam-a-pratica-em-visitas-tecnicas-a-hospitais-da-rede-dor\/#primaryimage"},"thumbnailUrl":"https:\/\/www.rededorsaoluiz.com.br\/instituto\/idor\/wp-content\/uploads\/2026\/04\/30b241cf-55ff-4a34-bc0c-682e554d8863.jpg","datePublished":"2026-04-30T12:25:35+00:00","dateModified":"2026-04-30T17:52:57+00:00","author":{"@id":"https:\/\/www.rededorsaoluiz.com.br\/instituto\/idor\/#\/schema\/person\/5cd8ba8c70d86fd6ae75d8c9dc53a12f"},"breadcrumb":{"@id":"https:\/\/ptbr.idor.org\/alunos-do-tecnico-em-enfermagem-do-idor-rj-vivenciam-a-pratica-em-visitas-tecnicas-a-hospitais-da-rede-dor\/#breadcrumb"},"inLanguage":"pt-BR","potentialAction":[{"@type":"ReadAction","target":["https:\/\/ptbr.idor.org\/alunos-do-tecnico-em-enfermagem-do-idor-rj-vivenciam-a-pratica-em-visitas-tecnicas-a-hospitais-da-rede-dor\/"]}]},{"@type":"ImageObject","inLanguage":"pt-BR","@id":"https:\/\/ptbr.idor.org\/alunos-do-tecnico-em-enfermagem-do-idor-rj-vivenciam-a-pratica-em-visitas-tecnicas-a-hospitais-da-rede-dor\/#primaryimage","url":"https:\/\/www.rededorsaoluiz.com.br\/instituto\/idor\/wp-content\/uploads\/2026\/04\/30b241cf-55ff-4a34-bc0c-682e554d8863.jpg","contentUrl":"https:\/\/www.rededorsaoluiz.com.br\/instituto\/idor\/wp-content\/uploads\/2026\/04\/30b241cf-55ff-4a34-bc0c-682e554d8863.jpg","width":1200,"height":1600},{"@type":"BreadcrumbList","@id":"https:\/\/ptbr.idor.org\/alunos-do-tecnico-em-enfermagem-do-idor-rj-vivenciam-a-pratica-em-visitas-tecnicas-a-hospitais-da-rede-dor\/#breadcrumb","itemListElement":[{"@type":"ListItem","position":1,"name":"In\u00edcio","item":"https:\/\/www.rededorsaoluiz.com.br\/instituto\/idor\/"},{"@type":"ListItem","position":2,"name":"Alunos do T\u00e9cnico em Enfermagem do IDOR RJ vivenciam a pr\u00e1tica em visitas t\u00e9cnicas a hospitais da Rede D\u2019Or"}]},{"@type":"WebSite","@id":"https:\/\/www.rededorsaoluiz.com.br\/instituto\/idor\/#website","url":"https:\/\/www.rededorsaoluiz.com.br\/instituto\/idor\/","name":"IDOR - Instituto D&#039;Or de Pesquisa e Ensino","description":"","potentialAction":[{"@type":"SearchAction","target":{"@type":"EntryPoint","urlTemplate":"https:\/\/www.rededorsaoluiz.com.br\/instituto\/idor\/?s={search_term_string}"},"query-input":{"@type":"PropertyValueSpecification","valueRequired":true,"valueName":"search_term_string"}}],"inLanguage":"pt-BR"},{"@type":"Person","@id":"https:\/\/www.rededorsaoluiz.com.br\/instituto\/idor\/#\/schema\/person\/5cd8ba8c70d86fd6ae75d8c9dc53a12f","name":"lucas.gomesd","image":{"@type":"ImageObject","inLanguage":"pt-BR","@id":"https:\/\/secure.gravatar.com\/avatar\/7cf841f8b876b31f38eeaed420a6468a692f78efae65a40bebab9707b0f76e70?s=96&d=mm&r=g","url":"https:\/\/secure.gravatar.com\/avatar\/7cf841f8b876b31f38eeaed420a6468a692f78efae65a40bebab9707b0f76e70?s=96&d=mm&r=g","contentUrl":"https:\/\/secure.gravatar.com\/avatar\/7cf841f8b876b31f38eeaed420a6468a692f78efae65a40bebab9707b0f76e70?s=96&d=mm&r=g","caption":"lucas.gomesd"},"url":"https:\/\/www.rededorsaoluiz.com.br\/instituto\/idor\/author\/lucas-gomesd\/"}]}},"_links":{"self":[{"href":"https:\/\/www.rededorsaoluiz.com.br\/instituto\/idor\/wp-json\/wp\/v2\/posts\/21553","targetHints":{"allow":["GET"]}}],"collection":[{"href":"https:\/\/www.rededorsaoluiz.com.br\/instituto\/idor\/wp-json\/wp\/v2\/posts"}],"about":[{"href":"https:\/\/www.rededorsaoluiz.com.br\/instituto\/idor\/wp-json\/wp\/v2\/types\/post"}],"author":[{"embeddable":true,"href":"https:\/\/www.rededorsaoluiz.com.br\/instituto\/idor\/wp-json\/wp\/v2\/users\/7"}],"replies":[{"embeddable":true,"href":"https:\/\/www.rededorsaoluiz.com.br\/instituto\/idor\/wp-json\/wp\/v2\/comments?post=21553"}],"version-history":[{"count":5,"href":"https:\/\/www.rededorsaoluiz.com.br\/instituto\/idor\/wp-json\/wp\/v2\/posts\/21553\/revisions"}],"predecessor-version":[{"id":21605,"href":"https:\/\/www.rededorsaoluiz.com.br\/instituto\/idor\/wp-json\/wp\/v2\/posts\/21553\/revisions\/21605"}],"wp:featuredmedia":[{"embeddable":true,"href":"https:\/\/www.rededorsaoluiz.com.br\/instituto\/idor\/wp-json\/wp\/v2\/media\/21557"}],"wp:attachment":[{"href":"https:\/\/www.rededorsaoluiz.com.br\/instituto\/idor\/wp-json\/wp\/v2\/media?parent=21553"}],"wp:term":[{"taxonomy":"category","embeddable":true,"href":"https:\/\/www.rededorsaoluiz.com.br\/instituto\/idor\/wp-json\/wp\/v2\/categories?post=21553"},{"taxonomy":"post_tag","embeddable":true,"href":"https:\/\/www.rededorsaoluiz.com.br\/instituto\/idor\/wp-json\/wp\/v2\/tags?post=21553"}],"curies":[{"name":"wp","href":"https:\/\/api.w.org\/{rel}","templated":true}]}}