{"id":34511,"date":"2026-09-01T08:00:28","date_gmt":"2026-09-01T11:00:28","guid":{"rendered":"https:\/\/ptbr.idor.org\/?p=34511"},"modified":"2026-08-25T15:05:13","modified_gmt":"2026-08-25T18:05:13","slug":"nao-e-conjuntivite-cientistas-descobrem-assinatura-genetica-de-doenca-ocular-que-causa-25-dos-casos-de-cegueira-no-mundo","status":"publish","type":"post","link":"https:\/\/www.rededorsaoluiz.com.br\/instituto\/idor\/nao-e-conjuntivite-cientistas-descobrem-assinatura-genetica-de-doenca-ocular-que-causa-25-dos-casos-de-cegueira-no-mundo\/","title":{"rendered":"N\u00e3o \u00e9 conjuntivite: cientistas descobrem assinatura gen\u00e9tica de doen\u00e7a ocular que causa 25% dos casos de cegueira no mundo"},"content":{"rendered":"<p><i><span data-contrast=\"auto\">Pesquisa aponta novos caminhos para o diagn\u00f3stico da uve\u00edte n\u00e3o infecciosa atrav\u00e9s de biomarcadores que distingue formas isoladas ou sist\u00eamicas da doen\u00e7a<\/span><\/i><span data-ccp-props=\"{}\">\u00a0<\/span><\/p>\n<p><span data-contrast=\"auto\">Um estudo <\/span><a href=\"https:\/\/www.frontiersin.org\/journals\/immunology\/articles\/10.3389\/fimmu.2025.1509805\/full\"><span data-contrast=\"none\">publicado na revista <\/span><i><span data-contrast=\"none\">Frontiers in Immunology<\/span><\/i><\/a><span data-contrast=\"auto\"> com participa\u00e7\u00e3o do Instituto D\u2019Or de Pesquisa e Ensino (IDOR) revelou que a uve\u00edte n\u00e3o infecciosa apresenta uma forte assinatura gen\u00e9tica ligada ao interferon, prote\u00edna do sistema imunol\u00f3gico. Ao analisar dados de express\u00e3o g\u00eanica no sangue de 169 pacientes, os pesquisadores identificaram biomarcadores, diferen\u00e7as entre subtipos da doen\u00e7a e poss\u00edveis alvos terap\u00eauticos que podem ajudar no desenvolvimento de diagn\u00f3sticos mais precisos e tratamentos personalizados.<\/span><span data-ccp-props=\"{}\">\u00a0<\/span><\/p>\n<h2><b><span data-contrast=\"auto\">Uve\u00edte: uma causa importante de perda de vis\u00e3o<\/span><\/b><span data-ccp-props=\"{}\">\u00a0<\/span><\/h2>\n<p><span data-contrast=\"auto\">A uve\u00edte \u00e9 uma inflama\u00e7\u00e3o intraocular que pode comprometer estruturas fundamentais do olho e levar \u00e0 perda de vis\u00e3o. Estima-se que a doen\u00e7a seja respons\u00e1vel por at\u00e9 25% dos casos de cegueira legal no mundo, afetando mais de dois milh\u00f5es de pessoas globalmente.<\/span><span data-ccp-props=\"{}\">\u00a0<\/span><\/p>\n<p><span data-contrast=\"auto\">A condi\u00e7\u00e3o pode ter origem infecciosa ou n\u00e3o infecciosa. Nesta \u00faltima categoria, a inflama\u00e7\u00e3o pode surgir apenas no olho ou estar associada a doen\u00e7as sist\u00eamicas. Apesar de sua relev\u00e2ncia cl\u00ednica, os mecanismos imunol\u00f3gicos que desencadeiam e sustentam essa inflama\u00e7\u00e3o ainda n\u00e3o s\u00e3o totalmente compreendidos.<\/span><span data-ccp-props=\"{}\">\u00a0<\/span><\/p>\n<p><span data-contrast=\"auto\">Levando isso em considera\u00e7\u00e3o, um novo estudo buscou investigar essas bases biol\u00f3gicas, tendo como foco o chamado interferoma, o conjunto de genes regulados por interferons, mol\u00e9culas do sistema imunol\u00f3gico que comunicam e coordenam respostas inflamat\u00f3rias e antivirais.<\/span><span data-ccp-props=\"{}\">\u00a0<\/span><\/p>\n<h2><b><span data-contrast=\"auto\">An\u00e1lise de dados gen\u00e9ticos de mais de 250 pessoas<\/span><\/b><span data-ccp-props=\"{}\">\u00a0<\/span><\/h2>\n<p><span data-contrast=\"auto\">O estudo analisou informa\u00e7\u00f5es de 251 indiv\u00edduos, sendo 169 pacientes com uve\u00edte n\u00e3o infecciosa e 82 controles saud\u00e1veis.<\/span><span data-ccp-props=\"{}\">\u00a0<\/span><\/p>\n<p><span data-contrast=\"auto\">Os pacientes com a doen\u00e7a n\u00e3o infecciosa foram divididos em 2 grupos, 56 apresentavam uve\u00edte isolada, que se manifestava apenas no olho, enquanto 113 tinham a doen\u00e7a associada a condi\u00e7\u00f5es sist\u00eamicas, que \u00e9 quando a patologia se mostra como sintoma de uma doen\u00e7a mais ampla e afeta outros \u00f3rg\u00e3os ou sistemas do corpo, o que ocorre em casos como a doen\u00e7a de Beh\u00e7et e como a sarcoidose.\u00a0<\/span><span data-ccp-props=\"{}\">\u00a0<\/span><\/p>\n<p><span data-contrast=\"auto\">Para examinar esses dados entre os grupos, os pesquisadores empregaram ferramentas avan\u00e7adas de bioinform\u00e1tica, incluindo an\u00e1lise de coexpress\u00e3o gen\u00e9tica e algoritmos de aprendizado de m\u00e1quina, t\u00e9cnicas que permitiram mapear redes de sinaliza\u00e7\u00e3o inflamat\u00f3ria e identificar padr\u00f5es de atividade gen\u00e9tica relacionados \u00e0 doen\u00e7a.<\/span><span data-ccp-props=\"{}\">\u00a0<\/span><\/p>\n<h2><b><span data-contrast=\"auto\">Interferon domina a assinatura gen\u00e9tica da doen\u00e7a<\/span><\/b><span data-ccp-props=\"{}\">\u00a0<\/span><\/h2>\n<p><span data-contrast=\"auto\">Os resultados mostraram que grande parte das altera\u00e7\u00f5es gen\u00e9ticas na uve\u00edte est\u00e1 ligada a genes regulados por interferon. Na uve\u00edte isolada, foram identificados 110 genes diferencialmente expressos, dos quais 89, cerca de 81%, pertenciam ao interferoma. J\u00e1 na forma associada a doen\u00e7as sist\u00eamicas, 72 de 92 genes, aproximadamente 78%, apresentaram essa mesma caracter\u00edstica.<\/span><span data-ccp-props=\"{}\">\u00a0<\/span><\/p>\n<p><span data-contrast=\"auto\">Apesar de ambas as formas compartilharem a predomin\u00e2ncia da resposta ao interferon, os pesquisadores observaram diferen\u00e7as marcantes entre os perfis moleculares. Apenas tr\u00eas genes, CR1, CST7 e GNLY, apareceram em comum entre os dois grupos. Entre os principais genes associados \u00e0 uve\u00edte isolada destacaram-se CCR2, CD180, GAPT e PTGS2. J\u00e1 na forma sist\u00eamica, os mais relevantes foram CA1, SIAH2 e PGS1.<\/span><span data-ccp-props=\"{}\">\u00a0<\/span><\/p>\n<p><span data-contrast=\"auto\">Al\u00e9m da diferen\u00e7a entre os genes, uma descoberta curiosa tamb\u00e9m identificou uma influ\u00eancia importante do sexo na regula\u00e7\u00e3o gen\u00e9tica da doen\u00e7a. Entre os genes capazes de prever a presen\u00e7a da doen\u00e7a, cerca de 73% se comportaram de maneira diferente em mulheres, enquanto apenas 27% mostraram diferen\u00e7as relacionadas aos homens. Em outras palavras, a atividade de muitos desses genes inflamat\u00f3rios parece variar mais no organismo feminino, o que pode ajudar a explicar por que algumas formas da doen\u00e7a se manifestam ou evoluem de maneira distinta entre os sexos.\u00a0<\/span><span data-ccp-props=\"{&quot;201341983&quot;:0,&quot;335559739&quot;:0,&quot;335559740&quot;:240}\">\u00a0<\/span><\/p>\n<h2><b><span data-contrast=\"auto\">Poss\u00edveis novos tratamentos para casos dif\u00edceis<\/span><\/b><span data-ccp-props=\"{}\">\u00a0<\/span><\/h2>\n<p><span data-contrast=\"auto\">Os pesquisadores tamb\u00e9m identificaram a via de sinaliza\u00e7\u00e3o JAK-STAT como um componente central da resposta inflamat\u00f3ria observada na uve\u00edte. Essa via j\u00e1 \u00e9 alvo de medicamentos utilizados em outras doen\u00e7as autoimunes.<\/span><span data-ccp-props=\"{}\">\u00a0<\/span><\/p>\n<p><span data-contrast=\"auto\">Segundo os autores, inibidores dessa via podem representar uma estrat\u00e9gia promissora para tratar casos de uve\u00edte que n\u00e3o respondem \u00e0s terapias convencionais.<\/span><span data-ccp-props=\"{}\">\u00a0<\/span><\/p>\n<p><span data-contrast=\"auto\">Esses resultados refor\u00e7am que a desregula\u00e7\u00e3o imunol\u00f3gica impulsionada pelo interferon \u00e9 um fator central na uve\u00edte n\u00e3o infecciosa. Ao revelar diferen\u00e7as gen\u00e9ticas entre as formas isolada e sist\u00eamica da doen\u00e7a, o estudo amplia a compreens\u00e3o sobre a complexidade da inflama\u00e7\u00e3o ocular.<\/span><span data-ccp-props=\"{}\">\u00a0<\/span><\/p>\n<p><span data-contrast=\"auto\">A longo prazo, essas descobertas podem contribuir para o desenvolvimento de testes diagn\u00f3sticos baseados em biomarcadores sangu\u00edneos e de terapias de precis\u00e3o adaptadas \u00e0s diferentes apresenta\u00e7\u00f5es cl\u00ednicas da doen\u00e7a.<\/span><span data-ccp-props=\"{}\">\u00a0<\/span><\/p>\n<p><span data-ccp-props=\"{}\">\u00a0<\/span><\/p>\n<p><b><span data-contrast=\"auto\">Sobre o IDOR<\/span><\/b><span data-ccp-props=\"{}\">\u00a0<\/span><\/p>\n<p><span data-contrast=\"auto\">Fundado em 2010, o Instituto D&#8217;Or de Pesquisa e Ensino (IDOR) \u00e9 uma institui\u00e7\u00e3o brasileira sem fins lucrativos dedicada \u00e0 pesquisa, \u00e0 educa\u00e7\u00e3o e \u00e0 inova\u00e7\u00e3o em sa\u00fade. Com atua\u00e7\u00e3o nacional e internacional, o Instituto desenvolve estudos de excel\u00eancia em diversas \u00e1reas do conhecimento biom\u00e9dico, formando profissionais e contribuindo para avan\u00e7os cient\u00edficos que impactam a sa\u00fade da popula\u00e7\u00e3o. Sua principal mantenedora \u00e9 a Rede D&#8217;Or, maior rede integrada de sa\u00fade do Brasil.<\/span><\/p>\n<p>&nbsp;<\/p>\n<p><b><span data-contrast=\"auto\">Pesquisadores e profissionais IDOR \/ Rede D&#8217;Or envolvidos na publica\u00e7\u00e3o:<\/span><\/b><span data-ccp-props=\"{}\">\u00a0<\/span><\/p>\n<ul>\n<li aria-setsize=\"-1\" data-leveltext=\"\uf0b7\" data-font=\"Symbol\" data-listid=\"1\" data-list-defn-props=\"{&quot;335552541&quot;:1,&quot;335559685&quot;:720,&quot;335559991&quot;:360,&quot;469769226&quot;:&quot;Symbol&quot;,&quot;469769242&quot;:[8226],&quot;469777803&quot;:&quot;left&quot;,&quot;469777804&quot;:&quot;\uf0b7&quot;,&quot;469777815&quot;:&quot;multilevel&quot;}\" data-aria-posinset=\"1\" data-aria-level=\"1\"><span data-contrast=\"auto\">Otavio Cabral-Marques \u2014 IDOR<\/span><span data-ccp-props=\"{}\">\u00a0<\/span><\/li>\n<\/ul>\n","protected":false},"excerpt":{"rendered":"<p>Pesquisa aponta novos caminhos para o diagn\u00f3stico da uve\u00edte n\u00e3o infecciosa atrav\u00e9s de biomarcadores que distingue formas isoladas ou sist\u00eamicas da doen\u00e7a\u00a0 Um estudo publicado na revista Frontiers in Immunology com participa\u00e7\u00e3o do Instituto D\u2019Or de Pesquisa e Ensino (IDOR) revelou que a uve\u00edte n\u00e3o infecciosa apresenta uma forte assinatura gen\u00e9tica ligada ao interferon, prote\u00edna [&hellip;]<\/p>\n","protected":false},"author":12,"featured_media":34512,"comment_status":"open","ping_status":"open","sticky":false,"template":"","format":"standard","meta":{"_acf_changed":false,"footnotes":""},"categories":[190],"tags":[367,369,366,277,365,371,363,364,368,361,362,370],"class_list":["post-34511","post","type-post","status-publish","format-standard","has-post-thumbnail","hentry","category-pesquisa","tag-biomarcadores-sanguineos","tag-diagnostico-molecular","tag-genes-regulados-por-interferon","tag-idor","tag-inflamacao-ocular","tag-inflamacao-ocular-genetica","tag-interferoma","tag-interferon","tag-transcriptoma","tag-uveite","tag-uveite-nao-infecciosa","tag-via-jak-stat"],"acf":[],"yoast_head":"<!-- This site is optimized with the Yoast SEO plugin v28.3 - https:\/\/yoast.com\/product\/yoast-seo-wordpress\/ -->\n<title>N\u00e3o \u00e9 conjuntivite: cientistas descobrem assinatura gen\u00e9tica de doen\u00e7a ocular que causa 25% dos casos de cegueira no mundo - IDOR - Instituto D&#039;Or de Pesquisa e Ensino<\/title>\n<link rel=\"canonical\" href=\"https:\/\/ptbr.idor.org\/nao-e-conjuntivite-cientistas-descobrem-assinatura-genetica-de-doenca-ocular-que-causa-25-dos-casos-de-cegueira-no-mundo\/\" \/>\n<meta property=\"og:locale\" content=\"pt_BR\" \/>\n<meta property=\"og:type\" content=\"article\" \/>\n<meta property=\"og:title\" content=\"N\u00e3o \u00e9 conjuntivite: cientistas descobrem assinatura gen\u00e9tica de doen\u00e7a ocular que causa 25% dos casos de cegueira no mundo - IDOR - Instituto D&#039;Or de Pesquisa e Ensino\" \/>\n<meta property=\"og:description\" content=\"Pesquisa aponta novos caminhos para o diagn\u00f3stico da uve\u00edte n\u00e3o infecciosa atrav\u00e9s de biomarcadores que distingue formas isoladas ou sist\u00eamicas da doen\u00e7a\u00a0 Um estudo publicado na revista Frontiers in Immunology com participa\u00e7\u00e3o do Instituto D\u2019Or de Pesquisa e Ensino (IDOR) revelou que a uve\u00edte n\u00e3o infecciosa apresenta uma forte assinatura gen\u00e9tica ligada ao interferon, prote\u00edna [&hellip;]\" \/>\n<meta property=\"og:url\" content=\"https:\/\/ptbr.idor.org\/nao-e-conjuntivite-cientistas-descobrem-assinatura-genetica-de-doenca-ocular-que-causa-25-dos-casos-de-cegueira-no-mundo\/\" \/>\n<meta property=\"og:site_name\" content=\"IDOR - Instituto D&#039;Or de Pesquisa e Ensino\" \/>\n<meta property=\"article:published_time\" content=\"2026-09-01T11:00:28+00:00\" \/>\n<meta property=\"og:image\" content=\"https:\/\/ptbr.idor.org\/wp-content\/uploads\/2026\/08\/shutterstock_1868082625-1024x683.jpg\" \/>\n\t<meta property=\"og:image:width\" content=\"1024\" \/>\n\t<meta property=\"og:image:height\" content=\"683\" \/>\n\t<meta property=\"og:image:type\" content=\"image\/jpeg\" \/>\n<meta name=\"author\" content=\"manuelly.gomes\" \/>\n<meta name=\"twitter:card\" content=\"summary_large_image\" \/>\n<meta name=\"twitter:label1\" content=\"Escrito por\" \/>\n\t<meta name=\"twitter:data1\" content=\"manuelly.gomes\" \/>\n\t<meta name=\"twitter:label2\" content=\"Est. tempo de leitura\" \/>\n\t<meta name=\"twitter:data2\" content=\"5 minutos\" \/>\n<script type=\"application\/ld+json\" class=\"yoast-schema-graph\">{\"@context\":\"https:\\\/\\\/schema.org\",\"@graph\":[{\"@type\":\"Article\",\"@id\":\"https:\\\/\\\/ptbr.idor.org\\\/nao-e-conjuntivite-cientistas-descobrem-assinatura-genetica-de-doenca-ocular-que-causa-25-dos-casos-de-cegueira-no-mundo\\\/#article\",\"isPartOf\":{\"@id\":\"https:\\\/\\\/ptbr.idor.org\\\/nao-e-conjuntivite-cientistas-descobrem-assinatura-genetica-de-doenca-ocular-que-causa-25-dos-casos-de-cegueira-no-mundo\\\/\"},\"author\":{\"name\":\"manuelly.gomes\",\"@id\":\"https:\\\/\\\/www.rededorsaoluiz.com.br\\\/instituto\\\/idor\\\/#\\\/schema\\\/person\\\/b18f05e5981da2c6d3a29ce914983e55\"},\"headline\":\"N\u00e3o \u00e9 conjuntivite: cientistas descobrem assinatura gen\u00e9tica de doen\u00e7a ocular que causa 25% dos casos de cegueira no mundo\",\"datePublished\":\"2026-09-01T11:00:28+00:00\",\"mainEntityOfPage\":{\"@id\":\"https:\\\/\\\/ptbr.idor.org\\\/nao-e-conjuntivite-cientistas-descobrem-assinatura-genetica-de-doenca-ocular-que-causa-25-dos-casos-de-cegueira-no-mundo\\\/\"},\"wordCount\":919,\"commentCount\":0,\"image\":{\"@id\":\"https:\\\/\\\/ptbr.idor.org\\\/nao-e-conjuntivite-cientistas-descobrem-assinatura-genetica-de-doenca-ocular-que-causa-25-dos-casos-de-cegueira-no-mundo\\\/#primaryimage\"},\"thumbnailUrl\":\"https:\\\/\\\/www.rededorsaoluiz.com.br\\\/instituto\\\/idor\\\/wp-content\\\/uploads\\\/2026\\\/08\\\/shutterstock_1868082625.jpg\",\"keywords\":[\"biomarcadores sangu\u00edneos\",\"diagn\u00f3stico molecular\",\"genes regulados por interferon\",\"IDOR\",\"inflama\u00e7\u00e3o ocular\",\"inflama\u00e7\u00e3o ocular gen\u00e9tica\",\"interferoma\",\"interferon\",\"transcriptoma\",\"uve\u00edte\",\"uve\u00edte n\u00e3o infecciosa\",\"via JAK-STAT\"],\"articleSection\":[\"Pesquisa\"],\"inLanguage\":\"pt-BR\",\"potentialAction\":[{\"@type\":\"CommentAction\",\"name\":\"Comment\",\"target\":[\"https:\\\/\\\/ptbr.idor.org\\\/nao-e-conjuntivite-cientistas-descobrem-assinatura-genetica-de-doenca-ocular-que-causa-25-dos-casos-de-cegueira-no-mundo\\\/#respond\"]}]},{\"@type\":\"WebPage\",\"@id\":\"https:\\\/\\\/ptbr.idor.org\\\/nao-e-conjuntivite-cientistas-descobrem-assinatura-genetica-de-doenca-ocular-que-causa-25-dos-casos-de-cegueira-no-mundo\\\/\",\"url\":\"https:\\\/\\\/ptbr.idor.org\\\/nao-e-conjuntivite-cientistas-descobrem-assinatura-genetica-de-doenca-ocular-que-causa-25-dos-casos-de-cegueira-no-mundo\\\/\",\"name\":\"N\u00e3o \u00e9 conjuntivite: cientistas descobrem assinatura gen\u00e9tica de doen\u00e7a ocular que causa 25% dos casos de cegueira no mundo - IDOR - Instituto D&#039;Or de Pesquisa e Ensino\",\"isPartOf\":{\"@id\":\"https:\\\/\\\/www.rededorsaoluiz.com.br\\\/instituto\\\/idor\\\/#website\"},\"primaryImageOfPage\":{\"@id\":\"https:\\\/\\\/ptbr.idor.org\\\/nao-e-conjuntivite-cientistas-descobrem-assinatura-genetica-de-doenca-ocular-que-causa-25-dos-casos-de-cegueira-no-mundo\\\/#primaryimage\"},\"image\":{\"@id\":\"https:\\\/\\\/ptbr.idor.org\\\/nao-e-conjuntivite-cientistas-descobrem-assinatura-genetica-de-doenca-ocular-que-causa-25-dos-casos-de-cegueira-no-mundo\\\/#primaryimage\"},\"thumbnailUrl\":\"https:\\\/\\\/www.rededorsaoluiz.com.br\\\/instituto\\\/idor\\\/wp-content\\\/uploads\\\/2026\\\/08\\\/shutterstock_1868082625.jpg\",\"datePublished\":\"2026-09-01T11:00:28+00:00\",\"author\":{\"@id\":\"https:\\\/\\\/www.rededorsaoluiz.com.br\\\/instituto\\\/idor\\\/#\\\/schema\\\/person\\\/b18f05e5981da2c6d3a29ce914983e55\"},\"breadcrumb\":{\"@id\":\"https:\\\/\\\/ptbr.idor.org\\\/nao-e-conjuntivite-cientistas-descobrem-assinatura-genetica-de-doenca-ocular-que-causa-25-dos-casos-de-cegueira-no-mundo\\\/#breadcrumb\"},\"inLanguage\":\"pt-BR\",\"potentialAction\":[{\"@type\":\"ReadAction\",\"target\":[\"https:\\\/\\\/ptbr.idor.org\\\/nao-e-conjuntivite-cientistas-descobrem-assinatura-genetica-de-doenca-ocular-que-causa-25-dos-casos-de-cegueira-no-mundo\\\/\"]}]},{\"@type\":\"ImageObject\",\"inLanguage\":\"pt-BR\",\"@id\":\"https:\\\/\\\/ptbr.idor.org\\\/nao-e-conjuntivite-cientistas-descobrem-assinatura-genetica-de-doenca-ocular-que-causa-25-dos-casos-de-cegueira-no-mundo\\\/#primaryimage\",\"url\":\"https:\\\/\\\/www.rededorsaoluiz.com.br\\\/instituto\\\/idor\\\/wp-content\\\/uploads\\\/2026\\\/08\\\/shutterstock_1868082625.jpg\",\"contentUrl\":\"https:\\\/\\\/www.rededorsaoluiz.com.br\\\/instituto\\\/idor\\\/wp-content\\\/uploads\\\/2026\\\/08\\\/shutterstock_1868082625.jpg\",\"width\":5000,\"height\":3333},{\"@type\":\"BreadcrumbList\",\"@id\":\"https:\\\/\\\/ptbr.idor.org\\\/nao-e-conjuntivite-cientistas-descobrem-assinatura-genetica-de-doenca-ocular-que-causa-25-dos-casos-de-cegueira-no-mundo\\\/#breadcrumb\",\"itemListElement\":[{\"@type\":\"ListItem\",\"position\":1,\"name\":\"In\u00edcio\",\"item\":\"https:\\\/\\\/ptbr.idor.org\\\/\"},{\"@type\":\"ListItem\",\"position\":2,\"name\":\"N\u00e3o \u00e9 conjuntivite: cientistas descobrem assinatura gen\u00e9tica de doen\u00e7a ocular que causa 25% dos casos de cegueira no mundo\"}]},{\"@type\":\"WebSite\",\"@id\":\"https:\\\/\\\/www.rededorsaoluiz.com.br\\\/instituto\\\/idor\\\/#website\",\"url\":\"https:\\\/\\\/www.rededorsaoluiz.com.br\\\/instituto\\\/idor\\\/\",\"name\":\"IDOR - Instituto D&#039;Or de Pesquisa e Ensino\",\"description\":\"\",\"potentialAction\":[{\"@type\":\"SearchAction\",\"target\":{\"@type\":\"EntryPoint\",\"urlTemplate\":\"https:\\\/\\\/www.rededorsaoluiz.com.br\\\/instituto\\\/idor\\\/?s={search_term_string}\"},\"query-input\":{\"@type\":\"PropertyValueSpecification\",\"valueRequired\":true,\"valueName\":\"search_term_string\"}}],\"inLanguage\":\"pt-BR\"},{\"@type\":\"Person\",\"@id\":\"https:\\\/\\\/www.rededorsaoluiz.com.br\\\/instituto\\\/idor\\\/#\\\/schema\\\/person\\\/b18f05e5981da2c6d3a29ce914983e55\",\"name\":\"manuelly.gomes\",\"image\":{\"@type\":\"ImageObject\",\"inLanguage\":\"pt-BR\",\"@id\":\"https:\\\/\\\/secure.gravatar.com\\\/avatar\\\/029b3caa4f9b7c385565c5350c985d70046007912de62c3a592ace6491a271f3?s=96&d=mm&r=g\",\"url\":\"https:\\\/\\\/secure.gravatar.com\\\/avatar\\\/029b3caa4f9b7c385565c5350c985d70046007912de62c3a592ace6491a271f3?s=96&d=mm&r=g\",\"contentUrl\":\"https:\\\/\\\/secure.gravatar.com\\\/avatar\\\/029b3caa4f9b7c385565c5350c985d70046007912de62c3a592ace6491a271f3?s=96&d=mm&r=g\",\"caption\":\"manuelly.gomes\"},\"url\":\"https:\\\/\\\/www.rededorsaoluiz.com.br\\\/instituto\\\/idor\\\/author\\\/manuelly-gomes\\\/\"}]}<\/script>\n<!-- \/ Yoast SEO plugin. -->","yoast_head_json":{"title":"N\u00e3o \u00e9 conjuntivite: cientistas descobrem assinatura gen\u00e9tica de doen\u00e7a ocular que causa 25% dos casos de cegueira no mundo - IDOR - Instituto D&#039;Or de Pesquisa e Ensino","canonical":"https:\/\/ptbr.idor.org\/nao-e-conjuntivite-cientistas-descobrem-assinatura-genetica-de-doenca-ocular-que-causa-25-dos-casos-de-cegueira-no-mundo\/","og_locale":"pt_BR","og_type":"article","og_title":"N\u00e3o \u00e9 conjuntivite: cientistas descobrem assinatura gen\u00e9tica de doen\u00e7a ocular que causa 25% dos casos de cegueira no mundo - IDOR - Instituto D&#039;Or de Pesquisa e Ensino","og_description":"Pesquisa aponta novos caminhos para o diagn\u00f3stico da uve\u00edte n\u00e3o infecciosa atrav\u00e9s de biomarcadores que distingue formas isoladas ou sist\u00eamicas da doen\u00e7a\u00a0 Um estudo publicado na revista Frontiers in Immunology com participa\u00e7\u00e3o do Instituto D\u2019Or de Pesquisa e Ensino (IDOR) revelou que a uve\u00edte n\u00e3o infecciosa apresenta uma forte assinatura gen\u00e9tica ligada ao interferon, prote\u00edna [&hellip;]","og_url":"https:\/\/ptbr.idor.org\/nao-e-conjuntivite-cientistas-descobrem-assinatura-genetica-de-doenca-ocular-que-causa-25-dos-casos-de-cegueira-no-mundo\/","og_site_name":"IDOR - Instituto D&#039;Or de Pesquisa e Ensino","article_published_time":"2026-09-01T11:00:28+00:00","og_image":[{"width":1024,"height":683,"url":"https:\/\/ptbr.idor.org\/wp-content\/uploads\/2026\/08\/shutterstock_1868082625-1024x683.jpg","type":"image\/jpeg"}],"author":"manuelly.gomes","twitter_card":"summary_large_image","twitter_misc":{"Escrito por":"manuelly.gomes","Est. tempo de leitura":"5 minutos"},"schema":{"@context":"https:\/\/schema.org","@graph":[{"@type":"Article","@id":"https:\/\/ptbr.idor.org\/nao-e-conjuntivite-cientistas-descobrem-assinatura-genetica-de-doenca-ocular-que-causa-25-dos-casos-de-cegueira-no-mundo\/#article","isPartOf":{"@id":"https:\/\/ptbr.idor.org\/nao-e-conjuntivite-cientistas-descobrem-assinatura-genetica-de-doenca-ocular-que-causa-25-dos-casos-de-cegueira-no-mundo\/"},"author":{"name":"manuelly.gomes","@id":"https:\/\/www.rededorsaoluiz.com.br\/instituto\/idor\/#\/schema\/person\/b18f05e5981da2c6d3a29ce914983e55"},"headline":"N\u00e3o \u00e9 conjuntivite: cientistas descobrem assinatura gen\u00e9tica de doen\u00e7a ocular que causa 25% dos casos de cegueira no mundo","datePublished":"2026-09-01T11:00:28+00:00","mainEntityOfPage":{"@id":"https:\/\/ptbr.idor.org\/nao-e-conjuntivite-cientistas-descobrem-assinatura-genetica-de-doenca-ocular-que-causa-25-dos-casos-de-cegueira-no-mundo\/"},"wordCount":919,"commentCount":0,"image":{"@id":"https:\/\/ptbr.idor.org\/nao-e-conjuntivite-cientistas-descobrem-assinatura-genetica-de-doenca-ocular-que-causa-25-dos-casos-de-cegueira-no-mundo\/#primaryimage"},"thumbnailUrl":"https:\/\/www.rededorsaoluiz.com.br\/instituto\/idor\/wp-content\/uploads\/2026\/08\/shutterstock_1868082625.jpg","keywords":["biomarcadores sangu\u00edneos","diagn\u00f3stico molecular","genes regulados por interferon","IDOR","inflama\u00e7\u00e3o ocular","inflama\u00e7\u00e3o ocular gen\u00e9tica","interferoma","interferon","transcriptoma","uve\u00edte","uve\u00edte n\u00e3o infecciosa","via JAK-STAT"],"articleSection":["Pesquisa"],"inLanguage":"pt-BR","potentialAction":[{"@type":"CommentAction","name":"Comment","target":["https:\/\/ptbr.idor.org\/nao-e-conjuntivite-cientistas-descobrem-assinatura-genetica-de-doenca-ocular-que-causa-25-dos-casos-de-cegueira-no-mundo\/#respond"]}]},{"@type":"WebPage","@id":"https:\/\/ptbr.idor.org\/nao-e-conjuntivite-cientistas-descobrem-assinatura-genetica-de-doenca-ocular-que-causa-25-dos-casos-de-cegueira-no-mundo\/","url":"https:\/\/ptbr.idor.org\/nao-e-conjuntivite-cientistas-descobrem-assinatura-genetica-de-doenca-ocular-que-causa-25-dos-casos-de-cegueira-no-mundo\/","name":"N\u00e3o \u00e9 conjuntivite: cientistas descobrem assinatura gen\u00e9tica de doen\u00e7a ocular que causa 25% dos casos de cegueira no mundo - IDOR - Instituto D&#039;Or de Pesquisa e Ensino","isPartOf":{"@id":"https:\/\/www.rededorsaoluiz.com.br\/instituto\/idor\/#website"},"primaryImageOfPage":{"@id":"https:\/\/ptbr.idor.org\/nao-e-conjuntivite-cientistas-descobrem-assinatura-genetica-de-doenca-ocular-que-causa-25-dos-casos-de-cegueira-no-mundo\/#primaryimage"},"image":{"@id":"https:\/\/ptbr.idor.org\/nao-e-conjuntivite-cientistas-descobrem-assinatura-genetica-de-doenca-ocular-que-causa-25-dos-casos-de-cegueira-no-mundo\/#primaryimage"},"thumbnailUrl":"https:\/\/www.rededorsaoluiz.com.br\/instituto\/idor\/wp-content\/uploads\/2026\/08\/shutterstock_1868082625.jpg","datePublished":"2026-09-01T11:00:28+00:00","author":{"@id":"https:\/\/www.rededorsaoluiz.com.br\/instituto\/idor\/#\/schema\/person\/b18f05e5981da2c6d3a29ce914983e55"},"breadcrumb":{"@id":"https:\/\/ptbr.idor.org\/nao-e-conjuntivite-cientistas-descobrem-assinatura-genetica-de-doenca-ocular-que-causa-25-dos-casos-de-cegueira-no-mundo\/#breadcrumb"},"inLanguage":"pt-BR","potentialAction":[{"@type":"ReadAction","target":["https:\/\/ptbr.idor.org\/nao-e-conjuntivite-cientistas-descobrem-assinatura-genetica-de-doenca-ocular-que-causa-25-dos-casos-de-cegueira-no-mundo\/"]}]},{"@type":"ImageObject","inLanguage":"pt-BR","@id":"https:\/\/ptbr.idor.org\/nao-e-conjuntivite-cientistas-descobrem-assinatura-genetica-de-doenca-ocular-que-causa-25-dos-casos-de-cegueira-no-mundo\/#primaryimage","url":"https:\/\/www.rededorsaoluiz.com.br\/instituto\/idor\/wp-content\/uploads\/2026\/08\/shutterstock_1868082625.jpg","contentUrl":"https:\/\/www.rededorsaoluiz.com.br\/instituto\/idor\/wp-content\/uploads\/2026\/08\/shutterstock_1868082625.jpg","width":5000,"height":3333},{"@type":"BreadcrumbList","@id":"https:\/\/ptbr.idor.org\/nao-e-conjuntivite-cientistas-descobrem-assinatura-genetica-de-doenca-ocular-que-causa-25-dos-casos-de-cegueira-no-mundo\/#breadcrumb","itemListElement":[{"@type":"ListItem","position":1,"name":"In\u00edcio","item":"https:\/\/ptbr.idor.org\/"},{"@type":"ListItem","position":2,"name":"N\u00e3o \u00e9 conjuntivite: cientistas descobrem assinatura gen\u00e9tica de doen\u00e7a ocular que causa 25% dos casos de cegueira no mundo"}]},{"@type":"WebSite","@id":"https:\/\/www.rededorsaoluiz.com.br\/instituto\/idor\/#website","url":"https:\/\/www.rededorsaoluiz.com.br\/instituto\/idor\/","name":"IDOR - Instituto D&#039;Or de Pesquisa e Ensino","description":"","potentialAction":[{"@type":"SearchAction","target":{"@type":"EntryPoint","urlTemplate":"https:\/\/www.rededorsaoluiz.com.br\/instituto\/idor\/?s={search_term_string}"},"query-input":{"@type":"PropertyValueSpecification","valueRequired":true,"valueName":"search_term_string"}}],"inLanguage":"pt-BR"},{"@type":"Person","@id":"https:\/\/www.rededorsaoluiz.com.br\/instituto\/idor\/#\/schema\/person\/b18f05e5981da2c6d3a29ce914983e55","name":"manuelly.gomes","image":{"@type":"ImageObject","inLanguage":"pt-BR","@id":"https:\/\/secure.gravatar.com\/avatar\/029b3caa4f9b7c385565c5350c985d70046007912de62c3a592ace6491a271f3?s=96&d=mm&r=g","url":"https:\/\/secure.gravatar.com\/avatar\/029b3caa4f9b7c385565c5350c985d70046007912de62c3a592ace6491a271f3?s=96&d=mm&r=g","contentUrl":"https:\/\/secure.gravatar.com\/avatar\/029b3caa4f9b7c385565c5350c985d70046007912de62c3a592ace6491a271f3?s=96&d=mm&r=g","caption":"manuelly.gomes"},"url":"https:\/\/www.rededorsaoluiz.com.br\/instituto\/idor\/author\/manuelly-gomes\/"}]}},"_links":{"self":[{"href":"https:\/\/www.rededorsaoluiz.com.br\/instituto\/idor\/wp-json\/wp\/v2\/posts\/34511","targetHints":{"allow":["GET"]}}],"collection":[{"href":"https:\/\/www.rededorsaoluiz.com.br\/instituto\/idor\/wp-json\/wp\/v2\/posts"}],"about":[{"href":"https:\/\/www.rededorsaoluiz.com.br\/instituto\/idor\/wp-json\/wp\/v2\/types\/post"}],"author":[{"embeddable":true,"href":"https:\/\/www.rededorsaoluiz.com.br\/instituto\/idor\/wp-json\/wp\/v2\/users\/12"}],"replies":[{"embeddable":true,"href":"https:\/\/www.rededorsaoluiz.com.br\/instituto\/idor\/wp-json\/wp\/v2\/comments?post=34511"}],"version-history":[{"count":1,"href":"https:\/\/www.rededorsaoluiz.com.br\/instituto\/idor\/wp-json\/wp\/v2\/posts\/34511\/revisions"}],"predecessor-version":[{"id":34515,"href":"https:\/\/www.rededorsaoluiz.com.br\/instituto\/idor\/wp-json\/wp\/v2\/posts\/34511\/revisions\/34515"}],"wp:featuredmedia":[{"embeddable":true,"href":"https:\/\/www.rededorsaoluiz.com.br\/instituto\/idor\/wp-json\/wp\/v2\/media\/34512"}],"wp:attachment":[{"href":"https:\/\/www.rededorsaoluiz.com.br\/instituto\/idor\/wp-json\/wp\/v2\/media?parent=34511"}],"wp:term":[{"taxonomy":"category","embeddable":true,"href":"https:\/\/www.rededorsaoluiz.com.br\/instituto\/idor\/wp-json\/wp\/v2\/categories?post=34511"},{"taxonomy":"post_tag","embeddable":true,"href":"https:\/\/www.rededorsaoluiz.com.br\/instituto\/idor\/wp-json\/wp\/v2\/tags?post=34511"}],"curies":[{"name":"wp","href":"https:\/\/api.w.org\/{rel}","templated":true}]}}