{"id":35341,"date":"2026-09-01T11:37:16","date_gmt":"2026-09-01T14:37:16","guid":{"rendered":"https:\/\/ptbr.idor.org\/?p=35341"},"modified":"2026-09-01T11:42:07","modified_gmt":"2026-09-01T14:42:07","slug":"idor-day-reune-mais-de-200-estudantes-do-ensino-medio","status":"publish","type":"post","link":"https:\/\/www.rededorsaoluiz.com.br\/instituto\/idor\/idor-day-reune-mais-de-200-estudantes-do-ensino-medio\/","title":{"rendered":"IDOR Day re\u00fane mais de 200 estudantes do ensino m\u00e9dio em uma tarde de imers\u00e3o em ci\u00eancia e carreiras na \u00e1rea da sa\u00fade"},"content":{"rendered":"\t\t<div data-elementor-type=\"wp-post\" data-elementor-id=\"35341\" class=\"elementor elementor-35341\" data-elementor-post-type=\"post\">\n\t\t\t\t<div class=\"elementor-element elementor-element-53268ed e-flex e-con-boxed e-con e-parent\" data-id=\"53268ed\" data-element_type=\"container\" data-e-type=\"container\">\n\t\t\t\t\t<div class=\"e-con-inner\">\n\t\t<div class=\"elementor-element elementor-element-19e7ec0 e-con-full e-flex e-con e-child\" data-id=\"19e7ec0\" data-element_type=\"container\" data-e-type=\"container\">\n\t\t\t\t<div class=\"elementor-element elementor-element-74697b4 elementor-widget elementor-widget-text-editor\" data-id=\"74697b4\" data-element_type=\"widget\" data-e-type=\"widget\" data-widget_type=\"text-editor.default\">\n\t\t\t\t\t\t\t\t\t<div><p class=\"x_MsoNormal\"><span data-olk-copy-source=\"MessageBody\">Uma tarde para experimentar a ci\u00eancia, conhecer novas possibilidades de carreira e descobrir o que acontece por tr\u00e1s das pesquisas e das diferentes \u00e1reas da sa\u00fade. Essa foi a proposta do IDOR Day, que reuniu mais de 200 estudantes do ensino m\u00e9dio, de mais de 20 institui\u00e7\u00f5es de ensino p\u00fablicas e privadas do Rio de Janeiro, no dia 28 de agosto.<\/span><\/p><\/div><div><p class=\"x_MsoNormal\">Realizado pelo Instituto D\u2019Or de Pesquisa e Ensino (IDOR), o evento aproximou os jovens do universo cient\u00edfico por meio de uma programa\u00e7\u00e3o pr\u00e1tica e din\u00e2mica, que combinou oficinas, experi\u00eancias interativas, palestras e conversas com pesquisadores e profissionais da sa\u00fade.<\/p><\/div><div><p class=\"x_MsoNormal\">Ao longo da tarde, os estudantes tiveram contato com temas relacionados ao cotidiano da ci\u00eancia e \u00e0 pr\u00e1tica profissional em \u00e1reas como medicina, enfermagem, radiologia, psicologia, biologia e biomedicina. As atividades tamb\u00e9m permitiram conhecer diferentes caminhos de forma\u00e7\u00e3o e atua\u00e7\u00e3o na \u00e1rea da sa\u00fade.<\/p><\/div><div><p class=\"x_MsoNormal\"><b><i>\u201cMais do que apresentar diferentes profiss\u00f5es, o IDOR Day \u00e9 uma oportunidade para que os estudantes vivenciem a ci\u00eancia de perto, conhe\u00e7am as diversas possibilidades de carreira na \u00e1rea da sa\u00fade e descubram novos caminhos para o futuro. Esperamos que essa experi\u00eancia desperte novos interesses e ajude cada um deles a refletir sobre suas escolhas profissionais\u201d<\/i><\/b>, afirma o Diretor de Ensino do IDOR, Jerson Lima.\u00a0<\/p><\/div><div><p class=\"x_MsoNormal\">Outro destaque do evento foi a aproxima\u00e7\u00e3o dos estudantes com a pesquisa cient\u00edfica, por meio de experi\u00eancias pr\u00e1ticas e conversas com pesquisadores do IDOR, entre eles Guilherme Brockington e Stevens Rehen, que compartilharam suas trajet\u00f3rias e conhecimentos. O contato direto com profissionais que atuam na pesquisa ajudou a mostrar, de forma acess\u00edvel, como o conhecimento cient\u00edfico \u00e9 produzido e as possibilidades de seguir uma carreira na \u00e1rea.\u00a0<\/p><\/div>\t\t\t\t\t\t\t\t<\/div>\n\t\t\t\t<\/div>\n\t\t<div class=\"elementor-element elementor-element-70403a8 e-con-full e-flex e-con e-child\" data-id=\"70403a8\" data-element_type=\"container\" data-e-type=\"container\">\n\t\t\t\t<div class=\"elementor-element elementor-element-407900f elementor-arrows-position-inside elementor-pagination-position-outside elementor-widget elementor-widget-image-carousel\" data-id=\"407900f\" data-element_type=\"widget\" data-e-type=\"widget\" data-settings=\"{&quot;slides_to_show&quot;:&quot;1&quot;,&quot;navigation&quot;:&quot;both&quot;,&quot;autoplay&quot;:&quot;yes&quot;,&quot;pause_on_hover&quot;:&quot;yes&quot;,&quot;pause_on_interaction&quot;:&quot;yes&quot;,&quot;autoplay_speed&quot;:5000,&quot;infinite&quot;:&quot;yes&quot;,&quot;effect&quot;:&quot;slide&quot;,&quot;speed&quot;:500}\" data-widget_type=\"image-carousel.default\">\n\t\t\t\t\t\t\t<div class=\"elementor-image-carousel-wrapper swiper\" role=\"region\" aria-roledescription=\"carousel\" aria-label=\"Carrossel de imagens\" dir=\"ltr\">\n\t\t\t<div class=\"elementor-image-carousel swiper-wrapper\" aria-live=\"off\">\n\t\t\t\t\t\t\t\t<div class=\"swiper-slide\" role=\"group\" aria-roledescription=\"slide\" aria-label=\"1 de 6\"><figure class=\"swiper-slide-inner\"><img decoding=\"async\" class=\"swiper-slide-image\" src=\"https:\/\/www.rededorsaoluiz.com.br\/instituto\/idor\/wp-content\/uploads\/2026\/09\/IMG_2567.JPG.jpeg\" alt=\"IMG_2567.JPG\" \/><\/figure><\/div><div class=\"swiper-slide\" role=\"group\" aria-roledescription=\"slide\" aria-label=\"2 de 6\"><figure class=\"swiper-slide-inner\"><img decoding=\"async\" class=\"swiper-slide-image\" src=\"https:\/\/www.rededorsaoluiz.com.br\/instituto\/idor\/wp-content\/uploads\/2026\/09\/IMG_2573.JPG.jpeg\" alt=\"IMG_2573.JPG\" \/><\/figure><\/div><div class=\"swiper-slide\" role=\"group\" aria-roledescription=\"slide\" aria-label=\"3 de 6\"><figure class=\"swiper-slide-inner\"><img decoding=\"async\" class=\"swiper-slide-image\" src=\"https:\/\/www.rededorsaoluiz.com.br\/instituto\/idor\/wp-content\/uploads\/2026\/09\/IMG_2563.JPG.jpeg\" alt=\"IMG_2563.JPG\" \/><\/figure><\/div><div class=\"swiper-slide\" role=\"group\" aria-roledescription=\"slide\" aria-label=\"4 de 6\"><figure class=\"swiper-slide-inner\"><img decoding=\"async\" class=\"swiper-slide-image\" src=\"https:\/\/www.rededorsaoluiz.com.br\/instituto\/idor\/wp-content\/uploads\/2026\/09\/IMG_2571.JPG.jpeg\" alt=\"IMG_2571.JPG\" \/><\/figure><\/div><div class=\"swiper-slide\" role=\"group\" aria-roledescription=\"slide\" aria-label=\"5 de 6\"><figure class=\"swiper-slide-inner\"><img decoding=\"async\" class=\"swiper-slide-image\" src=\"https:\/\/www.rededorsaoluiz.com.br\/instituto\/idor\/wp-content\/uploads\/2026\/09\/IMG_2559.JPG.jpeg\" alt=\"IMG_2559.JPG\" \/><\/figure><\/div><div class=\"swiper-slide\" role=\"group\" aria-roledescription=\"slide\" aria-label=\"6 de 6\"><figure class=\"swiper-slide-inner\"><img decoding=\"async\" class=\"swiper-slide-image\" src=\"https:\/\/www.rededorsaoluiz.com.br\/instituto\/idor\/wp-content\/uploads\/2026\/09\/IMG_2562.JPG.jpeg\" alt=\"IMG_2562.JPG\" \/><\/figure><\/div>\t\t\t<\/div>\n\t\t\t\t\t\t\t\t\t\t\t\t<div class=\"elementor-swiper-button elementor-swiper-button-prev\" role=\"button\" tabindex=\"0\">\n\t\t\t\t\t\t<svg aria-hidden=\"true\" class=\"e-font-icon-svg e-eicon-chevron-left\" viewBox=\"0 0 1000 1000\" xmlns=\"http:\/\/www.w3.org\/2000\/svg\"><path d=\"M646 125C629 125 613 133 604 142L308 442C296 454 292 471 292 487 292 504 296 521 308 533L604 854C617 867 629 875 646 875 663 875 679 871 692 858 704 846 713 829 713 812 713 796 708 779 692 767L438 487 692 225C700 217 708 204 708 187 708 171 704 154 692 142 675 129 663 125 646 125Z\"><\/path><\/svg>\t\t\t\t\t<\/div>\n\t\t\t\t\t<div class=\"elementor-swiper-button elementor-swiper-button-next\" role=\"button\" tabindex=\"0\">\n\t\t\t\t\t\t<svg aria-hidden=\"true\" class=\"e-font-icon-svg e-eicon-chevron-right\" viewBox=\"0 0 1000 1000\" xmlns=\"http:\/\/www.w3.org\/2000\/svg\"><path d=\"M696 533C708 521 713 504 713 487 713 471 708 454 696 446L400 146C388 133 375 125 354 125 338 125 325 129 313 142 300 154 292 171 292 187 292 204 296 221 308 233L563 492 304 771C292 783 288 800 288 817 288 833 296 850 308 863 321 871 338 875 354 875 371 875 388 867 400 854L696 533Z\"><\/path><\/svg>\t\t\t\t\t<\/div>\n\t\t\t\t\n\t\t\t\t\t\t\t\t\t<div class=\"swiper-pagination\"><\/div>\n\t\t\t\t\t\t\t\t\t<\/div>\n\t\t\t\t\t\t<\/div>\n\t\t\t\t<\/div>\n\t\t\t\t\t<\/div>\n\t\t\t\t<\/div>\n\t\t<div class=\"elementor-element elementor-element-a177cbc e-flex e-con-boxed e-con e-parent\" data-id=\"a177cbc\" data-element_type=\"container\" data-e-type=\"container\">\n\t\t\t\t\t<div class=\"e-con-inner\">\n\t\t\t\t\t<\/div>\n\t\t\t\t<\/div>\n\t\t\t\t<\/div>\n\t\t","protected":false},"excerpt":{"rendered":"<p>Uma tarde para experimentar a ci\u00eancia, conhecer novas possibilidades de carreira e descobrir o que acontece por tr\u00e1s das pesquisas e das diferentes \u00e1reas da sa\u00fade. Essa foi a proposta do IDOR Day, que reuniu mais de 200 estudantes do ensino m\u00e9dio, de mais de 20 institui\u00e7\u00f5es de ensino p\u00fablicas e privadas do Rio de [&hellip;]<\/p>\n","protected":false},"author":13,"featured_media":35348,"comment_status":"open","ping_status":"open","sticky":false,"template":"","format":"standard","meta":{"_acf_changed":false,"footnotes":""},"categories":[5,189],"tags":[],"class_list":["post-35341","post","type-post","status-publish","format-standard","has-post-thumbnail","hentry","category-ensino","category-evento"],"acf":[],"yoast_head":"<!-- This site is optimized with the Yoast SEO plugin v28.3 - https:\/\/yoast.com\/product\/yoast-seo-wordpress\/ -->\n<title>IDOR Day re\u00fane mais de 200 estudantes do ensino m\u00e9dio em uma tarde de imers\u00e3o em ci\u00eancia e carreiras na \u00e1rea da sa\u00fade - IDOR - Instituto D&#039;Or de Pesquisa e Ensino<\/title>\n<link rel=\"canonical\" href=\"https:\/\/ptbr.idor.org\/idor-day-reune-mais-de-200-estudantes-do-ensino-medio\/\" \/>\n<meta property=\"og:locale\" content=\"pt_BR\" \/>\n<meta property=\"og:type\" content=\"article\" \/>\n<meta property=\"og:title\" content=\"IDOR Day re\u00fane mais de 200 estudantes do ensino m\u00e9dio em uma tarde de imers\u00e3o em ci\u00eancia e carreiras na \u00e1rea da sa\u00fade - IDOR - Instituto D&#039;Or de Pesquisa e Ensino\" \/>\n<meta property=\"og:description\" content=\"Uma tarde para experimentar a ci\u00eancia, conhecer novas possibilidades de carreira e descobrir o que acontece por tr\u00e1s das pesquisas e das diferentes \u00e1reas da sa\u00fade. Essa foi a proposta do IDOR Day, que reuniu mais de 200 estudantes do ensino m\u00e9dio, de mais de 20 institui\u00e7\u00f5es de ensino p\u00fablicas e privadas do Rio de [&hellip;]\" \/>\n<meta property=\"og:url\" content=\"https:\/\/ptbr.idor.org\/idor-day-reune-mais-de-200-estudantes-do-ensino-medio\/\" \/>\n<meta property=\"og:site_name\" content=\"IDOR - Instituto D&#039;Or de Pesquisa e Ensino\" \/>\n<meta property=\"article:published_time\" content=\"2026-09-01T14:37:16+00:00\" \/>\n<meta property=\"article:modified_time\" content=\"2026-09-01T14:42:07+00:00\" \/>\n<meta property=\"og:image\" content=\"https:\/\/ptbr.idor.org\/wp-content\/uploads\/2026\/09\/IMG_2559.JPG-1024x576.jpeg\" \/>\n\t<meta property=\"og:image:width\" content=\"1024\" \/>\n\t<meta property=\"og:image:height\" content=\"576\" \/>\n\t<meta property=\"og:image:type\" content=\"image\/jpeg\" \/>\n<meta name=\"author\" content=\"Larissa Pereira\" \/>\n<meta name=\"twitter:card\" content=\"summary_large_image\" \/>\n<meta name=\"twitter:label1\" content=\"Escrito por\" \/>\n\t<meta name=\"twitter:data1\" content=\"Larissa Pereira\" \/>\n\t<meta name=\"twitter:label2\" content=\"Est. tempo de leitura\" \/>\n\t<meta name=\"twitter:data2\" content=\"3 minutos\" \/>\n<script type=\"application\/ld+json\" class=\"yoast-schema-graph\">{\"@context\":\"https:\\\/\\\/schema.org\",\"@graph\":[{\"@type\":\"Article\",\"@id\":\"https:\\\/\\\/ptbr.idor.org\\\/idor-day-reune-mais-de-200-estudantes-do-ensino-medio\\\/#article\",\"isPartOf\":{\"@id\":\"https:\\\/\\\/ptbr.idor.org\\\/idor-day-reune-mais-de-200-estudantes-do-ensino-medio\\\/\"},\"author\":{\"name\":\"Larissa Pereira\",\"@id\":\"https:\\\/\\\/www.rededorsaoluiz.com.br\\\/instituto\\\/idor\\\/#\\\/schema\\\/person\\\/fbae53b4518019b953ac8307f13979a1\"},\"headline\":\"IDOR Day re\u00fane mais de 200 estudantes do ensino m\u00e9dio em uma tarde de imers\u00e3o em ci\u00eancia e carreiras na \u00e1rea da sa\u00fade\",\"datePublished\":\"2026-09-01T14:37:16+00:00\",\"dateModified\":\"2026-09-01T14:42:07+00:00\",\"mainEntityOfPage\":{\"@id\":\"https:\\\/\\\/ptbr.idor.org\\\/idor-day-reune-mais-de-200-estudantes-do-ensino-medio\\\/\"},\"wordCount\":329,\"commentCount\":0,\"image\":{\"@id\":\"https:\\\/\\\/ptbr.idor.org\\\/idor-day-reune-mais-de-200-estudantes-do-ensino-medio\\\/#primaryimage\"},\"thumbnailUrl\":\"https:\\\/\\\/www.rededorsaoluiz.com.br\\\/instituto\\\/idor\\\/wp-content\\\/uploads\\\/2026\\\/09\\\/IMG_2559.JPG.jpeg\",\"articleSection\":[\"Ensino\",\"Evento\"],\"inLanguage\":\"pt-BR\",\"potentialAction\":[{\"@type\":\"CommentAction\",\"name\":\"Comment\",\"target\":[\"https:\\\/\\\/ptbr.idor.org\\\/idor-day-reune-mais-de-200-estudantes-do-ensino-medio\\\/#respond\"]}]},{\"@type\":\"WebPage\",\"@id\":\"https:\\\/\\\/ptbr.idor.org\\\/idor-day-reune-mais-de-200-estudantes-do-ensino-medio\\\/\",\"url\":\"https:\\\/\\\/ptbr.idor.org\\\/idor-day-reune-mais-de-200-estudantes-do-ensino-medio\\\/\",\"name\":\"IDOR Day re\u00fane mais de 200 estudantes do ensino m\u00e9dio em uma tarde de imers\u00e3o em ci\u00eancia e carreiras na \u00e1rea da sa\u00fade - IDOR - Instituto D&#039;Or de Pesquisa e Ensino\",\"isPartOf\":{\"@id\":\"https:\\\/\\\/www.rededorsaoluiz.com.br\\\/instituto\\\/idor\\\/#website\"},\"primaryImageOfPage\":{\"@id\":\"https:\\\/\\\/ptbr.idor.org\\\/idor-day-reune-mais-de-200-estudantes-do-ensino-medio\\\/#primaryimage\"},\"image\":{\"@id\":\"https:\\\/\\\/ptbr.idor.org\\\/idor-day-reune-mais-de-200-estudantes-do-ensino-medio\\\/#primaryimage\"},\"thumbnailUrl\":\"https:\\\/\\\/www.rededorsaoluiz.com.br\\\/instituto\\\/idor\\\/wp-content\\\/uploads\\\/2026\\\/09\\\/IMG_2559.JPG.jpeg\",\"datePublished\":\"2026-09-01T14:37:16+00:00\",\"dateModified\":\"2026-09-01T14:42:07+00:00\",\"author\":{\"@id\":\"https:\\\/\\\/www.rededorsaoluiz.com.br\\\/instituto\\\/idor\\\/#\\\/schema\\\/person\\\/fbae53b4518019b953ac8307f13979a1\"},\"breadcrumb\":{\"@id\":\"https:\\\/\\\/ptbr.idor.org\\\/idor-day-reune-mais-de-200-estudantes-do-ensino-medio\\\/#breadcrumb\"},\"inLanguage\":\"pt-BR\",\"potentialAction\":[{\"@type\":\"ReadAction\",\"target\":[\"https:\\\/\\\/ptbr.idor.org\\\/idor-day-reune-mais-de-200-estudantes-do-ensino-medio\\\/\"]}]},{\"@type\":\"ImageObject\",\"inLanguage\":\"pt-BR\",\"@id\":\"https:\\\/\\\/ptbr.idor.org\\\/idor-day-reune-mais-de-200-estudantes-do-ensino-medio\\\/#primaryimage\",\"url\":\"https:\\\/\\\/www.rededorsaoluiz.com.br\\\/instituto\\\/idor\\\/wp-content\\\/uploads\\\/2026\\\/09\\\/IMG_2559.JPG.jpeg\",\"contentUrl\":\"https:\\\/\\\/www.rededorsaoluiz.com.br\\\/instituto\\\/idor\\\/wp-content\\\/uploads\\\/2026\\\/09\\\/IMG_2559.JPG.jpeg\",\"width\":6712,\"height\":3777},{\"@type\":\"BreadcrumbList\",\"@id\":\"https:\\\/\\\/ptbr.idor.org\\\/idor-day-reune-mais-de-200-estudantes-do-ensino-medio\\\/#breadcrumb\",\"itemListElement\":[{\"@type\":\"ListItem\",\"position\":1,\"name\":\"In\u00edcio\",\"item\":\"https:\\\/\\\/ptbr.idor.org\\\/\"},{\"@type\":\"ListItem\",\"position\":2,\"name\":\"IDOR Day re\u00fane mais de 200 estudantes do ensino m\u00e9dio em uma tarde de imers\u00e3o em ci\u00eancia e carreiras na \u00e1rea da sa\u00fade\"}]},{\"@type\":\"WebSite\",\"@id\":\"https:\\\/\\\/www.rededorsaoluiz.com.br\\\/instituto\\\/idor\\\/#website\",\"url\":\"https:\\\/\\\/www.rededorsaoluiz.com.br\\\/instituto\\\/idor\\\/\",\"name\":\"IDOR - Instituto D&#039;Or de Pesquisa e Ensino\",\"description\":\"\",\"potentialAction\":[{\"@type\":\"SearchAction\",\"target\":{\"@type\":\"EntryPoint\",\"urlTemplate\":\"https:\\\/\\\/www.rededorsaoluiz.com.br\\\/instituto\\\/idor\\\/?s={search_term_string}\"},\"query-input\":{\"@type\":\"PropertyValueSpecification\",\"valueRequired\":true,\"valueName\":\"search_term_string\"}}],\"inLanguage\":\"pt-BR\"},{\"@type\":\"Person\",\"@id\":\"https:\\\/\\\/www.rededorsaoluiz.com.br\\\/instituto\\\/idor\\\/#\\\/schema\\\/person\\\/fbae53b4518019b953ac8307f13979a1\",\"name\":\"Larissa Pereira\",\"image\":{\"@type\":\"ImageObject\",\"inLanguage\":\"pt-BR\",\"@id\":\"https:\\\/\\\/secure.gravatar.com\\\/avatar\\\/07d767b64cedffcf75d9c837c713043dc1c51ab8e5dfe9d4e042834bce58c67b?s=96&d=mm&r=g\",\"url\":\"https:\\\/\\\/secure.gravatar.com\\\/avatar\\\/07d767b64cedffcf75d9c837c713043dc1c51ab8e5dfe9d4e042834bce58c67b?s=96&d=mm&r=g\",\"contentUrl\":\"https:\\\/\\\/secure.gravatar.com\\\/avatar\\\/07d767b64cedffcf75d9c837c713043dc1c51ab8e5dfe9d4e042834bce58c67b?s=96&d=mm&r=g\",\"caption\":\"Larissa Pereira\"},\"url\":\"https:\\\/\\\/www.rededorsaoluiz.com.br\\\/instituto\\\/idor\\\/author\\\/larissa-pereiraf\\\/\"}]}<\/script>\n<!-- \/ Yoast SEO plugin. -->","yoast_head_json":{"title":"IDOR Day re\u00fane mais de 200 estudantes do ensino m\u00e9dio em uma tarde de imers\u00e3o em ci\u00eancia e carreiras na \u00e1rea da sa\u00fade - IDOR - Instituto D&#039;Or de Pesquisa e Ensino","canonical":"https:\/\/ptbr.idor.org\/idor-day-reune-mais-de-200-estudantes-do-ensino-medio\/","og_locale":"pt_BR","og_type":"article","og_title":"IDOR Day re\u00fane mais de 200 estudantes do ensino m\u00e9dio em uma tarde de imers\u00e3o em ci\u00eancia e carreiras na \u00e1rea da sa\u00fade - IDOR - Instituto D&#039;Or de Pesquisa e Ensino","og_description":"Uma tarde para experimentar a ci\u00eancia, conhecer novas possibilidades de carreira e descobrir o que acontece por tr\u00e1s das pesquisas e das diferentes \u00e1reas da sa\u00fade. Essa foi a proposta do IDOR Day, que reuniu mais de 200 estudantes do ensino m\u00e9dio, de mais de 20 institui\u00e7\u00f5es de ensino p\u00fablicas e privadas do Rio de [&hellip;]","og_url":"https:\/\/ptbr.idor.org\/idor-day-reune-mais-de-200-estudantes-do-ensino-medio\/","og_site_name":"IDOR - Instituto D&#039;Or de Pesquisa e Ensino","article_published_time":"2026-09-01T14:37:16+00:00","article_modified_time":"2026-09-01T14:42:07+00:00","og_image":[{"width":1024,"height":576,"url":"https:\/\/ptbr.idor.org\/wp-content\/uploads\/2026\/09\/IMG_2559.JPG-1024x576.jpeg","type":"image\/jpeg"}],"author":"Larissa Pereira","twitter_card":"summary_large_image","twitter_misc":{"Escrito por":"Larissa Pereira","Est. tempo de leitura":"3 minutos"},"schema":{"@context":"https:\/\/schema.org","@graph":[{"@type":"Article","@id":"https:\/\/ptbr.idor.org\/idor-day-reune-mais-de-200-estudantes-do-ensino-medio\/#article","isPartOf":{"@id":"https:\/\/ptbr.idor.org\/idor-day-reune-mais-de-200-estudantes-do-ensino-medio\/"},"author":{"name":"Larissa Pereira","@id":"https:\/\/www.rededorsaoluiz.com.br\/instituto\/idor\/#\/schema\/person\/fbae53b4518019b953ac8307f13979a1"},"headline":"IDOR Day re\u00fane mais de 200 estudantes do ensino m\u00e9dio em uma tarde de imers\u00e3o em ci\u00eancia e carreiras na \u00e1rea da sa\u00fade","datePublished":"2026-09-01T14:37:16+00:00","dateModified":"2026-09-01T14:42:07+00:00","mainEntityOfPage":{"@id":"https:\/\/ptbr.idor.org\/idor-day-reune-mais-de-200-estudantes-do-ensino-medio\/"},"wordCount":329,"commentCount":0,"image":{"@id":"https:\/\/ptbr.idor.org\/idor-day-reune-mais-de-200-estudantes-do-ensino-medio\/#primaryimage"},"thumbnailUrl":"https:\/\/www.rededorsaoluiz.com.br\/instituto\/idor\/wp-content\/uploads\/2026\/09\/IMG_2559.JPG.jpeg","articleSection":["Ensino","Evento"],"inLanguage":"pt-BR","potentialAction":[{"@type":"CommentAction","name":"Comment","target":["https:\/\/ptbr.idor.org\/idor-day-reune-mais-de-200-estudantes-do-ensino-medio\/#respond"]}]},{"@type":"WebPage","@id":"https:\/\/ptbr.idor.org\/idor-day-reune-mais-de-200-estudantes-do-ensino-medio\/","url":"https:\/\/ptbr.idor.org\/idor-day-reune-mais-de-200-estudantes-do-ensino-medio\/","name":"IDOR Day re\u00fane mais de 200 estudantes do ensino m\u00e9dio em uma tarde de imers\u00e3o em ci\u00eancia e carreiras na \u00e1rea da sa\u00fade - IDOR - Instituto D&#039;Or de Pesquisa e Ensino","isPartOf":{"@id":"https:\/\/www.rededorsaoluiz.com.br\/instituto\/idor\/#website"},"primaryImageOfPage":{"@id":"https:\/\/ptbr.idor.org\/idor-day-reune-mais-de-200-estudantes-do-ensino-medio\/#primaryimage"},"image":{"@id":"https:\/\/ptbr.idor.org\/idor-day-reune-mais-de-200-estudantes-do-ensino-medio\/#primaryimage"},"thumbnailUrl":"https:\/\/www.rededorsaoluiz.com.br\/instituto\/idor\/wp-content\/uploads\/2026\/09\/IMG_2559.JPG.jpeg","datePublished":"2026-09-01T14:37:16+00:00","dateModified":"2026-09-01T14:42:07+00:00","author":{"@id":"https:\/\/www.rededorsaoluiz.com.br\/instituto\/idor\/#\/schema\/person\/fbae53b4518019b953ac8307f13979a1"},"breadcrumb":{"@id":"https:\/\/ptbr.idor.org\/idor-day-reune-mais-de-200-estudantes-do-ensino-medio\/#breadcrumb"},"inLanguage":"pt-BR","potentialAction":[{"@type":"ReadAction","target":["https:\/\/ptbr.idor.org\/idor-day-reune-mais-de-200-estudantes-do-ensino-medio\/"]}]},{"@type":"ImageObject","inLanguage":"pt-BR","@id":"https:\/\/ptbr.idor.org\/idor-day-reune-mais-de-200-estudantes-do-ensino-medio\/#primaryimage","url":"https:\/\/www.rededorsaoluiz.com.br\/instituto\/idor\/wp-content\/uploads\/2026\/09\/IMG_2559.JPG.jpeg","contentUrl":"https:\/\/www.rededorsaoluiz.com.br\/instituto\/idor\/wp-content\/uploads\/2026\/09\/IMG_2559.JPG.jpeg","width":6712,"height":3777},{"@type":"BreadcrumbList","@id":"https:\/\/ptbr.idor.org\/idor-day-reune-mais-de-200-estudantes-do-ensino-medio\/#breadcrumb","itemListElement":[{"@type":"ListItem","position":1,"name":"In\u00edcio","item":"https:\/\/ptbr.idor.org\/"},{"@type":"ListItem","position":2,"name":"IDOR Day re\u00fane mais de 200 estudantes do ensino m\u00e9dio em uma tarde de imers\u00e3o em ci\u00eancia e carreiras na \u00e1rea da sa\u00fade"}]},{"@type":"WebSite","@id":"https:\/\/www.rededorsaoluiz.com.br\/instituto\/idor\/#website","url":"https:\/\/www.rededorsaoluiz.com.br\/instituto\/idor\/","name":"IDOR - Instituto D&#039;Or de Pesquisa e Ensino","description":"","potentialAction":[{"@type":"SearchAction","target":{"@type":"EntryPoint","urlTemplate":"https:\/\/www.rededorsaoluiz.com.br\/instituto\/idor\/?s={search_term_string}"},"query-input":{"@type":"PropertyValueSpecification","valueRequired":true,"valueName":"search_term_string"}}],"inLanguage":"pt-BR"},{"@type":"Person","@id":"https:\/\/www.rededorsaoluiz.com.br\/instituto\/idor\/#\/schema\/person\/fbae53b4518019b953ac8307f13979a1","name":"Larissa Pereira","image":{"@type":"ImageObject","inLanguage":"pt-BR","@id":"https:\/\/secure.gravatar.com\/avatar\/07d767b64cedffcf75d9c837c713043dc1c51ab8e5dfe9d4e042834bce58c67b?s=96&d=mm&r=g","url":"https:\/\/secure.gravatar.com\/avatar\/07d767b64cedffcf75d9c837c713043dc1c51ab8e5dfe9d4e042834bce58c67b?s=96&d=mm&r=g","contentUrl":"https:\/\/secure.gravatar.com\/avatar\/07d767b64cedffcf75d9c837c713043dc1c51ab8e5dfe9d4e042834bce58c67b?s=96&d=mm&r=g","caption":"Larissa Pereira"},"url":"https:\/\/www.rededorsaoluiz.com.br\/instituto\/idor\/author\/larissa-pereiraf\/"}]}},"_links":{"self":[{"href":"https:\/\/www.rededorsaoluiz.com.br\/instituto\/idor\/wp-json\/wp\/v2\/posts\/35341","targetHints":{"allow":["GET"]}}],"collection":[{"href":"https:\/\/www.rededorsaoluiz.com.br\/instituto\/idor\/wp-json\/wp\/v2\/posts"}],"about":[{"href":"https:\/\/www.rededorsaoluiz.com.br\/instituto\/idor\/wp-json\/wp\/v2\/types\/post"}],"author":[{"embeddable":true,"href":"https:\/\/www.rededorsaoluiz.com.br\/instituto\/idor\/wp-json\/wp\/v2\/users\/13"}],"replies":[{"embeddable":true,"href":"https:\/\/www.rededorsaoluiz.com.br\/instituto\/idor\/wp-json\/wp\/v2\/comments?post=35341"}],"version-history":[{"count":5,"href":"https:\/\/www.rededorsaoluiz.com.br\/instituto\/idor\/wp-json\/wp\/v2\/posts\/35341\/revisions"}],"predecessor-version":[{"id":35353,"href":"https:\/\/www.rededorsaoluiz.com.br\/instituto\/idor\/wp-json\/wp\/v2\/posts\/35341\/revisions\/35353"}],"wp:featuredmedia":[{"embeddable":true,"href":"https:\/\/www.rededorsaoluiz.com.br\/instituto\/idor\/wp-json\/wp\/v2\/media\/35348"}],"wp:attachment":[{"href":"https:\/\/www.rededorsaoluiz.com.br\/instituto\/idor\/wp-json\/wp\/v2\/media?parent=35341"}],"wp:term":[{"taxonomy":"category","embeddable":true,"href":"https:\/\/www.rededorsaoluiz.com.br\/instituto\/idor\/wp-json\/wp\/v2\/categories?post=35341"},{"taxonomy":"post_tag","embeddable":true,"href":"https:\/\/www.rededorsaoluiz.com.br\/instituto\/idor\/wp-json\/wp\/v2\/tags?post=35341"}],"curies":[{"name":"wp","href":"https:\/\/api.w.org\/{rel}","templated":true}]}}