{"id":6091,"date":"2021-08-08T03:53:14","date_gmt":"2021-08-08T06:53:14","guid":{"rendered":"https:\/\/ptbr.idor.org\/residencia-medica-em-cirurgia-toracica-voltada-para-o-tratamento-de-patologias-pulmonares-e-toracicas\/"},"modified":"2021-08-08T03:53:14","modified_gmt":"2021-08-08T06:53:14","slug":"residencia-medica-em-cirurgia-toracica-voltada-para-o-tratamento-de-patologias-pulmonares-e-toracicas","status":"publish","type":"post","link":"https:\/\/www.rededorsaoluiz.com.br\/instituto\/idor\/residencia-medica-em-cirurgia-toracica-voltada-para-o-tratamento-de-patologias-pulmonares-e-toracicas\/","title":{"rendered":"Resid\u00eancia M\u00e9dica em Cirurgia Tor\u00e1cica: Voltada para o tratamento de patologias pulmonares e tor\u00e1cicas"},"content":{"rendered":"<p><i>Voltada para o tratamento de patologias pulmonares e tor\u00e1cicas que t\u00eam abordagem cir\u00fargica, conhe\u00e7a mais sobre essa especialidade oferecida pelo Programa de Resid\u00eancia m\u00e9dica do IDOR\/RDSL.<\/i>\u00a0<\/p>\n<p>A\u00a0<strong>Resid\u00eancia M\u00e9dica em Cirurgia Tor\u00e1cica do Instituto D\u2019Or\u00a0(IDOR) e da Rede D\u2019Or\u00a0S\u00e3o Luiz (RDSL)<\/strong>\u00a0tem como objetivo a forma\u00e7\u00e3o do profissional no tratamento de patologias pulmonares e tor\u00e1cicas que t\u00eam abordagem cir\u00fargica. \u201cO curso tem como compromisso o aperfei\u00e7oamento do m\u00e9dico residente, tendo como maior objetivo o diagn\u00f3stico e tratamento das principais patologias cir\u00fargicas do t\u00f3rax\u201d, comenta Carlos Eduardo T. Lima, que possui mestrado em Medicina (Cirurgia Tor\u00e1cica) pela UFRJ e \u00e9 um dos coordenadores do curso.\u00a0\u00a0<\/p>\n<p>Os dois principais objetivos desta resid\u00eancia s\u00e3o a forma\u00e7\u00e3o te\u00f3rica \u2013 com enfoque no aspecto multidisciplinar \u2013 e pr\u00e1tica \u2013 voltada para a cirurgia minimamente invasiva \u2013 dos residentes. Tendo cirurgi\u00f5es experientes para lecionar as mais modernas t\u00e9cnicas de cirurgia, o curso conta com preceptores qualificados, que possuem experi\u00eancia em ensino, pesquisa e extens\u00e3o.\u00a0<\/p>\n<p>Residentes poder\u00e3o acompanhar cada caso, desde o atendimento ambulatorial inicial, sua resolu\u00e7\u00e3o, e, por fim, a cirurgia que \u00e9 feita na infraestrutura moderna que a Rede D\u2019Or\u00a0propicia. Ademais, a equipe preceptora \u00e9 formada por profissionais que t\u00eam experi\u00eancia em todas as \u00e1reas da cirurgia tor\u00e1cica, e ter\u00e1 atua\u00e7\u00e3o pr\u00f3xima e permanente junto aos residentes. Esta\u00a0multidisciplinaridade do grupo resultar\u00e1 em ampla forma\u00e7\u00e3o profissional.\u00a0<\/p>\n<p>Por fim, a qualidade do curso oferecido pelo IDOR\/RDSL reflete como ser\u00e1 o futuro da forma\u00e7\u00e3o de m\u00e9dicos especialistas, junto \u00e0 equipe multiprofissional que acompanha o corpo m\u00e9dico e atende pacientes de forma humanizada, convergindo na melhor forma\u00e7\u00e3o do cirurgi\u00e3o tor\u00e1cico. Ademais, com o desenvolvimento de novas tecnologias, em especial a cirurgia minimamente invasiva, cirurgia rob\u00f3tica e Cirurgia Tor\u00e1cica\u00a0Assistida por V\u00eddeo (VATS), a especialidade teve um salto em qualidade e criou novas oportunidades de mercado.\u00a0<\/p>\n<p><b>Conhe\u00e7a o Programa de Resid\u00eancia M\u00e9dica em Cirurgia Tor\u00e1cica do IDOR<\/b>\u00a0<\/p>\n<ul>\n<li>Quantidade de vagas oferecidas: uma.<\/li>\n<li>Dura\u00e7\u00e3o da resid\u00eancia: dois anos.<\/li>\n<li>Unidade em que a resid\u00eancia \u00e9 oferecida: Hospital Copa D\u2019Or, Rio de Janeiro.\u00a0<\/li>\n<li>Prazo de inscri\u00e7\u00e3o: 06\/12\/2021<\/li>\n<\/ul>\n<p><a href=\"https:\/\/www.rededorsaoluiz.com.br\/instituto\/idor\/ensino\/residencia-medica\/residencia-medica-em-cirurgia-toracica\">Inscreva-se aqui<\/a>.\u00a0<\/p>\n","protected":false},"excerpt":{"rendered":"<p>Voltada para o tratamento de patologias pulmonares e tor\u00e1cicas que t\u00eam abordagem cir\u00fargica, conhe\u00e7a mais sobre essa especialidade oferecida pelo Programa de Resid\u00eancia m\u00e9dica do IDOR\/RDSL.<\/p>\n","protected":false},"author":0,"featured_media":6092,"comment_status":"open","ping_status":"open","sticky":false,"template":"","format":"standard","meta":{"_acf_changed":false,"footnotes":""},"categories":[189],"tags":[],"class_list":["post-6091","post","type-post","status-publish","format-standard","has-post-thumbnail","hentry","category-evento"],"acf":[],"yoast_head":"<!-- This site is optimized with the Yoast SEO plugin v27.3 - https:\/\/yoast.com\/product\/yoast-seo-wordpress\/ -->\n<title>Resid\u00eancia M\u00e9dica em Cirurgia Tor\u00e1cica: Voltada para o tratamento de patologias pulmonares e tor\u00e1cicas - IDOR - Instituto D&#039;Or de Pesquisa e Ensino<\/title>\n<link rel=\"canonical\" href=\"https:\/\/www.rededorsaoluiz.com.br\/instituto\/idor\/residencia-medica-em-cirurgia-toracica-voltada-para-o-tratamento-de-patologias-pulmonares-e-toracicas\/\" \/>\n<meta property=\"og:locale\" content=\"pt_BR\" \/>\n<meta property=\"og:type\" content=\"article\" \/>\n<meta property=\"og:title\" content=\"Resid\u00eancia M\u00e9dica em Cirurgia Tor\u00e1cica: Voltada para o tratamento de patologias pulmonares e tor\u00e1cicas - IDOR - Instituto D&#039;Or de Pesquisa e Ensino\" \/>\n<meta property=\"og:description\" content=\"Voltada para o tratamento de patologias pulmonares e tor\u00e1cicas que t\u00eam abordagem cir\u00fargica, conhe\u00e7a mais sobre essa especialidade oferecida pelo Programa de Resid\u00eancia m\u00e9dica do IDOR\/RDSL.\" \/>\n<meta property=\"og:url\" content=\"https:\/\/www.rededorsaoluiz.com.br\/instituto\/idor\/residencia-medica-em-cirurgia-toracica-voltada-para-o-tratamento-de-patologias-pulmonares-e-toracicas\/\" \/>\n<meta property=\"og:site_name\" content=\"IDOR - Instituto D&#039;Or de Pesquisa e Ensino\" \/>\n<meta property=\"article:published_time\" content=\"2021-08-08T06:53:14+00:00\" \/>\n<meta property=\"og:image\" content=\"https:\/\/www.rededorsaoluiz.com.br\/instituto\/idor\/wp-content\/uploads\/2021\/08\/TORACICA-RJ-768x576-1.jpg\" \/>\n\t<meta property=\"og:image:width\" content=\"768\" \/>\n\t<meta property=\"og:image:height\" content=\"576\" \/>\n\t<meta property=\"og:image:type\" content=\"image\/jpeg\" \/>\n<meta name=\"twitter:card\" content=\"summary_large_image\" \/>\n<meta name=\"twitter:label1\" content=\"Est. tempo de leitura\" \/>\n\t<meta name=\"twitter:data1\" content=\"2 minutos\" \/>\n<script type=\"application\/ld+json\" class=\"yoast-schema-graph\">{\"@context\":\"https:\\\/\\\/schema.org\",\"@graph\":[{\"@type\":\"Article\",\"@id\":\"https:\\\/\\\/www.rededorsaoluiz.com.br\\\/instituto\\\/idor\\\/residencia-medica-em-cirurgia-toracica-voltada-para-o-tratamento-de-patologias-pulmonares-e-toracicas\\\/#article\",\"isPartOf\":{\"@id\":\"https:\\\/\\\/www.rededorsaoluiz.com.br\\\/instituto\\\/idor\\\/residencia-medica-em-cirurgia-toracica-voltada-para-o-tratamento-de-patologias-pulmonares-e-toracicas\\\/\"},\"author\":{\"name\":\"\",\"@id\":\"\"},\"headline\":\"Resid\u00eancia M\u00e9dica em Cirurgia Tor\u00e1cica: Voltada para o tratamento de patologias pulmonares e tor\u00e1cicas\",\"datePublished\":\"2021-08-08T06:53:14+00:00\",\"mainEntityOfPage\":{\"@id\":\"https:\\\/\\\/www.rededorsaoluiz.com.br\\\/instituto\\\/idor\\\/residencia-medica-em-cirurgia-toracica-voltada-para-o-tratamento-de-patologias-pulmonares-e-toracicas\\\/\"},\"wordCount\":408,\"commentCount\":0,\"image\":{\"@id\":\"https:\\\/\\\/www.rededorsaoluiz.com.br\\\/instituto\\\/idor\\\/residencia-medica-em-cirurgia-toracica-voltada-para-o-tratamento-de-patologias-pulmonares-e-toracicas\\\/#primaryimage\"},\"thumbnailUrl\":\"https:\\\/\\\/www.rededorsaoluiz.com.br\\\/instituto\\\/idor\\\/wp-content\\\/uploads\\\/2021\\\/08\\\/TORACICA-RJ-768x576-1.jpg\",\"articleSection\":[\"Evento\"],\"inLanguage\":\"pt-BR\",\"potentialAction\":[{\"@type\":\"CommentAction\",\"name\":\"Comment\",\"target\":[\"https:\\\/\\\/www.rededorsaoluiz.com.br\\\/instituto\\\/idor\\\/residencia-medica-em-cirurgia-toracica-voltada-para-o-tratamento-de-patologias-pulmonares-e-toracicas\\\/#respond\"]}]},{\"@type\":\"WebPage\",\"@id\":\"https:\\\/\\\/www.rededorsaoluiz.com.br\\\/instituto\\\/idor\\\/residencia-medica-em-cirurgia-toracica-voltada-para-o-tratamento-de-patologias-pulmonares-e-toracicas\\\/\",\"url\":\"https:\\\/\\\/www.rededorsaoluiz.com.br\\\/instituto\\\/idor\\\/residencia-medica-em-cirurgia-toracica-voltada-para-o-tratamento-de-patologias-pulmonares-e-toracicas\\\/\",\"name\":\"Resid\u00eancia M\u00e9dica em Cirurgia Tor\u00e1cica: Voltada para o tratamento de patologias pulmonares e tor\u00e1cicas - IDOR - Instituto D&#039;Or de Pesquisa e Ensino\",\"isPartOf\":{\"@id\":\"https:\\\/\\\/www.rededorsaoluiz.com.br\\\/instituto\\\/idor\\\/#website\"},\"primaryImageOfPage\":{\"@id\":\"https:\\\/\\\/www.rededorsaoluiz.com.br\\\/instituto\\\/idor\\\/residencia-medica-em-cirurgia-toracica-voltada-para-o-tratamento-de-patologias-pulmonares-e-toracicas\\\/#primaryimage\"},\"image\":{\"@id\":\"https:\\\/\\\/www.rededorsaoluiz.com.br\\\/instituto\\\/idor\\\/residencia-medica-em-cirurgia-toracica-voltada-para-o-tratamento-de-patologias-pulmonares-e-toracicas\\\/#primaryimage\"},\"thumbnailUrl\":\"https:\\\/\\\/www.rededorsaoluiz.com.br\\\/instituto\\\/idor\\\/wp-content\\\/uploads\\\/2021\\\/08\\\/TORACICA-RJ-768x576-1.jpg\",\"datePublished\":\"2021-08-08T06:53:14+00:00\",\"author\":{\"@id\":\"\"},\"breadcrumb\":{\"@id\":\"https:\\\/\\\/www.rededorsaoluiz.com.br\\\/instituto\\\/idor\\\/residencia-medica-em-cirurgia-toracica-voltada-para-o-tratamento-de-patologias-pulmonares-e-toracicas\\\/#breadcrumb\"},\"inLanguage\":\"pt-BR\",\"potentialAction\":[{\"@type\":\"ReadAction\",\"target\":[\"https:\\\/\\\/www.rededorsaoluiz.com.br\\\/instituto\\\/idor\\\/residencia-medica-em-cirurgia-toracica-voltada-para-o-tratamento-de-patologias-pulmonares-e-toracicas\\\/\"]}]},{\"@type\":\"ImageObject\",\"inLanguage\":\"pt-BR\",\"@id\":\"https:\\\/\\\/www.rededorsaoluiz.com.br\\\/instituto\\\/idor\\\/residencia-medica-em-cirurgia-toracica-voltada-para-o-tratamento-de-patologias-pulmonares-e-toracicas\\\/#primaryimage\",\"url\":\"https:\\\/\\\/www.rededorsaoluiz.com.br\\\/instituto\\\/idor\\\/wp-content\\\/uploads\\\/2021\\\/08\\\/TORACICA-RJ-768x576-1.jpg\",\"contentUrl\":\"https:\\\/\\\/www.rededorsaoluiz.com.br\\\/instituto\\\/idor\\\/wp-content\\\/uploads\\\/2021\\\/08\\\/TORACICA-RJ-768x576-1.jpg\",\"width\":768,\"height\":576},{\"@type\":\"BreadcrumbList\",\"@id\":\"https:\\\/\\\/www.rededorsaoluiz.com.br\\\/instituto\\\/idor\\\/residencia-medica-em-cirurgia-toracica-voltada-para-o-tratamento-de-patologias-pulmonares-e-toracicas\\\/#breadcrumb\",\"itemListElement\":[{\"@type\":\"ListItem\",\"position\":1,\"name\":\"In\u00edcio\",\"item\":\"https:\\\/\\\/www.rededorsaoluiz.com.br\\\/instituto\\\/idor\\\/\"},{\"@type\":\"ListItem\",\"position\":2,\"name\":\"Resid\u00eancia M\u00e9dica em Cirurgia Tor\u00e1cica: Voltada para o tratamento de patologias pulmonares e tor\u00e1cicas\"}]},{\"@type\":\"WebSite\",\"@id\":\"https:\\\/\\\/www.rededorsaoluiz.com.br\\\/instituto\\\/idor\\\/#website\",\"url\":\"https:\\\/\\\/www.rededorsaoluiz.com.br\\\/instituto\\\/idor\\\/\",\"name\":\"IDOR - Instituto D&#039;Or de Pesquisa e Ensino\",\"description\":\"\",\"potentialAction\":[{\"@type\":\"SearchAction\",\"target\":{\"@type\":\"EntryPoint\",\"urlTemplate\":\"https:\\\/\\\/www.rededorsaoluiz.com.br\\\/instituto\\\/idor\\\/?s={search_term_string}\"},\"query-input\":{\"@type\":\"PropertyValueSpecification\",\"valueRequired\":true,\"valueName\":\"search_term_string\"}}],\"inLanguage\":\"pt-BR\"}]}<\/script>\n<!-- \/ Yoast SEO plugin. -->","yoast_head_json":{"title":"Resid\u00eancia M\u00e9dica em Cirurgia Tor\u00e1cica: Voltada para o tratamento de patologias pulmonares e tor\u00e1cicas - IDOR - Instituto D&#039;Or de Pesquisa e Ensino","canonical":"https:\/\/www.rededorsaoluiz.com.br\/instituto\/idor\/residencia-medica-em-cirurgia-toracica-voltada-para-o-tratamento-de-patologias-pulmonares-e-toracicas\/","og_locale":"pt_BR","og_type":"article","og_title":"Resid\u00eancia M\u00e9dica em Cirurgia Tor\u00e1cica: Voltada para o tratamento de patologias pulmonares e tor\u00e1cicas - IDOR - Instituto D&#039;Or de Pesquisa e Ensino","og_description":"Voltada para o tratamento de patologias pulmonares e tor\u00e1cicas que t\u00eam abordagem cir\u00fargica, conhe\u00e7a mais sobre essa especialidade oferecida pelo Programa de Resid\u00eancia m\u00e9dica do IDOR\/RDSL.","og_url":"https:\/\/www.rededorsaoluiz.com.br\/instituto\/idor\/residencia-medica-em-cirurgia-toracica-voltada-para-o-tratamento-de-patologias-pulmonares-e-toracicas\/","og_site_name":"IDOR - Instituto D&#039;Or de Pesquisa e Ensino","article_published_time":"2021-08-08T06:53:14+00:00","og_image":[{"width":768,"height":576,"url":"https:\/\/www.rededorsaoluiz.com.br\/instituto\/idor\/wp-content\/uploads\/2021\/08\/TORACICA-RJ-768x576-1.jpg","type":"image\/jpeg"}],"twitter_card":"summary_large_image","twitter_misc":{"Est. tempo de leitura":"2 minutos"},"schema":{"@context":"https:\/\/schema.org","@graph":[{"@type":"Article","@id":"https:\/\/www.rededorsaoluiz.com.br\/instituto\/idor\/residencia-medica-em-cirurgia-toracica-voltada-para-o-tratamento-de-patologias-pulmonares-e-toracicas\/#article","isPartOf":{"@id":"https:\/\/www.rededorsaoluiz.com.br\/instituto\/idor\/residencia-medica-em-cirurgia-toracica-voltada-para-o-tratamento-de-patologias-pulmonares-e-toracicas\/"},"author":{"name":"","@id":""},"headline":"Resid\u00eancia M\u00e9dica em Cirurgia Tor\u00e1cica: Voltada para o tratamento de patologias pulmonares e tor\u00e1cicas","datePublished":"2021-08-08T06:53:14+00:00","mainEntityOfPage":{"@id":"https:\/\/www.rededorsaoluiz.com.br\/instituto\/idor\/residencia-medica-em-cirurgia-toracica-voltada-para-o-tratamento-de-patologias-pulmonares-e-toracicas\/"},"wordCount":408,"commentCount":0,"image":{"@id":"https:\/\/www.rededorsaoluiz.com.br\/instituto\/idor\/residencia-medica-em-cirurgia-toracica-voltada-para-o-tratamento-de-patologias-pulmonares-e-toracicas\/#primaryimage"},"thumbnailUrl":"https:\/\/www.rededorsaoluiz.com.br\/instituto\/idor\/wp-content\/uploads\/2021\/08\/TORACICA-RJ-768x576-1.jpg","articleSection":["Evento"],"inLanguage":"pt-BR","potentialAction":[{"@type":"CommentAction","name":"Comment","target":["https:\/\/www.rededorsaoluiz.com.br\/instituto\/idor\/residencia-medica-em-cirurgia-toracica-voltada-para-o-tratamento-de-patologias-pulmonares-e-toracicas\/#respond"]}]},{"@type":"WebPage","@id":"https:\/\/www.rededorsaoluiz.com.br\/instituto\/idor\/residencia-medica-em-cirurgia-toracica-voltada-para-o-tratamento-de-patologias-pulmonares-e-toracicas\/","url":"https:\/\/www.rededorsaoluiz.com.br\/instituto\/idor\/residencia-medica-em-cirurgia-toracica-voltada-para-o-tratamento-de-patologias-pulmonares-e-toracicas\/","name":"Resid\u00eancia M\u00e9dica em Cirurgia Tor\u00e1cica: Voltada para o tratamento de patologias pulmonares e tor\u00e1cicas - IDOR - Instituto D&#039;Or de Pesquisa e Ensino","isPartOf":{"@id":"https:\/\/www.rededorsaoluiz.com.br\/instituto\/idor\/#website"},"primaryImageOfPage":{"@id":"https:\/\/www.rededorsaoluiz.com.br\/instituto\/idor\/residencia-medica-em-cirurgia-toracica-voltada-para-o-tratamento-de-patologias-pulmonares-e-toracicas\/#primaryimage"},"image":{"@id":"https:\/\/www.rededorsaoluiz.com.br\/instituto\/idor\/residencia-medica-em-cirurgia-toracica-voltada-para-o-tratamento-de-patologias-pulmonares-e-toracicas\/#primaryimage"},"thumbnailUrl":"https:\/\/www.rededorsaoluiz.com.br\/instituto\/idor\/wp-content\/uploads\/2021\/08\/TORACICA-RJ-768x576-1.jpg","datePublished":"2021-08-08T06:53:14+00:00","author":{"@id":""},"breadcrumb":{"@id":"https:\/\/www.rededorsaoluiz.com.br\/instituto\/idor\/residencia-medica-em-cirurgia-toracica-voltada-para-o-tratamento-de-patologias-pulmonares-e-toracicas\/#breadcrumb"},"inLanguage":"pt-BR","potentialAction":[{"@type":"ReadAction","target":["https:\/\/www.rededorsaoluiz.com.br\/instituto\/idor\/residencia-medica-em-cirurgia-toracica-voltada-para-o-tratamento-de-patologias-pulmonares-e-toracicas\/"]}]},{"@type":"ImageObject","inLanguage":"pt-BR","@id":"https:\/\/www.rededorsaoluiz.com.br\/instituto\/idor\/residencia-medica-em-cirurgia-toracica-voltada-para-o-tratamento-de-patologias-pulmonares-e-toracicas\/#primaryimage","url":"https:\/\/www.rededorsaoluiz.com.br\/instituto\/idor\/wp-content\/uploads\/2021\/08\/TORACICA-RJ-768x576-1.jpg","contentUrl":"https:\/\/www.rededorsaoluiz.com.br\/instituto\/idor\/wp-content\/uploads\/2021\/08\/TORACICA-RJ-768x576-1.jpg","width":768,"height":576},{"@type":"BreadcrumbList","@id":"https:\/\/www.rededorsaoluiz.com.br\/instituto\/idor\/residencia-medica-em-cirurgia-toracica-voltada-para-o-tratamento-de-patologias-pulmonares-e-toracicas\/#breadcrumb","itemListElement":[{"@type":"ListItem","position":1,"name":"In\u00edcio","item":"https:\/\/www.rededorsaoluiz.com.br\/instituto\/idor\/"},{"@type":"ListItem","position":2,"name":"Resid\u00eancia M\u00e9dica em Cirurgia Tor\u00e1cica: Voltada para o tratamento de patologias pulmonares e tor\u00e1cicas"}]},{"@type":"WebSite","@id":"https:\/\/www.rededorsaoluiz.com.br\/instituto\/idor\/#website","url":"https:\/\/www.rededorsaoluiz.com.br\/instituto\/idor\/","name":"IDOR - Instituto D&#039;Or de Pesquisa e Ensino","description":"","potentialAction":[{"@type":"SearchAction","target":{"@type":"EntryPoint","urlTemplate":"https:\/\/www.rededorsaoluiz.com.br\/instituto\/idor\/?s={search_term_string}"},"query-input":{"@type":"PropertyValueSpecification","valueRequired":true,"valueName":"search_term_string"}}],"inLanguage":"pt-BR"}]}},"_links":{"self":[{"href":"https:\/\/www.rededorsaoluiz.com.br\/instituto\/idor\/wp-json\/wp\/v2\/posts\/6091","targetHints":{"allow":["GET"]}}],"collection":[{"href":"https:\/\/www.rededorsaoluiz.com.br\/instituto\/idor\/wp-json\/wp\/v2\/posts"}],"about":[{"href":"https:\/\/www.rededorsaoluiz.com.br\/instituto\/idor\/wp-json\/wp\/v2\/types\/post"}],"replies":[{"embeddable":true,"href":"https:\/\/www.rededorsaoluiz.com.br\/instituto\/idor\/wp-json\/wp\/v2\/comments?post=6091"}],"version-history":[{"count":0,"href":"https:\/\/www.rededorsaoluiz.com.br\/instituto\/idor\/wp-json\/wp\/v2\/posts\/6091\/revisions"}],"wp:featuredmedia":[{"embeddable":true,"href":"https:\/\/www.rededorsaoluiz.com.br\/instituto\/idor\/wp-json\/wp\/v2\/media\/6092"}],"wp:attachment":[{"href":"https:\/\/www.rededorsaoluiz.com.br\/instituto\/idor\/wp-json\/wp\/v2\/media?parent=6091"}],"wp:term":[{"taxonomy":"category","embeddable":true,"href":"https:\/\/www.rededorsaoluiz.com.br\/instituto\/idor\/wp-json\/wp\/v2\/categories?post=6091"},{"taxonomy":"post_tag","embeddable":true,"href":"https:\/\/www.rededorsaoluiz.com.br\/instituto\/idor\/wp-json\/wp\/v2\/tags?post=6091"}],"curies":[{"name":"wp","href":"https:\/\/api.w.org\/{rel}","templated":true}]}}