{"id":6171,"date":"2021-10-29T11:11:59","date_gmt":"2021-10-29T14:11:59","guid":{"rendered":"https:\/\/ptbr.idor.org\/em-video-de-animacao-idor-e-abc-homenageiam-medico-brasileiro-precursor-do-tratamento-da-hipertensao\/"},"modified":"2021-10-29T11:11:59","modified_gmt":"2021-10-29T14:11:59","slug":"em-video-de-animacao-idor-e-abc-homenageiam-medico-brasileiro-precursor-do-tratamento-da-hipertensao","status":"publish","type":"post","link":"https:\/\/www.rededorsaoluiz.com.br\/instituto\/idor\/em-video-de-animacao-idor-e-abc-homenageiam-medico-brasileiro-precursor-do-tratamento-da-hipertensao\/","title":{"rendered":"Em v\u00eddeo de anima\u00e7\u00e3o, IDOR e ABC homenageiam m\u00e9dico brasileiro precursor do tratamento da Hipertens\u00e3o"},"content":{"rendered":"<p><i>O cientista S\u00e9rgio Ferreira foi respons\u00e1vel por descobrir um dos primeiros fatores para o controle da press\u00e3o arterial<\/i><\/p>\n<p>Neste m\u00eas de outubro, a Academia Brasileira de Ci\u00eancias (ABC) lan\u00e7a em sua Reuni\u00e3o Magna o oitavo v\u00eddeo do projeto &#8220;Ci\u00eancia Gera Desenvolvimento&#8221;. A iniciativa, realizada em parceria com o Instituto D&#8217;Or de Pesquisa e Ensino (IDOR), divulga dessa vez a minibiografia animada do m\u00e9dico e cientista brasileiro, S\u00e9rgio Henrique Ferreira.<\/p>\n<p>Na d\u00e9cada de 1960, S\u00e9rgio Ferreira, m\u00e9dico e pesquisador formado pela Faculdade de Medicina da Universidade de S\u00e3o Paulo (USP) de Ribeir\u00e3o Preto, foi o respons\u00e1vel pela descoberta que mudaria a qualidade de vida da popula\u00e7\u00e3o hipertensa mundial.\u00a0<\/p>\n<p>Estudando os efeitos do veneno da serpente jararaca, o cientista identificou o fator de potencializa\u00e7\u00e3o da bradicinina (BPF, na sigla em ingl\u00eas), que seria precursor do captopril, medicamento anti-hipertensivo potente e utilizado at\u00e9 hoje em todo o mundo para controle da press\u00e3o alta.<\/p>\n<p>O v\u00eddeo anterior ao de Ferreira, lan\u00e7ado em maio pela ABC, homenageava seu mestre, <a href=\"https:\/\/www.youtube.com\/watch?v=2FnBAFJzkhY&amp;list=PLOMY7wSRDrybk-Ie13g05_qUy2eFpX4Rj&amp;index=7&amp;ab_channel=AcademiaBrasileiradeCi%C3%AAncias\">o farmacologista Maur\u00edcio Rocha e Silva<\/a>, descobridor da bradicinina, subst\u00e2ncia vasodilatora que era produzida pelo organismo humano ap\u00f3s contato com o veneno da jararaca.\u00a0<\/p>\n<p>Al\u00e9m de honrar e desenvolver as descobertas de seu orientador, identificando o fator que permitiria o desenvolvimento do medicamento, S\u00e9rgio Ferreira atuou ainda na pesquisa de f\u00e1rmacos como a aspirina e a dipirona, e colecionou in\u00fameros t\u00edtulos e distin\u00e7\u00f5es ao longo de sua carreira. Al\u00e9m de membro da pr\u00f3pria ABC, ele chegou a presidir a Sociedade Brasileira para o Progresso da Ci\u00eancia (SBPC), e foi ganhador dos pr\u00eamios internacionais Ciba Award For Hypertension Research, concedido pela American Heart Association, e o Scientific Merit Award, da Interamerican Society for Clinical Pharmacology and Therapeutics, entre muitos outros reconhecimentos.<\/p>\n<p>&#8220;S\u00e9rgio Ferreira se destacou mundialmente por suas pesquisas b\u00e1sicas que resultaram na descoberta de uma nova classe de medicamentos mundialmente usados no controle da hipertens\u00e3o arterial. Ele foi acima de tudo um cientista completo. Um apaixonado pela ci\u00eancia b\u00e1sica e suas aplica\u00e7\u00f5es na medicina. Sem d\u00favida, um dos maiores pesquisadores de sua gera\u00e7\u00e3o&#8221;, comenta o vice-presidente da Academia Brasileira de Ci\u00eancias (ABC) para a Regi\u00e3o Sul, Jo\u00e3o Calixto.<\/p>\n<p>O &#8220;Ci\u00eancia Gera Desenvolvimento&#8221; \u00e9 um projeto criado pela ABC, em 2017, com parceria do Instituto D&#8217;Or de Pesquisa e Ensino (IDOR) desde 2019. O objetivo da iniciativa \u00e9 divulgar, atrav\u00e9s de anima\u00e7\u00f5es curtas e com linguagem acess\u00edvel, a vida e legado de grandes nomes da ci\u00eancia brasileira. Confira abaixo:<\/p>\n<div  id=\"_ytid_83293\"  width=\"800\" height=\"450\"  data-origwidth=\"800\" data-origheight=\"450\"  data-relstop=\"1\" data-facadesrc=\"https:\/\/www.youtube.com\/embed\/LF81J7NHkNA?enablejsapi=1&#038;list=PLOMY7wSRDrybk-Ie13g05_qUy2eFpX4Rj&#038;index=8&#038;autoplay=0&#038;cc_load_policy=0&#038;iv_load_policy=1&#038;loop=0&#038;fs=1&#038;playsinline=0&#038;controls=1&#038;disablekb=0&#038;color=red&#038;cc_lang_pref=&#038;rel=0&#038;autohide=2&#038;theme=dark&#038;\" class=\"__youtube_prefs__ epyt-facade epyt-is-override  no-lazyload\" data-epautoplay=\"1\" ><img decoding=\"async\" data-spai-excluded=\"true\" class=\"epyt-facade-poster skip-lazy\" loading=\"lazy\"  alt=\"YouTube player\"  src=\"https:\/\/i.ytimg.com\/vi\/LF81J7NHkNA\/maxresdefault.jpg\"  \/><button class=\"epyt-facade-play\" aria-label=\"Play\"><svg data-no-lazy=\"1\" height=\"100%\" version=\"1.1\" viewBox=\"0 0 68 48\" width=\"100%\"><path class=\"ytp-large-play-button-bg\" d=\"M66.52,7.74c-0.78-2.93-2.49-5.41-5.42-6.19C55.79,.13,34,0,34,0S12.21,.13,6.9,1.55 C3.97,2.33,2.27,4.81,1.48,7.74C0.06,13.05,0,24,0,24s0.06,10.95,1.48,16.26c0.78,2.93,2.49,5.41,5.42,6.19 C12.21,47.87,34,48,34,48s21.79-0.13,27.1-1.55c2.93-0.78,4.64-3.26,5.42-6.19C67.94,34.95,68,24,68,24S67.94,13.05,66.52,7.74z\" fill=\"#f00\"><\/path><path d=\"M 45,24 27,14 27,34\" fill=\"#fff\"><\/path><\/svg><\/button><\/div>\n<p>&nbsp;<\/p>\n","protected":false},"excerpt":{"rendered":"<p>O cientista S\u00e9rgio Ferreira foi respons\u00e1vel por descobrir um dos primeiros fatores para o controle da press\u00e3o arterial Neste m\u00eas de outubro, a Academia Brasileira de Ci\u00eancias (ABC) lan\u00e7a em sua Reuni\u00e3o Magna o oitavo v\u00eddeo do projeto &#8220;Ci\u00eancia Gera Desenvolvimento&#8221;. A iniciativa, realizada em parceria com o Instituto D&#8217;Or de Pesquisa e Ensino (IDOR), [&hellip;]<\/p>\n","protected":false},"author":0,"featured_media":6172,"comment_status":"open","ping_status":"open","sticky":false,"template":"","format":"standard","meta":{"_acf_changed":false,"footnotes":""},"categories":[191,190],"tags":[],"class_list":["post-6171","post","type-post","status-publish","format-standard","has-post-thumbnail","hentry","category-novidades","category-pesquisa"],"acf":[],"yoast_head":"<!-- This site is optimized with the Yoast SEO plugin v27.3 - https:\/\/yoast.com\/product\/yoast-seo-wordpress\/ -->\n<title>Em v\u00eddeo de anima\u00e7\u00e3o, IDOR e ABC homenageiam m\u00e9dico brasileiro precursor do tratamento da Hipertens\u00e3o - IDOR - Instituto D&#039;Or de Pesquisa e Ensino<\/title>\n<link rel=\"canonical\" href=\"https:\/\/www.rededorsaoluiz.com.br\/instituto\/idor\/em-video-de-animacao-idor-e-abc-homenageiam-medico-brasileiro-precursor-do-tratamento-da-hipertensao\/\" \/>\n<meta property=\"og:locale\" content=\"pt_BR\" \/>\n<meta property=\"og:type\" content=\"article\" \/>\n<meta property=\"og:title\" content=\"Em v\u00eddeo de anima\u00e7\u00e3o, IDOR e ABC homenageiam m\u00e9dico brasileiro precursor do tratamento da Hipertens\u00e3o - IDOR - Instituto D&#039;Or de Pesquisa e Ensino\" \/>\n<meta property=\"og:description\" content=\"O cientista S\u00e9rgio Ferreira foi respons\u00e1vel por descobrir um dos primeiros fatores para o controle da press\u00e3o arterial Neste m\u00eas de outubro, a Academia Brasileira de Ci\u00eancias (ABC) lan\u00e7a em sua Reuni\u00e3o Magna o oitavo v\u00eddeo do projeto &#8220;Ci\u00eancia Gera Desenvolvimento&#8221;. A iniciativa, realizada em parceria com o Instituto D&#8217;Or de Pesquisa e Ensino (IDOR), [&hellip;]\" \/>\n<meta property=\"og:url\" content=\"https:\/\/www.rededorsaoluiz.com.br\/instituto\/idor\/em-video-de-animacao-idor-e-abc-homenageiam-medico-brasileiro-precursor-do-tratamento-da-hipertensao\/\" \/>\n<meta property=\"og:site_name\" content=\"IDOR - Instituto D&#039;Or de Pesquisa e Ensino\" \/>\n<meta property=\"article:published_time\" content=\"2021-10-29T14:11:59+00:00\" \/>\n<meta property=\"og:image\" content=\"https:\/\/www.rededorsaoluiz.com.br\/instituto\/idor\/wp-content\/uploads\/2021\/10\/Imagem-Release-03-Sergio-Henrique-Ferreira-scaled-1.jpg\" \/>\n\t<meta property=\"og:image:width\" content=\"2560\" \/>\n\t<meta property=\"og:image:height\" content=\"1810\" \/>\n\t<meta property=\"og:image:type\" content=\"image\/jpeg\" \/>\n<meta name=\"twitter:card\" content=\"summary_large_image\" \/>\n<meta name=\"twitter:label1\" content=\"Est. tempo de leitura\" \/>\n\t<meta name=\"twitter:data1\" content=\"2 minutos\" \/>\n<script type=\"application\/ld+json\" class=\"yoast-schema-graph\">{\"@context\":\"https:\\\/\\\/schema.org\",\"@graph\":[{\"@type\":\"Article\",\"@id\":\"https:\\\/\\\/www.rededorsaoluiz.com.br\\\/instituto\\\/idor\\\/em-video-de-animacao-idor-e-abc-homenageiam-medico-brasileiro-precursor-do-tratamento-da-hipertensao\\\/#article\",\"isPartOf\":{\"@id\":\"https:\\\/\\\/www.rededorsaoluiz.com.br\\\/instituto\\\/idor\\\/em-video-de-animacao-idor-e-abc-homenageiam-medico-brasileiro-precursor-do-tratamento-da-hipertensao\\\/\"},\"author\":{\"name\":\"\",\"@id\":\"\"},\"headline\":\"Em v\u00eddeo de anima\u00e7\u00e3o, IDOR e ABC homenageiam m\u00e9dico brasileiro precursor do tratamento da Hipertens\u00e3o\",\"datePublished\":\"2021-10-29T14:11:59+00:00\",\"mainEntityOfPage\":{\"@id\":\"https:\\\/\\\/www.rededorsaoluiz.com.br\\\/instituto\\\/idor\\\/em-video-de-animacao-idor-e-abc-homenageiam-medico-brasileiro-precursor-do-tratamento-da-hipertensao\\\/\"},\"wordCount\":496,\"commentCount\":0,\"image\":{\"@id\":\"https:\\\/\\\/www.rededorsaoluiz.com.br\\\/instituto\\\/idor\\\/em-video-de-animacao-idor-e-abc-homenageiam-medico-brasileiro-precursor-do-tratamento-da-hipertensao\\\/#primaryimage\"},\"thumbnailUrl\":\"https:\\\/\\\/www.rededorsaoluiz.com.br\\\/instituto\\\/idor\\\/wp-content\\\/uploads\\\/2021\\\/10\\\/Imagem-Release-03-Sergio-Henrique-Ferreira-scaled-1.jpg\",\"articleSection\":[\"Novidades\",\"Pesquisa\"],\"inLanguage\":\"pt-BR\",\"potentialAction\":[{\"@type\":\"CommentAction\",\"name\":\"Comment\",\"target\":[\"https:\\\/\\\/www.rededorsaoluiz.com.br\\\/instituto\\\/idor\\\/em-video-de-animacao-idor-e-abc-homenageiam-medico-brasileiro-precursor-do-tratamento-da-hipertensao\\\/#respond\"]}]},{\"@type\":\"WebPage\",\"@id\":\"https:\\\/\\\/www.rededorsaoluiz.com.br\\\/instituto\\\/idor\\\/em-video-de-animacao-idor-e-abc-homenageiam-medico-brasileiro-precursor-do-tratamento-da-hipertensao\\\/\",\"url\":\"https:\\\/\\\/www.rededorsaoluiz.com.br\\\/instituto\\\/idor\\\/em-video-de-animacao-idor-e-abc-homenageiam-medico-brasileiro-precursor-do-tratamento-da-hipertensao\\\/\",\"name\":\"Em v\u00eddeo de anima\u00e7\u00e3o, IDOR e ABC homenageiam m\u00e9dico brasileiro precursor do tratamento da Hipertens\u00e3o - IDOR - Instituto D&#039;Or de Pesquisa e Ensino\",\"isPartOf\":{\"@id\":\"https:\\\/\\\/www.rededorsaoluiz.com.br\\\/instituto\\\/idor\\\/#website\"},\"primaryImageOfPage\":{\"@id\":\"https:\\\/\\\/www.rededorsaoluiz.com.br\\\/instituto\\\/idor\\\/em-video-de-animacao-idor-e-abc-homenageiam-medico-brasileiro-precursor-do-tratamento-da-hipertensao\\\/#primaryimage\"},\"image\":{\"@id\":\"https:\\\/\\\/www.rededorsaoluiz.com.br\\\/instituto\\\/idor\\\/em-video-de-animacao-idor-e-abc-homenageiam-medico-brasileiro-precursor-do-tratamento-da-hipertensao\\\/#primaryimage\"},\"thumbnailUrl\":\"https:\\\/\\\/www.rededorsaoluiz.com.br\\\/instituto\\\/idor\\\/wp-content\\\/uploads\\\/2021\\\/10\\\/Imagem-Release-03-Sergio-Henrique-Ferreira-scaled-1.jpg\",\"datePublished\":\"2021-10-29T14:11:59+00:00\",\"author\":{\"@id\":\"\"},\"breadcrumb\":{\"@id\":\"https:\\\/\\\/www.rededorsaoluiz.com.br\\\/instituto\\\/idor\\\/em-video-de-animacao-idor-e-abc-homenageiam-medico-brasileiro-precursor-do-tratamento-da-hipertensao\\\/#breadcrumb\"},\"inLanguage\":\"pt-BR\",\"potentialAction\":[{\"@type\":\"ReadAction\",\"target\":[\"https:\\\/\\\/www.rededorsaoluiz.com.br\\\/instituto\\\/idor\\\/em-video-de-animacao-idor-e-abc-homenageiam-medico-brasileiro-precursor-do-tratamento-da-hipertensao\\\/\"]}]},{\"@type\":\"ImageObject\",\"inLanguage\":\"pt-BR\",\"@id\":\"https:\\\/\\\/www.rededorsaoluiz.com.br\\\/instituto\\\/idor\\\/em-video-de-animacao-idor-e-abc-homenageiam-medico-brasileiro-precursor-do-tratamento-da-hipertensao\\\/#primaryimage\",\"url\":\"https:\\\/\\\/www.rededorsaoluiz.com.br\\\/instituto\\\/idor\\\/wp-content\\\/uploads\\\/2021\\\/10\\\/Imagem-Release-03-Sergio-Henrique-Ferreira-scaled-1.jpg\",\"contentUrl\":\"https:\\\/\\\/www.rededorsaoluiz.com.br\\\/instituto\\\/idor\\\/wp-content\\\/uploads\\\/2021\\\/10\\\/Imagem-Release-03-Sergio-Henrique-Ferreira-scaled-1.jpg\",\"width\":2560,\"height\":1810},{\"@type\":\"BreadcrumbList\",\"@id\":\"https:\\\/\\\/www.rededorsaoluiz.com.br\\\/instituto\\\/idor\\\/em-video-de-animacao-idor-e-abc-homenageiam-medico-brasileiro-precursor-do-tratamento-da-hipertensao\\\/#breadcrumb\",\"itemListElement\":[{\"@type\":\"ListItem\",\"position\":1,\"name\":\"In\u00edcio\",\"item\":\"https:\\\/\\\/www.rededorsaoluiz.com.br\\\/instituto\\\/idor\\\/\"},{\"@type\":\"ListItem\",\"position\":2,\"name\":\"Em v\u00eddeo de anima\u00e7\u00e3o, IDOR e ABC homenageiam m\u00e9dico brasileiro precursor do tratamento da Hipertens\u00e3o\"}]},{\"@type\":\"WebSite\",\"@id\":\"https:\\\/\\\/www.rededorsaoluiz.com.br\\\/instituto\\\/idor\\\/#website\",\"url\":\"https:\\\/\\\/www.rededorsaoluiz.com.br\\\/instituto\\\/idor\\\/\",\"name\":\"IDOR - Instituto D&#039;Or de Pesquisa e Ensino\",\"description\":\"\",\"potentialAction\":[{\"@type\":\"SearchAction\",\"target\":{\"@type\":\"EntryPoint\",\"urlTemplate\":\"https:\\\/\\\/www.rededorsaoluiz.com.br\\\/instituto\\\/idor\\\/?s={search_term_string}\"},\"query-input\":{\"@type\":\"PropertyValueSpecification\",\"valueRequired\":true,\"valueName\":\"search_term_string\"}}],\"inLanguage\":\"pt-BR\"}]}<\/script>\n<!-- \/ Yoast SEO plugin. -->","yoast_head_json":{"title":"Em v\u00eddeo de anima\u00e7\u00e3o, IDOR e ABC homenageiam m\u00e9dico brasileiro precursor do tratamento da Hipertens\u00e3o - IDOR - Instituto D&#039;Or de Pesquisa e Ensino","canonical":"https:\/\/www.rededorsaoluiz.com.br\/instituto\/idor\/em-video-de-animacao-idor-e-abc-homenageiam-medico-brasileiro-precursor-do-tratamento-da-hipertensao\/","og_locale":"pt_BR","og_type":"article","og_title":"Em v\u00eddeo de anima\u00e7\u00e3o, IDOR e ABC homenageiam m\u00e9dico brasileiro precursor do tratamento da Hipertens\u00e3o - IDOR - Instituto D&#039;Or de Pesquisa e Ensino","og_description":"O cientista S\u00e9rgio Ferreira foi respons\u00e1vel por descobrir um dos primeiros fatores para o controle da press\u00e3o arterial Neste m\u00eas de outubro, a Academia Brasileira de Ci\u00eancias (ABC) lan\u00e7a em sua Reuni\u00e3o Magna o oitavo v\u00eddeo do projeto &#8220;Ci\u00eancia Gera Desenvolvimento&#8221;. A iniciativa, realizada em parceria com o Instituto D&#8217;Or de Pesquisa e Ensino (IDOR), [&hellip;]","og_url":"https:\/\/www.rededorsaoluiz.com.br\/instituto\/idor\/em-video-de-animacao-idor-e-abc-homenageiam-medico-brasileiro-precursor-do-tratamento-da-hipertensao\/","og_site_name":"IDOR - Instituto D&#039;Or de Pesquisa e Ensino","article_published_time":"2021-10-29T14:11:59+00:00","og_image":[{"width":2560,"height":1810,"url":"https:\/\/www.rededorsaoluiz.com.br\/instituto\/idor\/wp-content\/uploads\/2021\/10\/Imagem-Release-03-Sergio-Henrique-Ferreira-scaled-1.jpg","type":"image\/jpeg"}],"twitter_card":"summary_large_image","twitter_misc":{"Est. tempo de leitura":"2 minutos"},"schema":{"@context":"https:\/\/schema.org","@graph":[{"@type":"Article","@id":"https:\/\/www.rededorsaoluiz.com.br\/instituto\/idor\/em-video-de-animacao-idor-e-abc-homenageiam-medico-brasileiro-precursor-do-tratamento-da-hipertensao\/#article","isPartOf":{"@id":"https:\/\/www.rededorsaoluiz.com.br\/instituto\/idor\/em-video-de-animacao-idor-e-abc-homenageiam-medico-brasileiro-precursor-do-tratamento-da-hipertensao\/"},"author":{"name":"","@id":""},"headline":"Em v\u00eddeo de anima\u00e7\u00e3o, IDOR e ABC homenageiam m\u00e9dico brasileiro precursor do tratamento da Hipertens\u00e3o","datePublished":"2021-10-29T14:11:59+00:00","mainEntityOfPage":{"@id":"https:\/\/www.rededorsaoluiz.com.br\/instituto\/idor\/em-video-de-animacao-idor-e-abc-homenageiam-medico-brasileiro-precursor-do-tratamento-da-hipertensao\/"},"wordCount":496,"commentCount":0,"image":{"@id":"https:\/\/www.rededorsaoluiz.com.br\/instituto\/idor\/em-video-de-animacao-idor-e-abc-homenageiam-medico-brasileiro-precursor-do-tratamento-da-hipertensao\/#primaryimage"},"thumbnailUrl":"https:\/\/www.rededorsaoluiz.com.br\/instituto\/idor\/wp-content\/uploads\/2021\/10\/Imagem-Release-03-Sergio-Henrique-Ferreira-scaled-1.jpg","articleSection":["Novidades","Pesquisa"],"inLanguage":"pt-BR","potentialAction":[{"@type":"CommentAction","name":"Comment","target":["https:\/\/www.rededorsaoluiz.com.br\/instituto\/idor\/em-video-de-animacao-idor-e-abc-homenageiam-medico-brasileiro-precursor-do-tratamento-da-hipertensao\/#respond"]}]},{"@type":"WebPage","@id":"https:\/\/www.rededorsaoluiz.com.br\/instituto\/idor\/em-video-de-animacao-idor-e-abc-homenageiam-medico-brasileiro-precursor-do-tratamento-da-hipertensao\/","url":"https:\/\/www.rededorsaoluiz.com.br\/instituto\/idor\/em-video-de-animacao-idor-e-abc-homenageiam-medico-brasileiro-precursor-do-tratamento-da-hipertensao\/","name":"Em v\u00eddeo de anima\u00e7\u00e3o, IDOR e ABC homenageiam m\u00e9dico brasileiro precursor do tratamento da Hipertens\u00e3o - IDOR - Instituto D&#039;Or de Pesquisa e Ensino","isPartOf":{"@id":"https:\/\/www.rededorsaoluiz.com.br\/instituto\/idor\/#website"},"primaryImageOfPage":{"@id":"https:\/\/www.rededorsaoluiz.com.br\/instituto\/idor\/em-video-de-animacao-idor-e-abc-homenageiam-medico-brasileiro-precursor-do-tratamento-da-hipertensao\/#primaryimage"},"image":{"@id":"https:\/\/www.rededorsaoluiz.com.br\/instituto\/idor\/em-video-de-animacao-idor-e-abc-homenageiam-medico-brasileiro-precursor-do-tratamento-da-hipertensao\/#primaryimage"},"thumbnailUrl":"https:\/\/www.rededorsaoluiz.com.br\/instituto\/idor\/wp-content\/uploads\/2021\/10\/Imagem-Release-03-Sergio-Henrique-Ferreira-scaled-1.jpg","datePublished":"2021-10-29T14:11:59+00:00","author":{"@id":""},"breadcrumb":{"@id":"https:\/\/www.rededorsaoluiz.com.br\/instituto\/idor\/em-video-de-animacao-idor-e-abc-homenageiam-medico-brasileiro-precursor-do-tratamento-da-hipertensao\/#breadcrumb"},"inLanguage":"pt-BR","potentialAction":[{"@type":"ReadAction","target":["https:\/\/www.rededorsaoluiz.com.br\/instituto\/idor\/em-video-de-animacao-idor-e-abc-homenageiam-medico-brasileiro-precursor-do-tratamento-da-hipertensao\/"]}]},{"@type":"ImageObject","inLanguage":"pt-BR","@id":"https:\/\/www.rededorsaoluiz.com.br\/instituto\/idor\/em-video-de-animacao-idor-e-abc-homenageiam-medico-brasileiro-precursor-do-tratamento-da-hipertensao\/#primaryimage","url":"https:\/\/www.rededorsaoluiz.com.br\/instituto\/idor\/wp-content\/uploads\/2021\/10\/Imagem-Release-03-Sergio-Henrique-Ferreira-scaled-1.jpg","contentUrl":"https:\/\/www.rededorsaoluiz.com.br\/instituto\/idor\/wp-content\/uploads\/2021\/10\/Imagem-Release-03-Sergio-Henrique-Ferreira-scaled-1.jpg","width":2560,"height":1810},{"@type":"BreadcrumbList","@id":"https:\/\/www.rededorsaoluiz.com.br\/instituto\/idor\/em-video-de-animacao-idor-e-abc-homenageiam-medico-brasileiro-precursor-do-tratamento-da-hipertensao\/#breadcrumb","itemListElement":[{"@type":"ListItem","position":1,"name":"In\u00edcio","item":"https:\/\/www.rededorsaoluiz.com.br\/instituto\/idor\/"},{"@type":"ListItem","position":2,"name":"Em v\u00eddeo de anima\u00e7\u00e3o, IDOR e ABC homenageiam m\u00e9dico brasileiro precursor do tratamento da Hipertens\u00e3o"}]},{"@type":"WebSite","@id":"https:\/\/www.rededorsaoluiz.com.br\/instituto\/idor\/#website","url":"https:\/\/www.rededorsaoluiz.com.br\/instituto\/idor\/","name":"IDOR - Instituto D&#039;Or de Pesquisa e Ensino","description":"","potentialAction":[{"@type":"SearchAction","target":{"@type":"EntryPoint","urlTemplate":"https:\/\/www.rededorsaoluiz.com.br\/instituto\/idor\/?s={search_term_string}"},"query-input":{"@type":"PropertyValueSpecification","valueRequired":true,"valueName":"search_term_string"}}],"inLanguage":"pt-BR"}]}},"_links":{"self":[{"href":"https:\/\/www.rededorsaoluiz.com.br\/instituto\/idor\/wp-json\/wp\/v2\/posts\/6171","targetHints":{"allow":["GET"]}}],"collection":[{"href":"https:\/\/www.rededorsaoluiz.com.br\/instituto\/idor\/wp-json\/wp\/v2\/posts"}],"about":[{"href":"https:\/\/www.rededorsaoluiz.com.br\/instituto\/idor\/wp-json\/wp\/v2\/types\/post"}],"replies":[{"embeddable":true,"href":"https:\/\/www.rededorsaoluiz.com.br\/instituto\/idor\/wp-json\/wp\/v2\/comments?post=6171"}],"version-history":[{"count":0,"href":"https:\/\/www.rededorsaoluiz.com.br\/instituto\/idor\/wp-json\/wp\/v2\/posts\/6171\/revisions"}],"wp:featuredmedia":[{"embeddable":true,"href":"https:\/\/www.rededorsaoluiz.com.br\/instituto\/idor\/wp-json\/wp\/v2\/media\/6172"}],"wp:attachment":[{"href":"https:\/\/www.rededorsaoluiz.com.br\/instituto\/idor\/wp-json\/wp\/v2\/media?parent=6171"}],"wp:term":[{"taxonomy":"category","embeddable":true,"href":"https:\/\/www.rededorsaoluiz.com.br\/instituto\/idor\/wp-json\/wp\/v2\/categories?post=6171"},{"taxonomy":"post_tag","embeddable":true,"href":"https:\/\/www.rededorsaoluiz.com.br\/instituto\/idor\/wp-json\/wp\/v2\/tags?post=6171"}],"curies":[{"name":"wp","href":"https:\/\/api.w.org\/{rel}","templated":true}]}}