{"id":6282,"date":"2021-05-24T21:58:29","date_gmt":"2021-05-25T00:58:29","guid":{"rendered":"https:\/\/ptbr.idor.org\/evento-sobre-desordens-do-corpo-caloso-abre-espaco-para-troca-de-experiencia-entre-profissionais-de-saude-e-pacientes\/"},"modified":"2021-05-24T21:58:29","modified_gmt":"2021-05-25T00:58:29","slug":"evento-sobre-desordens-do-corpo-caloso-abre-espaco-para-troca-de-experiencia-entre-profissionais-de-saude-e-pacientes","status":"publish","type":"post","link":"https:\/\/www.rededorsaoluiz.com.br\/instituto\/idor\/evento-sobre-desordens-do-corpo-caloso-abre-espaco-para-troca-de-experiencia-entre-profissionais-de-saude-e-pacientes\/","title":{"rendered":"Evento sobre desordens do corpo caloso abre espa\u00e7o para troca de experi\u00eancia entre profissionais de sa\u00fade e pacientes"},"content":{"rendered":"<p><i>Nos dias 27\/06 a 02\/07 ocorre a confer\u00eancia internacional Cortical Connections, dedicada a aulas, palestras e compartilhamento de informa\u00e7\u00f5es sobre as desordens do corpo caloso<\/i><\/p>\n<p>&nbsp;<\/p>\n<p>O Cortical Connections \u00e9 um evento cient\u00edfico voltado para a atualiza\u00e7\u00e3o de m\u00e9dicos, psic\u00f3logos, cientistas e outros profissionais da sa\u00fade acerca das desordens do corpo caloso, condi\u00e7\u00e3o rara e geralmente cong\u00eanita que afeta milhares de pessoas em todo o mundo. A confer\u00eancia, al\u00e9m de reunir\u00a0 especialistas de diversos pa\u00edses para realizar\u00a0 palestras e debates sobre o assunto, tamb\u00e9m tem o objetivo de aproximar os pesquisadores de pacientes e fam\u00edlias, estimulando trocas de experi\u00eancia que possam acelerar o desenvolvimento de estudos de terapias efetivas para quem sofre com a condi\u00e7\u00e3o.<\/p>\n<p>Em 2021, o encontro ocorrer\u00e1 entre os dias 27 de junho e 2 de julho, em formato inteiramente on-line. Durante os seis dias de evento, ser\u00e1 poss\u00edvel acompanhar uma agenda de aulas e debates, al\u00e9m de atividades especiais para familiares e uma galeria digital com trabalhos art\u00edsticos de pacientes com a condi\u00e7\u00e3o. As inscri\u00e7\u00f5es para o evento abrir\u00e3o em breve e ser\u00e3o divulgadas no site oficial. \u00a0 \u00a0 <\/p>\n<p><b>Sobre a Organiza\u00e7\u00e3o do Evento<\/b><\/p>\n<p>As desordens do corpo caloso s\u00e3o problemas associados a essa estrutura, que divide os dois hemisf\u00e9rios cerebrais e \u00e9 respons\u00e1vel pela conex\u00e3o entre eles. Pessoas que sofrem com danos ou malforma\u00e7\u00f5es no corpo caloso apresentam quadros variados, que podem trazer desde nenhum sintoma at\u00e9 atraso psicomotor, epilepsia e alguns casos tamb\u00e9m est\u00e3o associados ao transtorno do espectro do autista.<\/p>\n<p>Considerando os desafios para estudar e ajudar no desenvolvimento de terapias para as desordens do corpo caloso, m\u00e9dicos e cientistas de diversas partes do mundo criaram o\u00a0 International Research Consortium for the Corpus Callosum and Cerebral Connectivity (IRC5), cons\u00f3rcio internacional dedicado ao compartilhamento cient\u00edfico sobre a condi\u00e7\u00e3o e engajado em conectar especialistas e associa\u00e7\u00f5es formadas por familiares e pacientes.<\/p>\n<p>Em 2021, a organiza\u00e7\u00e3o do Cortical Connections contar\u00e1 com o apoio do Instituto D&#8217;Or de Pesquisa e Ensino (IDOR), membro do IRC5 e centro de pesquisa com diversos estudos de imagem sobre desordens do corpo caloso. Confira abaixo os nomes da comiss\u00e3o organizadora:<\/p>\n<p><b>Tania Atti\u00e9-Bitach<\/b><br \/>\nH\u00f4pital Necker-enfants Malades<\/p>\n<p><b>Warren S. Brown<\/b><b><br \/>\n<\/b>Fuller Graduate School of Psychology<\/p>\n<p><b>Christel Depienne<\/b><br \/>\nUniversity Hospital Essen<\/p>\n<p><b>Gregor Kasprian<\/b><br \/>\nMedical University of Vienna, Austria<\/p>\n<p><b>Roberto Lent<\/b><br \/>\nIDOR\/ UFRJ<\/p>\n<p><b>Paul Lockhart<\/b><br \/>\nMurdoch Children Research Institute<\/p>\n<p><b>Lynn K. Paul<\/b><br \/>\nCalifornia Institute of Technology<\/p>\n<p><b>Linda Richards<\/b><br \/>\nQueensland Brain Institute<\/p>\n<p><b>Elliott Sherr<\/b><br \/>\nUniversity of California, San Francisco<\/p>\n<p><b>Fernanda Tovar-Moll<br \/>\n<\/b>IDOR<\/p>\n<p><b>Francisco Aboitiz<br \/>\n<\/b>Pontificia Universidade Cat\u00f3lica de Chile<\/p>\n<p><b>Paulo Mattos<\/b><br \/>\nIDOR\/UFRJ<\/p>\n<p><b>Rog\u00e9rio Panizzutti<br \/>\n<\/b>UFRJ<\/p>\n<p>&nbsp;<\/p>\n<p><strong>Para mais informa\u00e7\u00f5es sobre o evento, submiss\u00e3o de projetos e inscri\u00e7\u00e3o, acesse:<\/strong> <a href=\"http:\/\/www.corticalconnections2021.com\" target=\"_blank\" rel=\"noopener\">www.corticalconnections2021.com<\/a><\/p>\n<p>&nbsp;<\/p>\n","protected":false},"excerpt":{"rendered":"<p>Nos dias 27\/06 a 02\/07 ocorre a confer\u00eancia internacional Cortical Connections, dedicada a aulas, palestras e compartilhamento de informa\u00e7\u00f5es sobre as desordens do corpo caloso &nbsp; O Cortical Connections \u00e9 um evento cient\u00edfico voltado para a atualiza\u00e7\u00e3o de m\u00e9dicos, psic\u00f3logos, cientistas e outros profissionais da sa\u00fade acerca das desordens do corpo caloso, condi\u00e7\u00e3o rara e [&hellip;]<\/p>\n","protected":false},"author":0,"featured_media":6283,"comment_status":"open","ping_status":"open","sticky":false,"template":"","format":"standard","meta":{"_acf_changed":false,"footnotes":""},"categories":[191,190],"tags":[],"class_list":["post-6282","post","type-post","status-publish","format-standard","has-post-thumbnail","hentry","category-novidades","category-pesquisa"],"acf":[],"yoast_head":"<!-- This site is optimized with the Yoast SEO plugin v27.3 - https:\/\/yoast.com\/product\/yoast-seo-wordpress\/ -->\n<title>Evento sobre desordens do corpo caloso abre espa\u00e7o para troca de experi\u00eancia entre profissionais de sa\u00fade e pacientes - IDOR - Instituto D&#039;Or de Pesquisa e Ensino<\/title>\n<link rel=\"canonical\" href=\"https:\/\/www.rededorsaoluiz.com.br\/instituto\/idor\/evento-sobre-desordens-do-corpo-caloso-abre-espaco-para-troca-de-experiencia-entre-profissionais-de-saude-e-pacientes\/\" \/>\n<meta property=\"og:locale\" content=\"pt_BR\" \/>\n<meta property=\"og:type\" content=\"article\" \/>\n<meta property=\"og:title\" content=\"Evento sobre desordens do corpo caloso abre espa\u00e7o para troca de experi\u00eancia entre profissionais de sa\u00fade e pacientes - IDOR - Instituto D&#039;Or de Pesquisa e Ensino\" \/>\n<meta property=\"og:description\" content=\"Nos dias 27\/06 a 02\/07 ocorre a confer\u00eancia internacional Cortical Connections, dedicada a aulas, palestras e compartilhamento de informa\u00e7\u00f5es sobre as desordens do corpo caloso &nbsp; O Cortical Connections \u00e9 um evento cient\u00edfico voltado para a atualiza\u00e7\u00e3o de m\u00e9dicos, psic\u00f3logos, cientistas e outros profissionais da sa\u00fade acerca das desordens do corpo caloso, condi\u00e7\u00e3o rara e [&hellip;]\" \/>\n<meta property=\"og:url\" content=\"https:\/\/www.rededorsaoluiz.com.br\/instituto\/idor\/evento-sobre-desordens-do-corpo-caloso-abre-espaco-para-troca-de-experiencia-entre-profissionais-de-saude-e-pacientes\/\" \/>\n<meta property=\"og:site_name\" content=\"IDOR - Instituto D&#039;Or de Pesquisa e Ensino\" \/>\n<meta property=\"article:published_time\" content=\"2021-05-25T00:58:29+00:00\" \/>\n<meta property=\"og:image\" content=\"https:\/\/www.rededorsaoluiz.com.br\/instituto\/idor\/wp-content\/uploads\/2021\/05\/5-21-banner-IRC5-480X750-v2.jpg\" \/>\n\t<meta property=\"og:image:width\" content=\"1361\" \/>\n\t<meta property=\"og:image:height\" content=\"2126\" \/>\n\t<meta property=\"og:image:type\" content=\"image\/jpeg\" \/>\n<meta name=\"twitter:card\" content=\"summary_large_image\" \/>\n<meta name=\"twitter:label1\" content=\"Est. tempo de leitura\" \/>\n\t<meta name=\"twitter:data1\" content=\"2 minutos\" \/>\n<script type=\"application\/ld+json\" class=\"yoast-schema-graph\">{\"@context\":\"https:\\\/\\\/schema.org\",\"@graph\":[{\"@type\":\"Article\",\"@id\":\"https:\\\/\\\/www.rededorsaoluiz.com.br\\\/instituto\\\/idor\\\/evento-sobre-desordens-do-corpo-caloso-abre-espaco-para-troca-de-experiencia-entre-profissionais-de-saude-e-pacientes\\\/#article\",\"isPartOf\":{\"@id\":\"https:\\\/\\\/www.rededorsaoluiz.com.br\\\/instituto\\\/idor\\\/evento-sobre-desordens-do-corpo-caloso-abre-espaco-para-troca-de-experiencia-entre-profissionais-de-saude-e-pacientes\\\/\"},\"author\":{\"name\":\"\",\"@id\":\"\"},\"headline\":\"Evento sobre desordens do corpo caloso abre espa\u00e7o para troca de experi\u00eancia entre profissionais de sa\u00fade e pacientes\",\"datePublished\":\"2021-05-25T00:58:29+00:00\",\"mainEntityOfPage\":{\"@id\":\"https:\\\/\\\/www.rededorsaoluiz.com.br\\\/instituto\\\/idor\\\/evento-sobre-desordens-do-corpo-caloso-abre-espaco-para-troca-de-experiencia-entre-profissionais-de-saude-e-pacientes\\\/\"},\"wordCount\":494,\"commentCount\":0,\"image\":{\"@id\":\"https:\\\/\\\/www.rededorsaoluiz.com.br\\\/instituto\\\/idor\\\/evento-sobre-desordens-do-corpo-caloso-abre-espaco-para-troca-de-experiencia-entre-profissionais-de-saude-e-pacientes\\\/#primaryimage\"},\"thumbnailUrl\":\"https:\\\/\\\/www.rededorsaoluiz.com.br\\\/instituto\\\/idor\\\/wp-content\\\/uploads\\\/2021\\\/05\\\/5-21-banner-IRC5-480X750-v2.jpg\",\"articleSection\":[\"Novidades\",\"Pesquisa\"],\"inLanguage\":\"pt-BR\",\"potentialAction\":[{\"@type\":\"CommentAction\",\"name\":\"Comment\",\"target\":[\"https:\\\/\\\/www.rededorsaoluiz.com.br\\\/instituto\\\/idor\\\/evento-sobre-desordens-do-corpo-caloso-abre-espaco-para-troca-de-experiencia-entre-profissionais-de-saude-e-pacientes\\\/#respond\"]}]},{\"@type\":\"WebPage\",\"@id\":\"https:\\\/\\\/www.rededorsaoluiz.com.br\\\/instituto\\\/idor\\\/evento-sobre-desordens-do-corpo-caloso-abre-espaco-para-troca-de-experiencia-entre-profissionais-de-saude-e-pacientes\\\/\",\"url\":\"https:\\\/\\\/www.rededorsaoluiz.com.br\\\/instituto\\\/idor\\\/evento-sobre-desordens-do-corpo-caloso-abre-espaco-para-troca-de-experiencia-entre-profissionais-de-saude-e-pacientes\\\/\",\"name\":\"Evento sobre desordens do corpo caloso abre espa\u00e7o para troca de experi\u00eancia entre profissionais de sa\u00fade e pacientes - IDOR - Instituto D&#039;Or de Pesquisa e Ensino\",\"isPartOf\":{\"@id\":\"https:\\\/\\\/www.rededorsaoluiz.com.br\\\/instituto\\\/idor\\\/#website\"},\"primaryImageOfPage\":{\"@id\":\"https:\\\/\\\/www.rededorsaoluiz.com.br\\\/instituto\\\/idor\\\/evento-sobre-desordens-do-corpo-caloso-abre-espaco-para-troca-de-experiencia-entre-profissionais-de-saude-e-pacientes\\\/#primaryimage\"},\"image\":{\"@id\":\"https:\\\/\\\/www.rededorsaoluiz.com.br\\\/instituto\\\/idor\\\/evento-sobre-desordens-do-corpo-caloso-abre-espaco-para-troca-de-experiencia-entre-profissionais-de-saude-e-pacientes\\\/#primaryimage\"},\"thumbnailUrl\":\"https:\\\/\\\/www.rededorsaoluiz.com.br\\\/instituto\\\/idor\\\/wp-content\\\/uploads\\\/2021\\\/05\\\/5-21-banner-IRC5-480X750-v2.jpg\",\"datePublished\":\"2021-05-25T00:58:29+00:00\",\"author\":{\"@id\":\"\"},\"breadcrumb\":{\"@id\":\"https:\\\/\\\/www.rededorsaoluiz.com.br\\\/instituto\\\/idor\\\/evento-sobre-desordens-do-corpo-caloso-abre-espaco-para-troca-de-experiencia-entre-profissionais-de-saude-e-pacientes\\\/#breadcrumb\"},\"inLanguage\":\"pt-BR\",\"potentialAction\":[{\"@type\":\"ReadAction\",\"target\":[\"https:\\\/\\\/www.rededorsaoluiz.com.br\\\/instituto\\\/idor\\\/evento-sobre-desordens-do-corpo-caloso-abre-espaco-para-troca-de-experiencia-entre-profissionais-de-saude-e-pacientes\\\/\"]}]},{\"@type\":\"ImageObject\",\"inLanguage\":\"pt-BR\",\"@id\":\"https:\\\/\\\/www.rededorsaoluiz.com.br\\\/instituto\\\/idor\\\/evento-sobre-desordens-do-corpo-caloso-abre-espaco-para-troca-de-experiencia-entre-profissionais-de-saude-e-pacientes\\\/#primaryimage\",\"url\":\"https:\\\/\\\/www.rededorsaoluiz.com.br\\\/instituto\\\/idor\\\/wp-content\\\/uploads\\\/2021\\\/05\\\/5-21-banner-IRC5-480X750-v2.jpg\",\"contentUrl\":\"https:\\\/\\\/www.rededorsaoluiz.com.br\\\/instituto\\\/idor\\\/wp-content\\\/uploads\\\/2021\\\/05\\\/5-21-banner-IRC5-480X750-v2.jpg\",\"width\":1361,\"height\":2126},{\"@type\":\"BreadcrumbList\",\"@id\":\"https:\\\/\\\/www.rededorsaoluiz.com.br\\\/instituto\\\/idor\\\/evento-sobre-desordens-do-corpo-caloso-abre-espaco-para-troca-de-experiencia-entre-profissionais-de-saude-e-pacientes\\\/#breadcrumb\",\"itemListElement\":[{\"@type\":\"ListItem\",\"position\":1,\"name\":\"In\u00edcio\",\"item\":\"https:\\\/\\\/www.rededorsaoluiz.com.br\\\/instituto\\\/idor\\\/\"},{\"@type\":\"ListItem\",\"position\":2,\"name\":\"Evento sobre desordens do corpo caloso abre espa\u00e7o para troca de experi\u00eancia entre profissionais de sa\u00fade e pacientes\"}]},{\"@type\":\"WebSite\",\"@id\":\"https:\\\/\\\/www.rededorsaoluiz.com.br\\\/instituto\\\/idor\\\/#website\",\"url\":\"https:\\\/\\\/www.rededorsaoluiz.com.br\\\/instituto\\\/idor\\\/\",\"name\":\"IDOR - Instituto D&#039;Or de Pesquisa e Ensino\",\"description\":\"\",\"potentialAction\":[{\"@type\":\"SearchAction\",\"target\":{\"@type\":\"EntryPoint\",\"urlTemplate\":\"https:\\\/\\\/www.rededorsaoluiz.com.br\\\/instituto\\\/idor\\\/?s={search_term_string}\"},\"query-input\":{\"@type\":\"PropertyValueSpecification\",\"valueRequired\":true,\"valueName\":\"search_term_string\"}}],\"inLanguage\":\"pt-BR\"}]}<\/script>\n<!-- \/ Yoast SEO plugin. -->","yoast_head_json":{"title":"Evento sobre desordens do corpo caloso abre espa\u00e7o para troca de experi\u00eancia entre profissionais de sa\u00fade e pacientes - IDOR - Instituto D&#039;Or de Pesquisa e Ensino","canonical":"https:\/\/www.rededorsaoluiz.com.br\/instituto\/idor\/evento-sobre-desordens-do-corpo-caloso-abre-espaco-para-troca-de-experiencia-entre-profissionais-de-saude-e-pacientes\/","og_locale":"pt_BR","og_type":"article","og_title":"Evento sobre desordens do corpo caloso abre espa\u00e7o para troca de experi\u00eancia entre profissionais de sa\u00fade e pacientes - IDOR - Instituto D&#039;Or de Pesquisa e Ensino","og_description":"Nos dias 27\/06 a 02\/07 ocorre a confer\u00eancia internacional Cortical Connections, dedicada a aulas, palestras e compartilhamento de informa\u00e7\u00f5es sobre as desordens do corpo caloso &nbsp; O Cortical Connections \u00e9 um evento cient\u00edfico voltado para a atualiza\u00e7\u00e3o de m\u00e9dicos, psic\u00f3logos, cientistas e outros profissionais da sa\u00fade acerca das desordens do corpo caloso, condi\u00e7\u00e3o rara e [&hellip;]","og_url":"https:\/\/www.rededorsaoluiz.com.br\/instituto\/idor\/evento-sobre-desordens-do-corpo-caloso-abre-espaco-para-troca-de-experiencia-entre-profissionais-de-saude-e-pacientes\/","og_site_name":"IDOR - Instituto D&#039;Or de Pesquisa e Ensino","article_published_time":"2021-05-25T00:58:29+00:00","og_image":[{"width":1361,"height":2126,"url":"https:\/\/www.rededorsaoluiz.com.br\/instituto\/idor\/wp-content\/uploads\/2021\/05\/5-21-banner-IRC5-480X750-v2.jpg","type":"image\/jpeg"}],"twitter_card":"summary_large_image","twitter_misc":{"Est. tempo de leitura":"2 minutos"},"schema":{"@context":"https:\/\/schema.org","@graph":[{"@type":"Article","@id":"https:\/\/www.rededorsaoluiz.com.br\/instituto\/idor\/evento-sobre-desordens-do-corpo-caloso-abre-espaco-para-troca-de-experiencia-entre-profissionais-de-saude-e-pacientes\/#article","isPartOf":{"@id":"https:\/\/www.rededorsaoluiz.com.br\/instituto\/idor\/evento-sobre-desordens-do-corpo-caloso-abre-espaco-para-troca-de-experiencia-entre-profissionais-de-saude-e-pacientes\/"},"author":{"name":"","@id":""},"headline":"Evento sobre desordens do corpo caloso abre espa\u00e7o para troca de experi\u00eancia entre profissionais de sa\u00fade e pacientes","datePublished":"2021-05-25T00:58:29+00:00","mainEntityOfPage":{"@id":"https:\/\/www.rededorsaoluiz.com.br\/instituto\/idor\/evento-sobre-desordens-do-corpo-caloso-abre-espaco-para-troca-de-experiencia-entre-profissionais-de-saude-e-pacientes\/"},"wordCount":494,"commentCount":0,"image":{"@id":"https:\/\/www.rededorsaoluiz.com.br\/instituto\/idor\/evento-sobre-desordens-do-corpo-caloso-abre-espaco-para-troca-de-experiencia-entre-profissionais-de-saude-e-pacientes\/#primaryimage"},"thumbnailUrl":"https:\/\/www.rededorsaoluiz.com.br\/instituto\/idor\/wp-content\/uploads\/2021\/05\/5-21-banner-IRC5-480X750-v2.jpg","articleSection":["Novidades","Pesquisa"],"inLanguage":"pt-BR","potentialAction":[{"@type":"CommentAction","name":"Comment","target":["https:\/\/www.rededorsaoluiz.com.br\/instituto\/idor\/evento-sobre-desordens-do-corpo-caloso-abre-espaco-para-troca-de-experiencia-entre-profissionais-de-saude-e-pacientes\/#respond"]}]},{"@type":"WebPage","@id":"https:\/\/www.rededorsaoluiz.com.br\/instituto\/idor\/evento-sobre-desordens-do-corpo-caloso-abre-espaco-para-troca-de-experiencia-entre-profissionais-de-saude-e-pacientes\/","url":"https:\/\/www.rededorsaoluiz.com.br\/instituto\/idor\/evento-sobre-desordens-do-corpo-caloso-abre-espaco-para-troca-de-experiencia-entre-profissionais-de-saude-e-pacientes\/","name":"Evento sobre desordens do corpo caloso abre espa\u00e7o para troca de experi\u00eancia entre profissionais de sa\u00fade e pacientes - IDOR - Instituto D&#039;Or de Pesquisa e Ensino","isPartOf":{"@id":"https:\/\/www.rededorsaoluiz.com.br\/instituto\/idor\/#website"},"primaryImageOfPage":{"@id":"https:\/\/www.rededorsaoluiz.com.br\/instituto\/idor\/evento-sobre-desordens-do-corpo-caloso-abre-espaco-para-troca-de-experiencia-entre-profissionais-de-saude-e-pacientes\/#primaryimage"},"image":{"@id":"https:\/\/www.rededorsaoluiz.com.br\/instituto\/idor\/evento-sobre-desordens-do-corpo-caloso-abre-espaco-para-troca-de-experiencia-entre-profissionais-de-saude-e-pacientes\/#primaryimage"},"thumbnailUrl":"https:\/\/www.rededorsaoluiz.com.br\/instituto\/idor\/wp-content\/uploads\/2021\/05\/5-21-banner-IRC5-480X750-v2.jpg","datePublished":"2021-05-25T00:58:29+00:00","author":{"@id":""},"breadcrumb":{"@id":"https:\/\/www.rededorsaoluiz.com.br\/instituto\/idor\/evento-sobre-desordens-do-corpo-caloso-abre-espaco-para-troca-de-experiencia-entre-profissionais-de-saude-e-pacientes\/#breadcrumb"},"inLanguage":"pt-BR","potentialAction":[{"@type":"ReadAction","target":["https:\/\/www.rededorsaoluiz.com.br\/instituto\/idor\/evento-sobre-desordens-do-corpo-caloso-abre-espaco-para-troca-de-experiencia-entre-profissionais-de-saude-e-pacientes\/"]}]},{"@type":"ImageObject","inLanguage":"pt-BR","@id":"https:\/\/www.rededorsaoluiz.com.br\/instituto\/idor\/evento-sobre-desordens-do-corpo-caloso-abre-espaco-para-troca-de-experiencia-entre-profissionais-de-saude-e-pacientes\/#primaryimage","url":"https:\/\/www.rededorsaoluiz.com.br\/instituto\/idor\/wp-content\/uploads\/2021\/05\/5-21-banner-IRC5-480X750-v2.jpg","contentUrl":"https:\/\/www.rededorsaoluiz.com.br\/instituto\/idor\/wp-content\/uploads\/2021\/05\/5-21-banner-IRC5-480X750-v2.jpg","width":1361,"height":2126},{"@type":"BreadcrumbList","@id":"https:\/\/www.rededorsaoluiz.com.br\/instituto\/idor\/evento-sobre-desordens-do-corpo-caloso-abre-espaco-para-troca-de-experiencia-entre-profissionais-de-saude-e-pacientes\/#breadcrumb","itemListElement":[{"@type":"ListItem","position":1,"name":"In\u00edcio","item":"https:\/\/www.rededorsaoluiz.com.br\/instituto\/idor\/"},{"@type":"ListItem","position":2,"name":"Evento sobre desordens do corpo caloso abre espa\u00e7o para troca de experi\u00eancia entre profissionais de sa\u00fade e pacientes"}]},{"@type":"WebSite","@id":"https:\/\/www.rededorsaoluiz.com.br\/instituto\/idor\/#website","url":"https:\/\/www.rededorsaoluiz.com.br\/instituto\/idor\/","name":"IDOR - Instituto D&#039;Or de Pesquisa e Ensino","description":"","potentialAction":[{"@type":"SearchAction","target":{"@type":"EntryPoint","urlTemplate":"https:\/\/www.rededorsaoluiz.com.br\/instituto\/idor\/?s={search_term_string}"},"query-input":{"@type":"PropertyValueSpecification","valueRequired":true,"valueName":"search_term_string"}}],"inLanguage":"pt-BR"}]}},"_links":{"self":[{"href":"https:\/\/www.rededorsaoluiz.com.br\/instituto\/idor\/wp-json\/wp\/v2\/posts\/6282","targetHints":{"allow":["GET"]}}],"collection":[{"href":"https:\/\/www.rededorsaoluiz.com.br\/instituto\/idor\/wp-json\/wp\/v2\/posts"}],"about":[{"href":"https:\/\/www.rededorsaoluiz.com.br\/instituto\/idor\/wp-json\/wp\/v2\/types\/post"}],"replies":[{"embeddable":true,"href":"https:\/\/www.rededorsaoluiz.com.br\/instituto\/idor\/wp-json\/wp\/v2\/comments?post=6282"}],"version-history":[{"count":0,"href":"https:\/\/www.rededorsaoluiz.com.br\/instituto\/idor\/wp-json\/wp\/v2\/posts\/6282\/revisions"}],"wp:featuredmedia":[{"embeddable":true,"href":"https:\/\/www.rededorsaoluiz.com.br\/instituto\/idor\/wp-json\/wp\/v2\/media\/6283"}],"wp:attachment":[{"href":"https:\/\/www.rededorsaoluiz.com.br\/instituto\/idor\/wp-json\/wp\/v2\/media?parent=6282"}],"wp:term":[{"taxonomy":"category","embeddable":true,"href":"https:\/\/www.rededorsaoluiz.com.br\/instituto\/idor\/wp-json\/wp\/v2\/categories?post=6282"},{"taxonomy":"post_tag","embeddable":true,"href":"https:\/\/www.rededorsaoluiz.com.br\/instituto\/idor\/wp-json\/wp\/v2\/tags?post=6282"}],"curies":[{"name":"wp","href":"https:\/\/api.w.org\/{rel}","templated":true}]}}