{"id":6321,"date":"2021-05-03T21:26:04","date_gmt":"2021-05-04T00:26:04","guid":{"rendered":"https:\/\/ptbr.idor.org\/idor-e-abc-criam-minibiografia-animada-do-pesquisador-mauricio-rocha-e-silva\/"},"modified":"2021-05-03T21:26:04","modified_gmt":"2021-05-04T00:26:04","slug":"idor-e-abc-criam-minibiografia-animada-do-pesquisador-mauricio-rocha-e-silva","status":"publish","type":"post","link":"https:\/\/www.rededorsaoluiz.com.br\/instituto\/idor\/idor-e-abc-criam-minibiografia-animada-do-pesquisador-mauricio-rocha-e-silva\/","title":{"rendered":"IDOR e ABC criam minibiografia animada do\u00a0pesquisador Maur\u00edcio Rocha e Silva"},"content":{"rendered":"<p><b><\/b><\/p>\n<p><i>O v\u00eddeo que fala sobre o descobridor da bradicinina \u00e9 lan\u00e7ado nos 105 anos da ABC<\/i><\/p>\n<p>Neste dia 3 de maio, anivers\u00e1rio de 105 anos da Academia Brasileira de Ci\u00eancias (ABC), foi lan\u00e7ado o novo v\u00eddeo do projeto &#8220;Ci\u00eancia Gera Desenvolvimento&#8221;, ilustrando a trajet\u00f3ria de mais um grande pesquisador brasileiro, Maur\u00edcio Oscar da Rocha e Silva.<\/p>\n<p>Nascido na S\u00e3o Paulo de 1910, o m\u00e9dico e farmacologista Rocha e Silva utilizou o veneno de uma serpente end\u00eamica da fauna brasileira \u2013 a jararaca \u2013 para descobrir a subst\u00e2ncia que mudaria a vida da popula\u00e7\u00e3o hipertensa. No fim da d\u00e9cada de 1940, o pesquisador observou que, ao reagirem \u00e0s enzimas do veneno da jararaca, o organismo humano libera uma subst\u00e2ncia chamada bradicinina, um potente vasodilatador. A partir de 1970, a bradicinina passou a ser amplamente usada nos principais medicamentos para o controle da hipertens\u00e3o, condi\u00e7\u00e3o que segundo a Organiza\u00e7\u00e3o Mundial da Sa\u00fade, j\u00e1 atinge \u2153 da popula\u00e7\u00e3o mundial. Esses medicamentos representaram uma mudan\u00e7a radical na expectativa e qualidade de vida das pessoas com press\u00e3o alta.<\/p>\n<p>&#8220;O cientista Maur\u00edcio Rocha e Silva foi um dos maiores cientistas brasileiros e muito respeitado pela comunidade cient\u00edfica internacional. Al\u00e9m de ter sido o descobridor da bradicinina, foi um homem que lutou muito pela ci\u00eancia nacional&#8221;, informa o vice-presidente da Academia Brasileira de Ci\u00eancias (ABC) para a Regi\u00e3o Sul, Jo\u00e3o Calixto. Ele ressaltou que, al\u00e9m de ser membro da ABC, Rocha e Silva foi um dos fundadores da Sociedade Brasileira para o Progresso da Ci\u00eancia (SBPC), da Sociedade Brasileira de Farmacologia e Terap\u00eauticas Experimentais e tamb\u00e9m professor da Faculdade de Medicina de Ribeir\u00e3o Preto.<\/p>\n<p>O &#8220;Ci\u00eancia gera Desenvolvimento&#8221; \u00e9 um projeto criado pela ABC em 2017 e com parceria do Instituto D&#8217;Or de Pesquisa e Ensino (IDOR) desde 2019. O objetivo da iniciativa \u00e9 divulgar, atrav\u00e9s de anima\u00e7\u00f5es curtas e com linguagem acess\u00edvel, a vida e legado de grandes nomes da ci\u00eancia brasileira. Voc\u00ea pode conferir a hist\u00f3ria de Rocha e Silva e de outros cientistas no site <a href=\"http:\/\/www.cienciageradesenvolvimento.com.br\">www.cienciageradesenvolvimento.com.br<\/a> .<\/p>\n","protected":false},"excerpt":{"rendered":"<p>O v\u00eddeo que fala sobre o descobridor da bradicinina \u00e9 lan\u00e7ado nos 105 anos da ABC Neste dia 3 de maio, anivers\u00e1rio de 105 anos da Academia Brasileira de Ci\u00eancias (ABC), foi lan\u00e7ado o novo v\u00eddeo do projeto &#8220;Ci\u00eancia Gera Desenvolvimento&#8221;, ilustrando a trajet\u00f3ria de mais um grande pesquisador brasileiro, Maur\u00edcio Oscar da Rocha e [&hellip;]<\/p>\n","protected":false},"author":0,"featured_media":6322,"comment_status":"open","ping_status":"open","sticky":false,"template":"","format":"standard","meta":{"_acf_changed":false,"footnotes":""},"categories":[195,191,190],"tags":[],"class_list":["post-6321","post","type-post","status-publish","format-standard","has-post-thumbnail","hentry","category-imprensa","category-novidades","category-pesquisa"],"acf":[],"yoast_head":"<!-- This site is optimized with the Yoast SEO plugin v27.3 - https:\/\/yoast.com\/product\/yoast-seo-wordpress\/ -->\n<title>IDOR e ABC criam minibiografia animada do\u00a0pesquisador Maur\u00edcio Rocha e Silva - IDOR - Instituto D&#039;Or de Pesquisa e Ensino<\/title>\n<link rel=\"canonical\" href=\"https:\/\/www.rededorsaoluiz.com.br\/instituto\/idor\/idor-e-abc-criam-minibiografia-animada-do-pesquisador-mauricio-rocha-e-silva\/\" \/>\n<meta property=\"og:locale\" content=\"pt_BR\" \/>\n<meta property=\"og:type\" content=\"article\" \/>\n<meta property=\"og:title\" content=\"IDOR e ABC criam minibiografia animada do\u00a0pesquisador Maur\u00edcio Rocha e Silva - IDOR - Instituto D&#039;Or de Pesquisa e Ensino\" \/>\n<meta property=\"og:description\" content=\"O v\u00eddeo que fala sobre o descobridor da bradicinina \u00e9 lan\u00e7ado nos 105 anos da ABC Neste dia 3 de maio, anivers\u00e1rio de 105 anos da Academia Brasileira de Ci\u00eancias (ABC), foi lan\u00e7ado o novo v\u00eddeo do projeto &#8220;Ci\u00eancia Gera Desenvolvimento&#8221;, ilustrando a trajet\u00f3ria de mais um grande pesquisador brasileiro, Maur\u00edcio Oscar da Rocha e [&hellip;]\" \/>\n<meta property=\"og:url\" content=\"https:\/\/www.rededorsaoluiz.com.br\/instituto\/idor\/idor-e-abc-criam-minibiografia-animada-do-pesquisador-mauricio-rocha-e-silva\/\" \/>\n<meta property=\"og:site_name\" content=\"IDOR - Instituto D&#039;Or de Pesquisa e Ensino\" \/>\n<meta property=\"article:published_time\" content=\"2021-05-04T00:26:04+00:00\" \/>\n<meta property=\"og:image\" content=\"https:\/\/www.rededorsaoluiz.com.br\/instituto\/idor\/wp-content\/uploads\/2021\/05\/WhatsApp-Image-2021-04-30-at-17.31.59-1.jpeg\" \/>\n\t<meta property=\"og:image:width\" content=\"800\" \/>\n\t<meta property=\"og:image:height\" content=\"800\" \/>\n\t<meta property=\"og:image:type\" content=\"image\/jpeg\" \/>\n<meta name=\"twitter:card\" content=\"summary_large_image\" \/>\n<meta name=\"twitter:label1\" content=\"Est. tempo de leitura\" \/>\n\t<meta name=\"twitter:data1\" content=\"2 minutos\" \/>\n<script type=\"application\/ld+json\" class=\"yoast-schema-graph\">{\"@context\":\"https:\\\/\\\/schema.org\",\"@graph\":[{\"@type\":\"Article\",\"@id\":\"https:\\\/\\\/www.rededorsaoluiz.com.br\\\/instituto\\\/idor\\\/idor-e-abc-criam-minibiografia-animada-do-pesquisador-mauricio-rocha-e-silva\\\/#article\",\"isPartOf\":{\"@id\":\"https:\\\/\\\/www.rededorsaoluiz.com.br\\\/instituto\\\/idor\\\/idor-e-abc-criam-minibiografia-animada-do-pesquisador-mauricio-rocha-e-silva\\\/\"},\"author\":{\"name\":\"\",\"@id\":\"\"},\"headline\":\"IDOR e ABC criam minibiografia animada do\u00a0pesquisador Maur\u00edcio Rocha e Silva\",\"datePublished\":\"2021-05-04T00:26:04+00:00\",\"mainEntityOfPage\":{\"@id\":\"https:\\\/\\\/www.rededorsaoluiz.com.br\\\/instituto\\\/idor\\\/idor-e-abc-criam-minibiografia-animada-do-pesquisador-mauricio-rocha-e-silva\\\/\"},\"wordCount\":376,\"commentCount\":0,\"image\":{\"@id\":\"https:\\\/\\\/www.rededorsaoluiz.com.br\\\/instituto\\\/idor\\\/idor-e-abc-criam-minibiografia-animada-do-pesquisador-mauricio-rocha-e-silva\\\/#primaryimage\"},\"thumbnailUrl\":\"https:\\\/\\\/www.rededorsaoluiz.com.br\\\/instituto\\\/idor\\\/wp-content\\\/uploads\\\/2021\\\/05\\\/WhatsApp-Image-2021-04-30-at-17.31.59-1.jpeg\",\"articleSection\":[\"Imprensa\",\"Novidades\",\"Pesquisa\"],\"inLanguage\":\"pt-BR\",\"potentialAction\":[{\"@type\":\"CommentAction\",\"name\":\"Comment\",\"target\":[\"https:\\\/\\\/www.rededorsaoluiz.com.br\\\/instituto\\\/idor\\\/idor-e-abc-criam-minibiografia-animada-do-pesquisador-mauricio-rocha-e-silva\\\/#respond\"]}]},{\"@type\":\"WebPage\",\"@id\":\"https:\\\/\\\/www.rededorsaoluiz.com.br\\\/instituto\\\/idor\\\/idor-e-abc-criam-minibiografia-animada-do-pesquisador-mauricio-rocha-e-silva\\\/\",\"url\":\"https:\\\/\\\/www.rededorsaoluiz.com.br\\\/instituto\\\/idor\\\/idor-e-abc-criam-minibiografia-animada-do-pesquisador-mauricio-rocha-e-silva\\\/\",\"name\":\"IDOR e ABC criam minibiografia animada do\u00a0pesquisador Maur\u00edcio Rocha e Silva - IDOR - Instituto D&#039;Or de Pesquisa e Ensino\",\"isPartOf\":{\"@id\":\"https:\\\/\\\/www.rededorsaoluiz.com.br\\\/instituto\\\/idor\\\/#website\"},\"primaryImageOfPage\":{\"@id\":\"https:\\\/\\\/www.rededorsaoluiz.com.br\\\/instituto\\\/idor\\\/idor-e-abc-criam-minibiografia-animada-do-pesquisador-mauricio-rocha-e-silva\\\/#primaryimage\"},\"image\":{\"@id\":\"https:\\\/\\\/www.rededorsaoluiz.com.br\\\/instituto\\\/idor\\\/idor-e-abc-criam-minibiografia-animada-do-pesquisador-mauricio-rocha-e-silva\\\/#primaryimage\"},\"thumbnailUrl\":\"https:\\\/\\\/www.rededorsaoluiz.com.br\\\/instituto\\\/idor\\\/wp-content\\\/uploads\\\/2021\\\/05\\\/WhatsApp-Image-2021-04-30-at-17.31.59-1.jpeg\",\"datePublished\":\"2021-05-04T00:26:04+00:00\",\"author\":{\"@id\":\"\"},\"breadcrumb\":{\"@id\":\"https:\\\/\\\/www.rededorsaoluiz.com.br\\\/instituto\\\/idor\\\/idor-e-abc-criam-minibiografia-animada-do-pesquisador-mauricio-rocha-e-silva\\\/#breadcrumb\"},\"inLanguage\":\"pt-BR\",\"potentialAction\":[{\"@type\":\"ReadAction\",\"target\":[\"https:\\\/\\\/www.rededorsaoluiz.com.br\\\/instituto\\\/idor\\\/idor-e-abc-criam-minibiografia-animada-do-pesquisador-mauricio-rocha-e-silva\\\/\"]}]},{\"@type\":\"ImageObject\",\"inLanguage\":\"pt-BR\",\"@id\":\"https:\\\/\\\/www.rededorsaoluiz.com.br\\\/instituto\\\/idor\\\/idor-e-abc-criam-minibiografia-animada-do-pesquisador-mauricio-rocha-e-silva\\\/#primaryimage\",\"url\":\"https:\\\/\\\/www.rededorsaoluiz.com.br\\\/instituto\\\/idor\\\/wp-content\\\/uploads\\\/2021\\\/05\\\/WhatsApp-Image-2021-04-30-at-17.31.59-1.jpeg\",\"contentUrl\":\"https:\\\/\\\/www.rededorsaoluiz.com.br\\\/instituto\\\/idor\\\/wp-content\\\/uploads\\\/2021\\\/05\\\/WhatsApp-Image-2021-04-30-at-17.31.59-1.jpeg\",\"width\":800,\"height\":800},{\"@type\":\"BreadcrumbList\",\"@id\":\"https:\\\/\\\/www.rededorsaoluiz.com.br\\\/instituto\\\/idor\\\/idor-e-abc-criam-minibiografia-animada-do-pesquisador-mauricio-rocha-e-silva\\\/#breadcrumb\",\"itemListElement\":[{\"@type\":\"ListItem\",\"position\":1,\"name\":\"In\u00edcio\",\"item\":\"https:\\\/\\\/www.rededorsaoluiz.com.br\\\/instituto\\\/idor\\\/\"},{\"@type\":\"ListItem\",\"position\":2,\"name\":\"IDOR e ABC criam minibiografia animada do\u00a0pesquisador Maur\u00edcio Rocha e Silva\"}]},{\"@type\":\"WebSite\",\"@id\":\"https:\\\/\\\/www.rededorsaoluiz.com.br\\\/instituto\\\/idor\\\/#website\",\"url\":\"https:\\\/\\\/www.rededorsaoluiz.com.br\\\/instituto\\\/idor\\\/\",\"name\":\"IDOR - Instituto D&#039;Or de Pesquisa e Ensino\",\"description\":\"\",\"potentialAction\":[{\"@type\":\"SearchAction\",\"target\":{\"@type\":\"EntryPoint\",\"urlTemplate\":\"https:\\\/\\\/www.rededorsaoluiz.com.br\\\/instituto\\\/idor\\\/?s={search_term_string}\"},\"query-input\":{\"@type\":\"PropertyValueSpecification\",\"valueRequired\":true,\"valueName\":\"search_term_string\"}}],\"inLanguage\":\"pt-BR\"}]}<\/script>\n<!-- \/ Yoast SEO plugin. -->","yoast_head_json":{"title":"IDOR e ABC criam minibiografia animada do\u00a0pesquisador Maur\u00edcio Rocha e Silva - IDOR - Instituto D&#039;Or de Pesquisa e Ensino","canonical":"https:\/\/www.rededorsaoluiz.com.br\/instituto\/idor\/idor-e-abc-criam-minibiografia-animada-do-pesquisador-mauricio-rocha-e-silva\/","og_locale":"pt_BR","og_type":"article","og_title":"IDOR e ABC criam minibiografia animada do\u00a0pesquisador Maur\u00edcio Rocha e Silva - IDOR - Instituto D&#039;Or de Pesquisa e Ensino","og_description":"O v\u00eddeo que fala sobre o descobridor da bradicinina \u00e9 lan\u00e7ado nos 105 anos da ABC Neste dia 3 de maio, anivers\u00e1rio de 105 anos da Academia Brasileira de Ci\u00eancias (ABC), foi lan\u00e7ado o novo v\u00eddeo do projeto &#8220;Ci\u00eancia Gera Desenvolvimento&#8221;, ilustrando a trajet\u00f3ria de mais um grande pesquisador brasileiro, Maur\u00edcio Oscar da Rocha e [&hellip;]","og_url":"https:\/\/www.rededorsaoluiz.com.br\/instituto\/idor\/idor-e-abc-criam-minibiografia-animada-do-pesquisador-mauricio-rocha-e-silva\/","og_site_name":"IDOR - Instituto D&#039;Or de Pesquisa e Ensino","article_published_time":"2021-05-04T00:26:04+00:00","og_image":[{"width":800,"height":800,"url":"https:\/\/www.rededorsaoluiz.com.br\/instituto\/idor\/wp-content\/uploads\/2021\/05\/WhatsApp-Image-2021-04-30-at-17.31.59-1.jpeg","type":"image\/jpeg"}],"twitter_card":"summary_large_image","twitter_misc":{"Est. tempo de leitura":"2 minutos"},"schema":{"@context":"https:\/\/schema.org","@graph":[{"@type":"Article","@id":"https:\/\/www.rededorsaoluiz.com.br\/instituto\/idor\/idor-e-abc-criam-minibiografia-animada-do-pesquisador-mauricio-rocha-e-silva\/#article","isPartOf":{"@id":"https:\/\/www.rededorsaoluiz.com.br\/instituto\/idor\/idor-e-abc-criam-minibiografia-animada-do-pesquisador-mauricio-rocha-e-silva\/"},"author":{"name":"","@id":""},"headline":"IDOR e ABC criam minibiografia animada do\u00a0pesquisador Maur\u00edcio Rocha e Silva","datePublished":"2021-05-04T00:26:04+00:00","mainEntityOfPage":{"@id":"https:\/\/www.rededorsaoluiz.com.br\/instituto\/idor\/idor-e-abc-criam-minibiografia-animada-do-pesquisador-mauricio-rocha-e-silva\/"},"wordCount":376,"commentCount":0,"image":{"@id":"https:\/\/www.rededorsaoluiz.com.br\/instituto\/idor\/idor-e-abc-criam-minibiografia-animada-do-pesquisador-mauricio-rocha-e-silva\/#primaryimage"},"thumbnailUrl":"https:\/\/www.rededorsaoluiz.com.br\/instituto\/idor\/wp-content\/uploads\/2021\/05\/WhatsApp-Image-2021-04-30-at-17.31.59-1.jpeg","articleSection":["Imprensa","Novidades","Pesquisa"],"inLanguage":"pt-BR","potentialAction":[{"@type":"CommentAction","name":"Comment","target":["https:\/\/www.rededorsaoluiz.com.br\/instituto\/idor\/idor-e-abc-criam-minibiografia-animada-do-pesquisador-mauricio-rocha-e-silva\/#respond"]}]},{"@type":"WebPage","@id":"https:\/\/www.rededorsaoluiz.com.br\/instituto\/idor\/idor-e-abc-criam-minibiografia-animada-do-pesquisador-mauricio-rocha-e-silva\/","url":"https:\/\/www.rededorsaoluiz.com.br\/instituto\/idor\/idor-e-abc-criam-minibiografia-animada-do-pesquisador-mauricio-rocha-e-silva\/","name":"IDOR e ABC criam minibiografia animada do\u00a0pesquisador Maur\u00edcio Rocha e Silva - IDOR - Instituto D&#039;Or de Pesquisa e Ensino","isPartOf":{"@id":"https:\/\/www.rededorsaoluiz.com.br\/instituto\/idor\/#website"},"primaryImageOfPage":{"@id":"https:\/\/www.rededorsaoluiz.com.br\/instituto\/idor\/idor-e-abc-criam-minibiografia-animada-do-pesquisador-mauricio-rocha-e-silva\/#primaryimage"},"image":{"@id":"https:\/\/www.rededorsaoluiz.com.br\/instituto\/idor\/idor-e-abc-criam-minibiografia-animada-do-pesquisador-mauricio-rocha-e-silva\/#primaryimage"},"thumbnailUrl":"https:\/\/www.rededorsaoluiz.com.br\/instituto\/idor\/wp-content\/uploads\/2021\/05\/WhatsApp-Image-2021-04-30-at-17.31.59-1.jpeg","datePublished":"2021-05-04T00:26:04+00:00","author":{"@id":""},"breadcrumb":{"@id":"https:\/\/www.rededorsaoluiz.com.br\/instituto\/idor\/idor-e-abc-criam-minibiografia-animada-do-pesquisador-mauricio-rocha-e-silva\/#breadcrumb"},"inLanguage":"pt-BR","potentialAction":[{"@type":"ReadAction","target":["https:\/\/www.rededorsaoluiz.com.br\/instituto\/idor\/idor-e-abc-criam-minibiografia-animada-do-pesquisador-mauricio-rocha-e-silva\/"]}]},{"@type":"ImageObject","inLanguage":"pt-BR","@id":"https:\/\/www.rededorsaoluiz.com.br\/instituto\/idor\/idor-e-abc-criam-minibiografia-animada-do-pesquisador-mauricio-rocha-e-silva\/#primaryimage","url":"https:\/\/www.rededorsaoluiz.com.br\/instituto\/idor\/wp-content\/uploads\/2021\/05\/WhatsApp-Image-2021-04-30-at-17.31.59-1.jpeg","contentUrl":"https:\/\/www.rededorsaoluiz.com.br\/instituto\/idor\/wp-content\/uploads\/2021\/05\/WhatsApp-Image-2021-04-30-at-17.31.59-1.jpeg","width":800,"height":800},{"@type":"BreadcrumbList","@id":"https:\/\/www.rededorsaoluiz.com.br\/instituto\/idor\/idor-e-abc-criam-minibiografia-animada-do-pesquisador-mauricio-rocha-e-silva\/#breadcrumb","itemListElement":[{"@type":"ListItem","position":1,"name":"In\u00edcio","item":"https:\/\/www.rededorsaoluiz.com.br\/instituto\/idor\/"},{"@type":"ListItem","position":2,"name":"IDOR e ABC criam minibiografia animada do\u00a0pesquisador Maur\u00edcio Rocha e Silva"}]},{"@type":"WebSite","@id":"https:\/\/www.rededorsaoluiz.com.br\/instituto\/idor\/#website","url":"https:\/\/www.rededorsaoluiz.com.br\/instituto\/idor\/","name":"IDOR - Instituto D&#039;Or de Pesquisa e Ensino","description":"","potentialAction":[{"@type":"SearchAction","target":{"@type":"EntryPoint","urlTemplate":"https:\/\/www.rededorsaoluiz.com.br\/instituto\/idor\/?s={search_term_string}"},"query-input":{"@type":"PropertyValueSpecification","valueRequired":true,"valueName":"search_term_string"}}],"inLanguage":"pt-BR"}]}},"_links":{"self":[{"href":"https:\/\/www.rededorsaoluiz.com.br\/instituto\/idor\/wp-json\/wp\/v2\/posts\/6321","targetHints":{"allow":["GET"]}}],"collection":[{"href":"https:\/\/www.rededorsaoluiz.com.br\/instituto\/idor\/wp-json\/wp\/v2\/posts"}],"about":[{"href":"https:\/\/www.rededorsaoluiz.com.br\/instituto\/idor\/wp-json\/wp\/v2\/types\/post"}],"replies":[{"embeddable":true,"href":"https:\/\/www.rededorsaoluiz.com.br\/instituto\/idor\/wp-json\/wp\/v2\/comments?post=6321"}],"version-history":[{"count":0,"href":"https:\/\/www.rededorsaoluiz.com.br\/instituto\/idor\/wp-json\/wp\/v2\/posts\/6321\/revisions"}],"wp:featuredmedia":[{"embeddable":true,"href":"https:\/\/www.rededorsaoluiz.com.br\/instituto\/idor\/wp-json\/wp\/v2\/media\/6322"}],"wp:attachment":[{"href":"https:\/\/www.rededorsaoluiz.com.br\/instituto\/idor\/wp-json\/wp\/v2\/media?parent=6321"}],"wp:term":[{"taxonomy":"category","embeddable":true,"href":"https:\/\/www.rededorsaoluiz.com.br\/instituto\/idor\/wp-json\/wp\/v2\/categories?post=6321"},{"taxonomy":"post_tag","embeddable":true,"href":"https:\/\/www.rededorsaoluiz.com.br\/instituto\/idor\/wp-json\/wp\/v2\/tags?post=6321"}],"curies":[{"name":"wp","href":"https:\/\/api.w.org\/{rel}","templated":true}]}}