{"id":6489,"date":"2020-12-16T23:49:27","date_gmt":"2020-12-17T02:49:27","guid":{"rendered":"https:\/\/ptbr.idor.org\/encontro-de-ciencia-tecnologia-e-inovacao-do-idor-parte-iii-inovacoes-na-gestao-do-cuidado-e-servicos-de-saude\/"},"modified":"2020-12-16T23:49:27","modified_gmt":"2020-12-17T02:49:27","slug":"encontro-de-ciencia-tecnologia-e-inovacao-do-idor-parte-iii-inovacoes-na-gestao-do-cuidado-e-servicos-de-saude","status":"publish","type":"post","link":"https:\/\/www.rededorsaoluiz.com.br\/instituto\/idor\/encontro-de-ciencia-tecnologia-e-inovacao-do-idor-parte-iii-inovacoes-na-gestao-do-cuidado-e-servicos-de-saude\/","title":{"rendered":"Encontro de Ci\u00eancia, Tecnologia e Inova\u00e7\u00e3o do IDOR (Parte III): Inova\u00e7\u00f5es na Gest\u00e3o do Cuidado e Servi\u00e7os de Sa\u00fade"},"content":{"rendered":"<p><b><\/b><\/p>\n<p><i>Confira o que aconteceu no \u00faltimo painel e no encerramento do evento<\/i><\/p>\n<p>&nbsp;<\/p>\n<p>No dia 05 de dezembro, ocorreu o primeiro Encontro de Ci\u00eancia, Tecnologia e Inova\u00e7\u00e3o do Instituto D&#8217;Or de Pesquisa e Ensino (IDOR). O evento reuniu m\u00e9dicos, pesquisadores, executivos e outros profissionais do ecossistema de sa\u00fade e inova\u00e7\u00e3o para compartilhar as principais iniciativas do IDOR e da Rede D&#8217;Or S\u00e3o Luiz (RDSL) no ano de 2020. Confira abaixo tudo o que aconteceu no terceiro painel do evento: Inova\u00e7\u00f5es na Gest\u00e3o do Cuidado e Servi\u00e7os de Sa\u00fade.<\/p>\n<p>O Dr. Fernando Sogayar, diretor m\u00e9dico do Hospital S\u00e3o Luiz Itaim, foi o moderador no debate sobre inova\u00e7\u00e3o m\u00e9dica e hospitalar. Ele destacou a import\u00e2ncia de adotar uma vis\u00e3o cr\u00edtica na gest\u00e3o de qualquer projeto, porque \u00e9 uma das formas de entregar servi\u00e7os que atendem e superam as expectativas dos pacientes. &#8220;Ser um bom gestor \u00e9 ser inconformado&#8221;, brincou. Ele tamb\u00e9m apresentou exemplos de inova\u00e7\u00f5es e solu\u00e7\u00f5es pr\u00e1ticas adotadas no hospital que dirige, entre elas a implementa\u00e7\u00e3o de telemedicina, <a href=\"https:\/\/www.rededorsaoluiz.com.br\/hospital\/sao-luiz-itaim\/maternidade\/babyweb\">baby web<\/a>, medidor de ru\u00eddo nas salas de espera e a precisa cirurgia rob\u00f3tica.<\/p>\n<p>Devido a problemas t\u00e9cnicos, a apresenta\u00e7\u00e3o sobre Linhas de Cuidado, do diretor executivo de Sa\u00fade Populacional da Rede D&#8217;Or S\u00e3o Luiz, Gustavo Guimar\u00e3es, precisou ser interrompida (um v\u00eddeo com a apresenta\u00e7\u00e3o ser\u00e1 disponibilizado em breve!), passando a apresenta\u00e7\u00e3o para o tema &#8220;Padroniza\u00e7\u00e3o de Protocolos Assistenciais&#8221;, que foi ministrado pela Dra. Olga Ferreira, pesquisadora do IDOR e diretora Nacional da Cardiologia D&#8217;Or.<\/p>\n<p>Apresentando uma s\u00e9rie de solu\u00e7\u00f5es de medicina integrada adotadas na cardiologia da RDSL, Dra. Olga Ferreira mostrou a relev\u00e2ncia de um sistema eficaz de conex\u00e3o entre as diversas unidades hospitalares, j\u00e1 que as cardiopatias s\u00e3o as principais causas de \u00f3bito no Brasil, o que exige um olhar atento e abrangente no setor da sa\u00fade. Ela detalhou o processo pelo qual esse projeto de aspira\u00e7\u00e3o integrativa foi alcan\u00e7ado, desde o entendimento do fluxo de cada hospital e treinamento da equipe multiprofissional at\u00e9 a relev\u00e2ncia de se ter colaboradores dedicados ao preenchimento dos prontu\u00e1rios m\u00e9dicos digitais. Entre outros projetos e casos de inova\u00e7\u00e3o sob sua gest\u00e3o, a Dra. Ferreira tamb\u00e9m deu como exemplos a publica\u00e7\u00e3o do Livro de Protocolos e Condutas, para padronizar o atendimento de alta qualidade na cardiologia, e a reuni\u00e3o de dados de pesquisa na <a href=\"https:\/\/www.redcapbrasil.com.br\/\">REDCap<\/a>, plataforma com objetivo de elevar o status da qualidade das pesquisas cient\u00edficas brasileiras e possibilitar parcerias entre diversas institui\u00e7\u00f5es nacionais e internacionais.\u00a0<\/p>\n<p>O \u00faltimo tema do painel foi a mais recente das iniciativas, o <a href=\"https:\/\/idor.org\/saudemental\">Portal IDOR de Sa\u00fade Mental<\/a>, que foi apresentado por um de seus idealizadores, Ronald Fischer, psic\u00f3logo e pesquisador do IDOR. Ciente de que problemas psicol\u00f3gicos como ansiedade, depress\u00e3o e burnout foram intensificados durante a pandemia, o site re\u00fane conte\u00fados criados por especialistas do IDOR para que a popula\u00e7\u00e3o possa ter acesso gratuito a dicas, atividades e aconselhamentos que visam amenizar ou evitar quadros negativos de sa\u00fade mental. Em menos de um m\u00eas, milhares de pessoas acessaram a plataforma e deram feedbacks positivos sobre os conte\u00fados. O Portal de Sa\u00fade Mental do IDOR tamb\u00e9m tem a inten\u00e7\u00e3o de estudar cientificamente o impacto de iniciativas como essa no bem-estar mental das pessoas.<\/p>\n<p><strong>Encerramento<\/strong><\/p>\n<p>Com a conclus\u00e3o do painel, o encerramento do evento foi realizado pela Dra. Fernanda Tovar-Moll, pesquisadora e presidente do IDOR, que comentou a import\u00e2ncia da resili\u00eancia durante momentos de crise, ressaltando que o IDOR e a RDSL conseguiram dar respostas inovadoras atrav\u00e9s da assist\u00eancia m\u00e9dica, da ci\u00eancia de dados, das parcerias, entre outros projetos que deram e d\u00e3o retorno direto \u00e0 popula\u00e7\u00e3o. Ela comentou que investimento em pesquisa e ensino est\u00e3o entrela\u00e7adas com a assist\u00eancia na RDSL, e o IDOR integra esses la\u00e7os.\u00a0<\/p>\n<p>Para o futuro, ela acredita que fomentar a pesquisa e sua aplicabilidade para a popula\u00e7\u00e3o continua sendo a chave para combater adversidades incalculadas, como as trazidas pela atual pandemia. &#8220;O investimento em ci\u00eancia deve ser perene e persistente. E a gente acredita nisso! Esse ano deixa o legado e aprendizado de que mais uma vez o investimento em pessoas, em infraestrutura \u2013 e um investimento constante \u2013 nos d\u00e1 oportunidade de trazer respostas r\u00e1pidas a problemas novos, como enfrentamos neste ano.&#8221;<\/p>\n<p>Caso voc\u00ea n\u00e3o tenha participado do Encontro de Ci\u00eancia, Tecnologia e Inova\u00e7\u00e3o do IDOR, ainda pode assistir<a href=\"https:\/\/www.encontroidor.com\/\"> \u00e0 grava\u00e7\u00e3o de todas as apresenta\u00e7\u00f5es no site do evento<\/a>! Confira na \u00edntegra ou saiba mais atrav\u00e9s de nossas mat\u00e9rias sobre cada um dos pain\u00e9is!<\/p>\n<p>Escrito por Maria Eduarda Ledo de Abreu<\/p>\n<p><i>Quer receber as not\u00edcias do IDOR pelo WhatsApp? <\/i><a href=\"https:\/\/nam02.safelinks.protection.outlook.com\/?url=http%3A%2F%2Fe.allin.idor.org%2Fbendar%2F%3Fatmca%3D8511894%26atmme%3D106%26atmte%3D1%26atmso%3Dck%26utm_content%3D254936972%26atmem%3DdGFjaWFuYS5zaGltaXp1QGlkb3Iub3Jn%26&amp;data=02%7C01%7Cluiza.ugarte%40idor.org%7Ccfdc2bea7aeb40d568ae08d8074e0cac%7C03a1fb2383f24fbf81f9e40d15b58719%7C0%7C0%7C637267379083800673&amp;sdata=BOz%2BJmQ0YX8eZNyUUVK%2ByAiPcMl5LHAsBuAtnNJOldM%3D&amp;reserved=0\"><i>Clique aqui<\/i><\/a><i>, salve o nosso n\u00famero e mande uma mensagem com seu nome completo. Para cancelar, basta pedir!<\/i><\/p>\n","protected":false},"excerpt":{"rendered":"<p>Confira o que aconteceu no \u00faltimo painel e no encerramento do evento &nbsp; No dia 05 de dezembro, ocorreu o primeiro Encontro de Ci\u00eancia, Tecnologia e Inova\u00e7\u00e3o do Instituto D&#8217;Or de Pesquisa e Ensino (IDOR). O evento reuniu m\u00e9dicos, pesquisadores, executivos e outros profissionais do ecossistema de sa\u00fade e inova\u00e7\u00e3o para compartilhar as principais iniciativas [&hellip;]<\/p>\n","protected":false},"author":0,"featured_media":0,"comment_status":"open","ping_status":"open","sticky":false,"template":"","format":"standard","meta":{"_acf_changed":false,"footnotes":""},"categories":[194,192,191,193],"tags":[],"class_list":["post-6489","post","type-post","status-publish","format-standard","hentry","category-covid-19","category-inovacao","category-novidades","category-saude-mental"],"acf":[],"yoast_head":"<!-- This site is optimized with the Yoast SEO plugin v27.3 - https:\/\/yoast.com\/product\/yoast-seo-wordpress\/ -->\n<title>Encontro de Ci\u00eancia, Tecnologia e Inova\u00e7\u00e3o do IDOR (Parte III): Inova\u00e7\u00f5es na Gest\u00e3o do Cuidado e Servi\u00e7os de Sa\u00fade - IDOR - Instituto D&#039;Or de Pesquisa e Ensino<\/title>\n<link rel=\"canonical\" href=\"https:\/\/www.rededorsaoluiz.com.br\/instituto\/idor\/encontro-de-ciencia-tecnologia-e-inovacao-do-idor-parte-iii-inovacoes-na-gestao-do-cuidado-e-servicos-de-saude\/\" \/>\n<meta property=\"og:locale\" content=\"pt_BR\" \/>\n<meta property=\"og:type\" content=\"article\" \/>\n<meta property=\"og:title\" content=\"Encontro de Ci\u00eancia, Tecnologia e Inova\u00e7\u00e3o do IDOR (Parte III): Inova\u00e7\u00f5es na Gest\u00e3o do Cuidado e Servi\u00e7os de Sa\u00fade - IDOR - Instituto D&#039;Or de Pesquisa e Ensino\" \/>\n<meta property=\"og:description\" content=\"Confira o que aconteceu no \u00faltimo painel e no encerramento do evento &nbsp; No dia 05 de dezembro, ocorreu o primeiro Encontro de Ci\u00eancia, Tecnologia e Inova\u00e7\u00e3o do Instituto D&#8217;Or de Pesquisa e Ensino (IDOR). O evento reuniu m\u00e9dicos, pesquisadores, executivos e outros profissionais do ecossistema de sa\u00fade e inova\u00e7\u00e3o para compartilhar as principais iniciativas [&hellip;]\" \/>\n<meta property=\"og:url\" content=\"https:\/\/www.rededorsaoluiz.com.br\/instituto\/idor\/encontro-de-ciencia-tecnologia-e-inovacao-do-idor-parte-iii-inovacoes-na-gestao-do-cuidado-e-servicos-de-saude\/\" \/>\n<meta property=\"og:site_name\" content=\"IDOR - Instituto D&#039;Or de Pesquisa e Ensino\" \/>\n<meta property=\"article:published_time\" content=\"2020-12-17T02:49:27+00:00\" \/>\n<meta name=\"twitter:card\" content=\"summary_large_image\" \/>\n<meta name=\"twitter:label1\" content=\"Est. tempo de leitura\" \/>\n\t<meta name=\"twitter:data1\" content=\"4 minutos\" \/>\n<script type=\"application\/ld+json\" class=\"yoast-schema-graph\">{\"@context\":\"https:\\\/\\\/schema.org\",\"@graph\":[{\"@type\":\"Article\",\"@id\":\"https:\\\/\\\/www.rededorsaoluiz.com.br\\\/instituto\\\/idor\\\/encontro-de-ciencia-tecnologia-e-inovacao-do-idor-parte-iii-inovacoes-na-gestao-do-cuidado-e-servicos-de-saude\\\/#article\",\"isPartOf\":{\"@id\":\"https:\\\/\\\/www.rededorsaoluiz.com.br\\\/instituto\\\/idor\\\/encontro-de-ciencia-tecnologia-e-inovacao-do-idor-parte-iii-inovacoes-na-gestao-do-cuidado-e-servicos-de-saude\\\/\"},\"author\":{\"name\":\"\",\"@id\":\"\"},\"headline\":\"Encontro de Ci\u00eancia, Tecnologia e Inova\u00e7\u00e3o do IDOR (Parte III): Inova\u00e7\u00f5es na Gest\u00e3o do Cuidado e Servi\u00e7os de Sa\u00fade\",\"datePublished\":\"2020-12-17T02:49:27+00:00\",\"mainEntityOfPage\":{\"@id\":\"https:\\\/\\\/www.rededorsaoluiz.com.br\\\/instituto\\\/idor\\\/encontro-de-ciencia-tecnologia-e-inovacao-do-idor-parte-iii-inovacoes-na-gestao-do-cuidado-e-servicos-de-saude\\\/\"},\"wordCount\":876,\"commentCount\":0,\"articleSection\":[\"Covid-19\",\"Inova\u00e7\u00e3o\",\"Novidades\",\"Sa\u00fade Mental\"],\"inLanguage\":\"pt-BR\",\"potentialAction\":[{\"@type\":\"CommentAction\",\"name\":\"Comment\",\"target\":[\"https:\\\/\\\/www.rededorsaoluiz.com.br\\\/instituto\\\/idor\\\/encontro-de-ciencia-tecnologia-e-inovacao-do-idor-parte-iii-inovacoes-na-gestao-do-cuidado-e-servicos-de-saude\\\/#respond\"]}]},{\"@type\":\"WebPage\",\"@id\":\"https:\\\/\\\/www.rededorsaoluiz.com.br\\\/instituto\\\/idor\\\/encontro-de-ciencia-tecnologia-e-inovacao-do-idor-parte-iii-inovacoes-na-gestao-do-cuidado-e-servicos-de-saude\\\/\",\"url\":\"https:\\\/\\\/www.rededorsaoluiz.com.br\\\/instituto\\\/idor\\\/encontro-de-ciencia-tecnologia-e-inovacao-do-idor-parte-iii-inovacoes-na-gestao-do-cuidado-e-servicos-de-saude\\\/\",\"name\":\"Encontro de Ci\u00eancia, Tecnologia e Inova\u00e7\u00e3o do IDOR (Parte III): Inova\u00e7\u00f5es na Gest\u00e3o do Cuidado e Servi\u00e7os de Sa\u00fade - IDOR - Instituto D&#039;Or de Pesquisa e Ensino\",\"isPartOf\":{\"@id\":\"https:\\\/\\\/www.rededorsaoluiz.com.br\\\/instituto\\\/idor\\\/#website\"},\"datePublished\":\"2020-12-17T02:49:27+00:00\",\"author\":{\"@id\":\"\"},\"breadcrumb\":{\"@id\":\"https:\\\/\\\/www.rededorsaoluiz.com.br\\\/instituto\\\/idor\\\/encontro-de-ciencia-tecnologia-e-inovacao-do-idor-parte-iii-inovacoes-na-gestao-do-cuidado-e-servicos-de-saude\\\/#breadcrumb\"},\"inLanguage\":\"pt-BR\",\"potentialAction\":[{\"@type\":\"ReadAction\",\"target\":[\"https:\\\/\\\/www.rededorsaoluiz.com.br\\\/instituto\\\/idor\\\/encontro-de-ciencia-tecnologia-e-inovacao-do-idor-parte-iii-inovacoes-na-gestao-do-cuidado-e-servicos-de-saude\\\/\"]}]},{\"@type\":\"BreadcrumbList\",\"@id\":\"https:\\\/\\\/www.rededorsaoluiz.com.br\\\/instituto\\\/idor\\\/encontro-de-ciencia-tecnologia-e-inovacao-do-idor-parte-iii-inovacoes-na-gestao-do-cuidado-e-servicos-de-saude\\\/#breadcrumb\",\"itemListElement\":[{\"@type\":\"ListItem\",\"position\":1,\"name\":\"In\u00edcio\",\"item\":\"https:\\\/\\\/www.rededorsaoluiz.com.br\\\/instituto\\\/idor\\\/\"},{\"@type\":\"ListItem\",\"position\":2,\"name\":\"Encontro de Ci\u00eancia, Tecnologia e Inova\u00e7\u00e3o do IDOR (Parte III): Inova\u00e7\u00f5es na Gest\u00e3o do Cuidado e Servi\u00e7os de Sa\u00fade\"}]},{\"@type\":\"WebSite\",\"@id\":\"https:\\\/\\\/www.rededorsaoluiz.com.br\\\/instituto\\\/idor\\\/#website\",\"url\":\"https:\\\/\\\/www.rededorsaoluiz.com.br\\\/instituto\\\/idor\\\/\",\"name\":\"IDOR - Instituto D&#039;Or de Pesquisa e Ensino\",\"description\":\"\",\"potentialAction\":[{\"@type\":\"SearchAction\",\"target\":{\"@type\":\"EntryPoint\",\"urlTemplate\":\"https:\\\/\\\/www.rededorsaoluiz.com.br\\\/instituto\\\/idor\\\/?s={search_term_string}\"},\"query-input\":{\"@type\":\"PropertyValueSpecification\",\"valueRequired\":true,\"valueName\":\"search_term_string\"}}],\"inLanguage\":\"pt-BR\"}]}<\/script>\n<!-- \/ Yoast SEO plugin. -->","yoast_head_json":{"title":"Encontro de Ci\u00eancia, Tecnologia e Inova\u00e7\u00e3o do IDOR (Parte III): Inova\u00e7\u00f5es na Gest\u00e3o do Cuidado e Servi\u00e7os de Sa\u00fade - IDOR - Instituto D&#039;Or de Pesquisa e Ensino","canonical":"https:\/\/www.rededorsaoluiz.com.br\/instituto\/idor\/encontro-de-ciencia-tecnologia-e-inovacao-do-idor-parte-iii-inovacoes-na-gestao-do-cuidado-e-servicos-de-saude\/","og_locale":"pt_BR","og_type":"article","og_title":"Encontro de Ci\u00eancia, Tecnologia e Inova\u00e7\u00e3o do IDOR (Parte III): Inova\u00e7\u00f5es na Gest\u00e3o do Cuidado e Servi\u00e7os de Sa\u00fade - IDOR - Instituto D&#039;Or de Pesquisa e Ensino","og_description":"Confira o que aconteceu no \u00faltimo painel e no encerramento do evento &nbsp; No dia 05 de dezembro, ocorreu o primeiro Encontro de Ci\u00eancia, Tecnologia e Inova\u00e7\u00e3o do Instituto D&#8217;Or de Pesquisa e Ensino (IDOR). O evento reuniu m\u00e9dicos, pesquisadores, executivos e outros profissionais do ecossistema de sa\u00fade e inova\u00e7\u00e3o para compartilhar as principais iniciativas [&hellip;]","og_url":"https:\/\/www.rededorsaoluiz.com.br\/instituto\/idor\/encontro-de-ciencia-tecnologia-e-inovacao-do-idor-parte-iii-inovacoes-na-gestao-do-cuidado-e-servicos-de-saude\/","og_site_name":"IDOR - Instituto D&#039;Or de Pesquisa e Ensino","article_published_time":"2020-12-17T02:49:27+00:00","twitter_card":"summary_large_image","twitter_misc":{"Est. tempo de leitura":"4 minutos"},"schema":{"@context":"https:\/\/schema.org","@graph":[{"@type":"Article","@id":"https:\/\/www.rededorsaoluiz.com.br\/instituto\/idor\/encontro-de-ciencia-tecnologia-e-inovacao-do-idor-parte-iii-inovacoes-na-gestao-do-cuidado-e-servicos-de-saude\/#article","isPartOf":{"@id":"https:\/\/www.rededorsaoluiz.com.br\/instituto\/idor\/encontro-de-ciencia-tecnologia-e-inovacao-do-idor-parte-iii-inovacoes-na-gestao-do-cuidado-e-servicos-de-saude\/"},"author":{"name":"","@id":""},"headline":"Encontro de Ci\u00eancia, Tecnologia e Inova\u00e7\u00e3o do IDOR (Parte III): Inova\u00e7\u00f5es na Gest\u00e3o do Cuidado e Servi\u00e7os de Sa\u00fade","datePublished":"2020-12-17T02:49:27+00:00","mainEntityOfPage":{"@id":"https:\/\/www.rededorsaoluiz.com.br\/instituto\/idor\/encontro-de-ciencia-tecnologia-e-inovacao-do-idor-parte-iii-inovacoes-na-gestao-do-cuidado-e-servicos-de-saude\/"},"wordCount":876,"commentCount":0,"articleSection":["Covid-19","Inova\u00e7\u00e3o","Novidades","Sa\u00fade Mental"],"inLanguage":"pt-BR","potentialAction":[{"@type":"CommentAction","name":"Comment","target":["https:\/\/www.rededorsaoluiz.com.br\/instituto\/idor\/encontro-de-ciencia-tecnologia-e-inovacao-do-idor-parte-iii-inovacoes-na-gestao-do-cuidado-e-servicos-de-saude\/#respond"]}]},{"@type":"WebPage","@id":"https:\/\/www.rededorsaoluiz.com.br\/instituto\/idor\/encontro-de-ciencia-tecnologia-e-inovacao-do-idor-parte-iii-inovacoes-na-gestao-do-cuidado-e-servicos-de-saude\/","url":"https:\/\/www.rededorsaoluiz.com.br\/instituto\/idor\/encontro-de-ciencia-tecnologia-e-inovacao-do-idor-parte-iii-inovacoes-na-gestao-do-cuidado-e-servicos-de-saude\/","name":"Encontro de Ci\u00eancia, Tecnologia e Inova\u00e7\u00e3o do IDOR (Parte III): Inova\u00e7\u00f5es na Gest\u00e3o do Cuidado e Servi\u00e7os de Sa\u00fade - IDOR - Instituto D&#039;Or de Pesquisa e Ensino","isPartOf":{"@id":"https:\/\/www.rededorsaoluiz.com.br\/instituto\/idor\/#website"},"datePublished":"2020-12-17T02:49:27+00:00","author":{"@id":""},"breadcrumb":{"@id":"https:\/\/www.rededorsaoluiz.com.br\/instituto\/idor\/encontro-de-ciencia-tecnologia-e-inovacao-do-idor-parte-iii-inovacoes-na-gestao-do-cuidado-e-servicos-de-saude\/#breadcrumb"},"inLanguage":"pt-BR","potentialAction":[{"@type":"ReadAction","target":["https:\/\/www.rededorsaoluiz.com.br\/instituto\/idor\/encontro-de-ciencia-tecnologia-e-inovacao-do-idor-parte-iii-inovacoes-na-gestao-do-cuidado-e-servicos-de-saude\/"]}]},{"@type":"BreadcrumbList","@id":"https:\/\/www.rededorsaoluiz.com.br\/instituto\/idor\/encontro-de-ciencia-tecnologia-e-inovacao-do-idor-parte-iii-inovacoes-na-gestao-do-cuidado-e-servicos-de-saude\/#breadcrumb","itemListElement":[{"@type":"ListItem","position":1,"name":"In\u00edcio","item":"https:\/\/www.rededorsaoluiz.com.br\/instituto\/idor\/"},{"@type":"ListItem","position":2,"name":"Encontro de Ci\u00eancia, Tecnologia e Inova\u00e7\u00e3o do IDOR (Parte III): Inova\u00e7\u00f5es na Gest\u00e3o do Cuidado e Servi\u00e7os de Sa\u00fade"}]},{"@type":"WebSite","@id":"https:\/\/www.rededorsaoluiz.com.br\/instituto\/idor\/#website","url":"https:\/\/www.rededorsaoluiz.com.br\/instituto\/idor\/","name":"IDOR - Instituto D&#039;Or de Pesquisa e Ensino","description":"","potentialAction":[{"@type":"SearchAction","target":{"@type":"EntryPoint","urlTemplate":"https:\/\/www.rededorsaoluiz.com.br\/instituto\/idor\/?s={search_term_string}"},"query-input":{"@type":"PropertyValueSpecification","valueRequired":true,"valueName":"search_term_string"}}],"inLanguage":"pt-BR"}]}},"_links":{"self":[{"href":"https:\/\/www.rededorsaoluiz.com.br\/instituto\/idor\/wp-json\/wp\/v2\/posts\/6489","targetHints":{"allow":["GET"]}}],"collection":[{"href":"https:\/\/www.rededorsaoluiz.com.br\/instituto\/idor\/wp-json\/wp\/v2\/posts"}],"about":[{"href":"https:\/\/www.rededorsaoluiz.com.br\/instituto\/idor\/wp-json\/wp\/v2\/types\/post"}],"replies":[{"embeddable":true,"href":"https:\/\/www.rededorsaoluiz.com.br\/instituto\/idor\/wp-json\/wp\/v2\/comments?post=6489"}],"version-history":[{"count":0,"href":"https:\/\/www.rededorsaoluiz.com.br\/instituto\/idor\/wp-json\/wp\/v2\/posts\/6489\/revisions"}],"wp:attachment":[{"href":"https:\/\/www.rededorsaoluiz.com.br\/instituto\/idor\/wp-json\/wp\/v2\/media?parent=6489"}],"wp:term":[{"taxonomy":"category","embeddable":true,"href":"https:\/\/www.rededorsaoluiz.com.br\/instituto\/idor\/wp-json\/wp\/v2\/categories?post=6489"},{"taxonomy":"post_tag","embeddable":true,"href":"https:\/\/www.rededorsaoluiz.com.br\/instituto\/idor\/wp-json\/wp\/v2\/tags?post=6489"}],"curies":[{"name":"wp","href":"https:\/\/api.w.org\/{rel}","templated":true}]}}