{"id":6744,"date":"2020-09-17T14:44:03","date_gmt":"2020-09-17T17:44:03","guid":{"rendered":"https:\/\/ptbr.idor.org\/criancas-podem-ser-vetores-de-contaminacao\/"},"modified":"2020-09-17T14:44:03","modified_gmt":"2020-09-17T17:44:03","slug":"criancas-podem-ser-vetores-de-contaminacao","status":"publish","type":"post","link":"https:\/\/www.rededorsaoluiz.com.br\/instituto\/idor\/criancas-podem-ser-vetores-de-contaminacao\/","title":{"rendered":"Crian\u00e7as podem ser vetores de contamina\u00e7\u00e3o"},"content":{"rendered":"<p><i>Estudo mostra que crian\u00e7as de at\u00e9 10 anos de idade transmitem Sars-CoV-2 em ambientes escolares.<\/i><\/p>\n<p>A quest\u00e3o da volta \u00e0s aulas \u00e9 preocupante, pois os pequenos podem tornar-se vetores de contamina\u00e7\u00e3o \u00e0 medida que convivem, e por consequ\u00eancia, entram em contato com outras pessoas em escolas e creches. O efeito cascata se concretiza a partir do primeiro cont\u00e1gio, pois a probabilidade de contamina\u00e7\u00e3o \u00e9 grande, visto que a dist\u00e2ncia entre as crian\u00e7as \u00e9 dif\u00edcil de ser controlada. Ademais, em alguns casos, as <a href=\"https:\/\/www.rededorsaoluiz.com.br\/instituto\/idor\/novidades\/pediatria-idor-publica-estudo-sobre-caracteristicas-clinicas-da-covid-19-em-criancas-e-adolescentes-internados-em-utis-pediatricas\">caracter\u00edsticas cl\u00ednicas de crian\u00e7as internadas por Covid-19 s\u00e3o preocupantes, como relata estudo publicado pelo IDOR<\/a>.<\/p>\n<p>Desde o in\u00edcio da pandemia, \u00e9 falado que crian\u00e7as podem contaminar outros com facilidade, por\u00e9m at\u00e9 agora t\u00ednhamos apenas dados limitados sobre o tema. Uma publica\u00e7\u00e3o recente mudou este cen\u00e1rio: <a href=\"https:\/\/www.cdc.gov\/mmwr\/volumes\/69\/wr\/mm6937e3.htm?s_cid=mm6937e3_w\">foram coletados dados de tr\u00eas surtos de Covid-19 em creches de Utah<\/a>, nos Estados Unidos, entre abril e julho deste ano. O Sistema Nacional de Vigil\u00e2ncia de Doen\u00e7as Eletr\u00f4nicas de Utah &#8211; EpiTrax &#8211; mant\u00e9m os registros de contatos dos pacientes contaminados com seus conhecidos, e a partir disso calcula um \u00edndice de liga\u00e7\u00e3o epidemiol\u00f3gica. <a href=\"https:\/\/dadosdobem.com.br\/\">O Dados do Bem, em parceria com o IDOR, faz trabalho semelhante no Brasil.<\/a><\/p>\n<p>O in\u00edcio da transmiss\u00e3o \u00e9 contada com 2 dias de anteced\u00eancia ao aparecimento de sintomas na pessoa contaminada. O \u00edndice de cont\u00e1gio, ent\u00e3o, \u00e9 definido pelo contato m\u00ednimo de 15 minutos e de at\u00e9 1,8 metro de dist\u00e2ncia entre um indiv\u00edduo saud\u00e1vel e um contaminado por Covid-19. O dado tamb\u00e9m salva informa\u00e7\u00f5es demogr\u00e1ficas, sintomas, exposi\u00e7\u00f5es, testes e o per\u00edodo de monitoramento\/isolamento de cada indiv\u00edduo. A partir desse sistema, os autores da publica\u00e7\u00e3o analisaram o rastreamento de contato de crian\u00e7as e seus familiares, estudando um totas de 184 pessoas. Entre essas pessoas, encontrou-se 31 casos confirmados de Covid-19, 13 (42%) eram crian\u00e7as &#8211; que apresentaram sintomas leves ou nenhum sintoma.<\/p>\n<p>Segundo o estudo, 12 crian\u00e7as se contaminaram em creches e contaminaram pelo menos mais 12 pessoas entre seus contatos fora da creche; o cont\u00e1gio tamb\u00e9m foi observado em duas de tr\u00eas crian\u00e7as assintom\u00e1ticas, confirmadas com Covid-19. Claramente, como afirmam os autores, os dados mostram que crian\u00e7as podem em muito contribuir para a transmiss\u00e3o do Sars-Cov-2 em seus contatos dom\u00e9sticos.<\/p>\n<p>Por isso, a testagem se faz primordial para o planejamento de volta \u00e0s aulas. Testes mais baratos e r\u00e1pidos est\u00e3o sendo desenvolvidos para tornar o processo de mapeamento de contaminados mais acess\u00edveis para os governos. Independentemente dos sintomas, a testagem \u00e9 oportuna porque ajuda na preven\u00e7\u00e3o da transmiss\u00e3o. Ademais, o uso de m\u00e1scara juntamente com a higiene das m\u00e3os, limpeza e desinfec\u00e7\u00e3o de superf\u00edcies de contato frequente, e permanecer em casa se estiver com os sintomas da Covid-19, s\u00e3o regras que seguem primordiais na conten\u00e7\u00e3o da pandemia. Somente assim, com testagem e planejamento poderemos voltar \u00e0s aulas com seguran\u00e7a.<\/p>\n<p>&nbsp;<\/p>\n<p>Por Luiza Mugnol Ugarte<\/p>\n<p><i>Quer receber as not\u00edcias do IDOR pelo WhatsApp?\u00a0<\/i><a href=\"https:\/\/nam02.safelinks.protection.outlook.com\/?url=http%3A%2F%2Fe.allin.idor.org%2Fbendar%2F%3Fatmca%3D8511894%26atmme%3D106%26atmte%3D1%26atmso%3Dck%26utm_content%3D254936972%26atmem%3DdGFjaWFuYS5zaGltaXp1QGlkb3Iub3Jn%26&amp;data=02%7C01%7Cluiza.ugarte%40idor.org%7Ccfdc2bea7aeb40d568ae08d8074e0cac%7C03a1fb2383f24fbf81f9e40d15b58719%7C0%7C0%7C637267379083800673&amp;sdata=BOz%2BJmQ0YX8eZNyUUVK%2ByAiPcMl5LHAsBuAtnNJOldM%3D&amp;reserved=0\"><i>Clique aqui<\/i><\/a><i>, salve o nosso n\u00famero e mande uma mensagem com seu nome completo. Para cancelar, basta pedir!<\/i><\/p>\n","protected":false},"excerpt":{"rendered":"<p>Estudo mostra que crian\u00e7as de at\u00e9 10 anos de idade transmitem Sars-CoV-2 em ambientes escolares. A quest\u00e3o da volta \u00e0s aulas \u00e9 preocupante, pois os pequenos podem tornar-se vetores de contamina\u00e7\u00e3o \u00e0 medida que convivem, e por consequ\u00eancia, entram em contato com outras pessoas em escolas e creches. O efeito cascata se concretiza a partir [&hellip;]<\/p>\n","protected":false},"author":0,"featured_media":6745,"comment_status":"open","ping_status":"open","sticky":false,"template":"","format":"standard","meta":{"_acf_changed":false,"footnotes":""},"categories":[194,191],"tags":[],"class_list":["post-6744","post","type-post","status-publish","format-standard","has-post-thumbnail","hentry","category-covid-19","category-novidades"],"acf":[],"yoast_head":"<!-- This site is optimized with the Yoast SEO plugin v27.3 - https:\/\/yoast.com\/product\/yoast-seo-wordpress\/ -->\n<title>Crian\u00e7as podem ser vetores de contamina\u00e7\u00e3o - IDOR - Instituto D&#039;Or de Pesquisa e Ensino<\/title>\n<link rel=\"canonical\" href=\"https:\/\/ptbr.idor.org\/criancas-podem-ser-vetores-de-contaminacao\/\" \/>\n<meta property=\"og:locale\" content=\"pt_BR\" \/>\n<meta property=\"og:type\" content=\"article\" \/>\n<meta property=\"og:title\" content=\"Crian\u00e7as podem ser vetores de contamina\u00e7\u00e3o - IDOR - Instituto D&#039;Or de Pesquisa e Ensino\" \/>\n<meta property=\"og:description\" content=\"Estudo mostra que crian\u00e7as de at\u00e9 10 anos de idade transmitem Sars-CoV-2 em ambientes escolares. A quest\u00e3o da volta \u00e0s aulas \u00e9 preocupante, pois os pequenos podem tornar-se vetores de contamina\u00e7\u00e3o \u00e0 medida que convivem, e por consequ\u00eancia, entram em contato com outras pessoas em escolas e creches. O efeito cascata se concretiza a partir [&hellip;]\" \/>\n<meta property=\"og:url\" content=\"https:\/\/ptbr.idor.org\/criancas-podem-ser-vetores-de-contaminacao\/\" \/>\n<meta property=\"og:site_name\" content=\"IDOR - Instituto D&#039;Or de Pesquisa e Ensino\" \/>\n<meta property=\"article:published_time\" content=\"2020-09-17T17:44:03+00:00\" \/>\n<meta property=\"og:image\" content=\"https:\/\/ptbr.idor.org\/wp-content\/uploads\/2020\/09\/kids-1093758_1920.jpg\" \/>\n\t<meta property=\"og:image:width\" content=\"1920\" \/>\n\t<meta property=\"og:image:height\" content=\"1280\" \/>\n\t<meta property=\"og:image:type\" content=\"image\/jpeg\" \/>\n<meta name=\"twitter:card\" content=\"summary_large_image\" \/>\n<meta name=\"twitter:label1\" content=\"Est. tempo de leitura\" \/>\n\t<meta name=\"twitter:data1\" content=\"3 minutos\" \/>\n<script type=\"application\/ld+json\" class=\"yoast-schema-graph\">{\"@context\":\"https:\\\/\\\/schema.org\",\"@graph\":[{\"@type\":\"Article\",\"@id\":\"https:\\\/\\\/ptbr.idor.org\\\/criancas-podem-ser-vetores-de-contaminacao\\\/#article\",\"isPartOf\":{\"@id\":\"https:\\\/\\\/ptbr.idor.org\\\/criancas-podem-ser-vetores-de-contaminacao\\\/\"},\"author\":{\"name\":\"\",\"@id\":\"\"},\"headline\":\"Crian\u00e7as podem ser vetores de contamina\u00e7\u00e3o\",\"datePublished\":\"2020-09-17T17:44:03+00:00\",\"mainEntityOfPage\":{\"@id\":\"https:\\\/\\\/ptbr.idor.org\\\/criancas-podem-ser-vetores-de-contaminacao\\\/\"},\"wordCount\":552,\"commentCount\":0,\"image\":{\"@id\":\"https:\\\/\\\/ptbr.idor.org\\\/criancas-podem-ser-vetores-de-contaminacao\\\/#primaryimage\"},\"thumbnailUrl\":\"https:\\\/\\\/www.rededorsaoluiz.com.br\\\/instituto\\\/idor\\\/wp-content\\\/uploads\\\/2020\\\/09\\\/kids-1093758_1920.jpg\",\"articleSection\":[\"Covid-19\",\"Novidades\"],\"inLanguage\":\"pt-BR\",\"potentialAction\":[{\"@type\":\"CommentAction\",\"name\":\"Comment\",\"target\":[\"https:\\\/\\\/ptbr.idor.org\\\/criancas-podem-ser-vetores-de-contaminacao\\\/#respond\"]}]},{\"@type\":\"WebPage\",\"@id\":\"https:\\\/\\\/ptbr.idor.org\\\/criancas-podem-ser-vetores-de-contaminacao\\\/\",\"url\":\"https:\\\/\\\/ptbr.idor.org\\\/criancas-podem-ser-vetores-de-contaminacao\\\/\",\"name\":\"Crian\u00e7as podem ser vetores de contamina\u00e7\u00e3o - IDOR - Instituto D&#039;Or de Pesquisa e Ensino\",\"isPartOf\":{\"@id\":\"https:\\\/\\\/www.rededorsaoluiz.com.br\\\/instituto\\\/idor\\\/#website\"},\"primaryImageOfPage\":{\"@id\":\"https:\\\/\\\/ptbr.idor.org\\\/criancas-podem-ser-vetores-de-contaminacao\\\/#primaryimage\"},\"image\":{\"@id\":\"https:\\\/\\\/ptbr.idor.org\\\/criancas-podem-ser-vetores-de-contaminacao\\\/#primaryimage\"},\"thumbnailUrl\":\"https:\\\/\\\/www.rededorsaoluiz.com.br\\\/instituto\\\/idor\\\/wp-content\\\/uploads\\\/2020\\\/09\\\/kids-1093758_1920.jpg\",\"datePublished\":\"2020-09-17T17:44:03+00:00\",\"author\":{\"@id\":\"\"},\"breadcrumb\":{\"@id\":\"https:\\\/\\\/ptbr.idor.org\\\/criancas-podem-ser-vetores-de-contaminacao\\\/#breadcrumb\"},\"inLanguage\":\"pt-BR\",\"potentialAction\":[{\"@type\":\"ReadAction\",\"target\":[\"https:\\\/\\\/ptbr.idor.org\\\/criancas-podem-ser-vetores-de-contaminacao\\\/\"]}]},{\"@type\":\"ImageObject\",\"inLanguage\":\"pt-BR\",\"@id\":\"https:\\\/\\\/ptbr.idor.org\\\/criancas-podem-ser-vetores-de-contaminacao\\\/#primaryimage\",\"url\":\"https:\\\/\\\/www.rededorsaoluiz.com.br\\\/instituto\\\/idor\\\/wp-content\\\/uploads\\\/2020\\\/09\\\/kids-1093758_1920.jpg\",\"contentUrl\":\"https:\\\/\\\/www.rededorsaoluiz.com.br\\\/instituto\\\/idor\\\/wp-content\\\/uploads\\\/2020\\\/09\\\/kids-1093758_1920.jpg\",\"width\":1920,\"height\":1280},{\"@type\":\"BreadcrumbList\",\"@id\":\"https:\\\/\\\/ptbr.idor.org\\\/criancas-podem-ser-vetores-de-contaminacao\\\/#breadcrumb\",\"itemListElement\":[{\"@type\":\"ListItem\",\"position\":1,\"name\":\"In\u00edcio\",\"item\":\"https:\\\/\\\/www.rededorsaoluiz.com.br\\\/instituto\\\/idor\\\/\"},{\"@type\":\"ListItem\",\"position\":2,\"name\":\"Crian\u00e7as podem ser vetores de contamina\u00e7\u00e3o\"}]},{\"@type\":\"WebSite\",\"@id\":\"https:\\\/\\\/www.rededorsaoluiz.com.br\\\/instituto\\\/idor\\\/#website\",\"url\":\"https:\\\/\\\/www.rededorsaoluiz.com.br\\\/instituto\\\/idor\\\/\",\"name\":\"IDOR - Instituto D&#039;Or de Pesquisa e Ensino\",\"description\":\"\",\"potentialAction\":[{\"@type\":\"SearchAction\",\"target\":{\"@type\":\"EntryPoint\",\"urlTemplate\":\"https:\\\/\\\/www.rededorsaoluiz.com.br\\\/instituto\\\/idor\\\/?s={search_term_string}\"},\"query-input\":{\"@type\":\"PropertyValueSpecification\",\"valueRequired\":true,\"valueName\":\"search_term_string\"}}],\"inLanguage\":\"pt-BR\"}]}<\/script>\n<!-- \/ Yoast SEO plugin. -->","yoast_head_json":{"title":"Crian\u00e7as podem ser vetores de contamina\u00e7\u00e3o - IDOR - Instituto D&#039;Or de Pesquisa e Ensino","canonical":"https:\/\/ptbr.idor.org\/criancas-podem-ser-vetores-de-contaminacao\/","og_locale":"pt_BR","og_type":"article","og_title":"Crian\u00e7as podem ser vetores de contamina\u00e7\u00e3o - IDOR - Instituto D&#039;Or de Pesquisa e Ensino","og_description":"Estudo mostra que crian\u00e7as de at\u00e9 10 anos de idade transmitem Sars-CoV-2 em ambientes escolares. A quest\u00e3o da volta \u00e0s aulas \u00e9 preocupante, pois os pequenos podem tornar-se vetores de contamina\u00e7\u00e3o \u00e0 medida que convivem, e por consequ\u00eancia, entram em contato com outras pessoas em escolas e creches. O efeito cascata se concretiza a partir [&hellip;]","og_url":"https:\/\/ptbr.idor.org\/criancas-podem-ser-vetores-de-contaminacao\/","og_site_name":"IDOR - Instituto D&#039;Or de Pesquisa e Ensino","article_published_time":"2020-09-17T17:44:03+00:00","og_image":[{"width":1920,"height":1280,"url":"https:\/\/ptbr.idor.org\/wp-content\/uploads\/2020\/09\/kids-1093758_1920.jpg","type":"image\/jpeg"}],"twitter_card":"summary_large_image","twitter_misc":{"Est. tempo de leitura":"3 minutos"},"schema":{"@context":"https:\/\/schema.org","@graph":[{"@type":"Article","@id":"https:\/\/ptbr.idor.org\/criancas-podem-ser-vetores-de-contaminacao\/#article","isPartOf":{"@id":"https:\/\/ptbr.idor.org\/criancas-podem-ser-vetores-de-contaminacao\/"},"author":{"name":"","@id":""},"headline":"Crian\u00e7as podem ser vetores de contamina\u00e7\u00e3o","datePublished":"2020-09-17T17:44:03+00:00","mainEntityOfPage":{"@id":"https:\/\/ptbr.idor.org\/criancas-podem-ser-vetores-de-contaminacao\/"},"wordCount":552,"commentCount":0,"image":{"@id":"https:\/\/ptbr.idor.org\/criancas-podem-ser-vetores-de-contaminacao\/#primaryimage"},"thumbnailUrl":"https:\/\/www.rededorsaoluiz.com.br\/instituto\/idor\/wp-content\/uploads\/2020\/09\/kids-1093758_1920.jpg","articleSection":["Covid-19","Novidades"],"inLanguage":"pt-BR","potentialAction":[{"@type":"CommentAction","name":"Comment","target":["https:\/\/ptbr.idor.org\/criancas-podem-ser-vetores-de-contaminacao\/#respond"]}]},{"@type":"WebPage","@id":"https:\/\/ptbr.idor.org\/criancas-podem-ser-vetores-de-contaminacao\/","url":"https:\/\/ptbr.idor.org\/criancas-podem-ser-vetores-de-contaminacao\/","name":"Crian\u00e7as podem ser vetores de contamina\u00e7\u00e3o - IDOR - Instituto D&#039;Or de Pesquisa e Ensino","isPartOf":{"@id":"https:\/\/www.rededorsaoluiz.com.br\/instituto\/idor\/#website"},"primaryImageOfPage":{"@id":"https:\/\/ptbr.idor.org\/criancas-podem-ser-vetores-de-contaminacao\/#primaryimage"},"image":{"@id":"https:\/\/ptbr.idor.org\/criancas-podem-ser-vetores-de-contaminacao\/#primaryimage"},"thumbnailUrl":"https:\/\/www.rededorsaoluiz.com.br\/instituto\/idor\/wp-content\/uploads\/2020\/09\/kids-1093758_1920.jpg","datePublished":"2020-09-17T17:44:03+00:00","author":{"@id":""},"breadcrumb":{"@id":"https:\/\/ptbr.idor.org\/criancas-podem-ser-vetores-de-contaminacao\/#breadcrumb"},"inLanguage":"pt-BR","potentialAction":[{"@type":"ReadAction","target":["https:\/\/ptbr.idor.org\/criancas-podem-ser-vetores-de-contaminacao\/"]}]},{"@type":"ImageObject","inLanguage":"pt-BR","@id":"https:\/\/ptbr.idor.org\/criancas-podem-ser-vetores-de-contaminacao\/#primaryimage","url":"https:\/\/www.rededorsaoluiz.com.br\/instituto\/idor\/wp-content\/uploads\/2020\/09\/kids-1093758_1920.jpg","contentUrl":"https:\/\/www.rededorsaoluiz.com.br\/instituto\/idor\/wp-content\/uploads\/2020\/09\/kids-1093758_1920.jpg","width":1920,"height":1280},{"@type":"BreadcrumbList","@id":"https:\/\/ptbr.idor.org\/criancas-podem-ser-vetores-de-contaminacao\/#breadcrumb","itemListElement":[{"@type":"ListItem","position":1,"name":"In\u00edcio","item":"https:\/\/www.rededorsaoluiz.com.br\/instituto\/idor\/"},{"@type":"ListItem","position":2,"name":"Crian\u00e7as podem ser vetores de contamina\u00e7\u00e3o"}]},{"@type":"WebSite","@id":"https:\/\/www.rededorsaoluiz.com.br\/instituto\/idor\/#website","url":"https:\/\/www.rededorsaoluiz.com.br\/instituto\/idor\/","name":"IDOR - Instituto D&#039;Or de Pesquisa e Ensino","description":"","potentialAction":[{"@type":"SearchAction","target":{"@type":"EntryPoint","urlTemplate":"https:\/\/www.rededorsaoluiz.com.br\/instituto\/idor\/?s={search_term_string}"},"query-input":{"@type":"PropertyValueSpecification","valueRequired":true,"valueName":"search_term_string"}}],"inLanguage":"pt-BR"}]}},"_links":{"self":[{"href":"https:\/\/www.rededorsaoluiz.com.br\/instituto\/idor\/wp-json\/wp\/v2\/posts\/6744","targetHints":{"allow":["GET"]}}],"collection":[{"href":"https:\/\/www.rededorsaoluiz.com.br\/instituto\/idor\/wp-json\/wp\/v2\/posts"}],"about":[{"href":"https:\/\/www.rededorsaoluiz.com.br\/instituto\/idor\/wp-json\/wp\/v2\/types\/post"}],"replies":[{"embeddable":true,"href":"https:\/\/www.rededorsaoluiz.com.br\/instituto\/idor\/wp-json\/wp\/v2\/comments?post=6744"}],"version-history":[{"count":0,"href":"https:\/\/www.rededorsaoluiz.com.br\/instituto\/idor\/wp-json\/wp\/v2\/posts\/6744\/revisions"}],"wp:featuredmedia":[{"embeddable":true,"href":"https:\/\/www.rededorsaoluiz.com.br\/instituto\/idor\/wp-json\/wp\/v2\/media\/6745"}],"wp:attachment":[{"href":"https:\/\/www.rededorsaoluiz.com.br\/instituto\/idor\/wp-json\/wp\/v2\/media?parent=6744"}],"wp:term":[{"taxonomy":"category","embeddable":true,"href":"https:\/\/www.rededorsaoluiz.com.br\/instituto\/idor\/wp-json\/wp\/v2\/categories?post=6744"},{"taxonomy":"post_tag","embeddable":true,"href":"https:\/\/www.rededorsaoluiz.com.br\/instituto\/idor\/wp-json\/wp\/v2\/tags?post=6744"}],"curies":[{"name":"wp","href":"https:\/\/api.w.org\/{rel}","templated":true}]}}