{"id":7202,"date":"2020-03-13T15:40:14","date_gmt":"2020-03-13T18:40:14","guid":{"rendered":"https:\/\/ptbr.idor.org\/algo-na-agua\/"},"modified":"2020-03-13T15:40:14","modified_gmt":"2020-03-13T18:40:14","slug":"algo-na-agua","status":"publish","type":"post","link":"https:\/\/www.rededorsaoluiz.com.br\/instituto\/idor\/algo-na-agua\/","title":{"rendered":"Algo na \u00e1gua"},"content":{"rendered":"<p><em><br \/>\nEstudo liderado pelo IDOR e UFRJ correlaciona qualidade da \u00e1gua consumida com a severidade das malforma\u00e7\u00f5es ocasionadas pelo v\u00edrus da zika.<\/em><\/p>\n<p>Nos anos de 2015 e 2016, o Brasil sofreu com o surto epid\u00eamico do v\u00edrus da zika em todo pa\u00eds. Apesar da concentra\u00e7\u00e3o de casos no Centro-Oeste, foi no Nordeste que houve a maior incid\u00eancia de microcefalia associada ao v\u00edrus da zika. A gravidade das malforma\u00e7\u00f5es descritas na regi\u00e3o Nordeste chamou a aten\u00e7\u00e3o de cientistas, que levantaram a hip\u00f3tese de que o agravamento poderia advir da combina\u00e7\u00e3o entre a epidemia e fatores ambientais evit\u00e1veis. <a href=\"https:\/\/journals.plos.org\/plosntds\/article?id=10.1371\/journal.pntd.0008060\">A pesquisa<\/a> contou com a a\u00e7\u00e3o conjunta do Instituto D&#8217;Or de Pesquisa e Ensino (IDOR), das universidades federais do Rio de Janeiro (UFRJ) e Rural de Pernambuco (UFRPE) e da Funda\u00e7\u00e3o Oswaldo Cruz (Fiocruz).<\/p>\n<p><strong>Mais que uma coincid\u00eancia<\/strong><\/p>\n<p>A Regi\u00e3o Nordeste do Brasil \u00e9 conhecida pelas particularidades de sua zona semi\u00e1rida, o sert\u00e3o e agreste nordestinos, \u00e1reas caracterizadas pelos menores \u00edndices de chuva do pa\u00eds. Acometidas frequentemente por secas prolongadas, a regi\u00e3o encarou uma implac\u00e1vel estiagem de 2012 a 2017: segundo dados do Instituto Nacional de Meteorologia, a pior j\u00e1 registrada. Concomitantemente, o pa\u00eds enfrentava nesse per\u00edodo uma epidemia de zika, que atingiu seu ponto cr\u00edtico nos anos de 2015 e 2016.<\/p>\n<p>Devido ao problema de distribui\u00e7\u00e3o de \u00e1gua pot\u00e1vel no semi\u00e1rido nordestino, principalmente nos per\u00edodos de estiagem, sua popula\u00e7\u00e3o mais pobre recorre muitas vezes ao consumo de \u00e1gua com tratamento inadequado, atrav\u00e9s de caminh\u00f5es-pipa e reservat\u00f3rios pouco higienizados. A \u00e1gua ingerida sob essas condi\u00e7\u00f5es tende a conter microrganismos, que no caso da epidemia de zika podem ter intensificado a a\u00e7\u00e3o do v\u00edrus no Nordeste brasileiro. O estudo analisou dados disponibilizados pelo SisAgua (Sistema de Informa\u00e7\u00e3o de Vigil\u00e2ncia da Qualidade da \u00c1gua para Consumo Humano), constatando que, entre 2014 e 2018, cerca de um ter\u00e7o da \u00e1gua consumida na regi\u00e3o apresentava mais de 20 mil cianobact\u00e9rias por mililitro. O estudo revelou ainda que metade dos reservat\u00f3rios de \u00e1gua do Nordeste possu\u00eda alta incid\u00eancia de saxitoxina, subst\u00e2ncia produzida pelas cianobact\u00e9rias e potencialmente danosa ao sistema nervoso de humanos e animais. Nas outras regi\u00f5es do Brasil, essa mesma incid\u00eancia foi bem menos expressiva, n\u00e3o chegando a 5% em alguns estados e atingindo um m\u00e1ximo de 25%, na regi\u00e3o Sudeste.<\/p>\n<p>Considerando essas informa\u00e7\u00f5es, os cientistas testaram os efeitos da saxitoxina quando combinada ao v\u00edrus da zika. Os experimentos foram feitos em camundongos e em organoides cerebrais humanos, que s\u00e3o desenvolvidos em laborat\u00f3rio a partir de c\u00e9lulas de doadores volunt\u00e1rios. Em ambos os casos, foi observado que a combina\u00e7\u00e3o entre a toxina e o v\u00edrus resultava no agravamento da neurotoxicidade do zika, triplicando a mortalidade celular e causando altera\u00e7\u00f5es similares \u00e0 microcefalia nos filhotes de camundongos, cujas m\u00e3es foram infectadas durante a gesta\u00e7\u00e3o enquanto consumiam \u00e1gua com saxitoxina. Esses resultados confirmam que a toxina exacerba a morte celular ocasionada pelo zika, tanto em organoides cerebrais humanos como nos animais, o que ajudaria a explicar a maior incid\u00eancia de malforma\u00e7\u00f5es cerebrais no Nordeste quando comparada aos dados do Centro-Oeste, regi\u00e3o com a maior ocorr\u00eancia de infec\u00e7\u00f5es, e com o Sudeste, que possuiu um n\u00famero similar de casos de zika mas notavelmente menores registros de microcefalia.<\/p>\n<p>O neurocientista Stevens Rehen, pesquisador do IDOR e da UFRJ e autor correspondente do trabalho, defende que este estudo alerta para um problema de sa\u00fade p\u00fablica na regi\u00e3o Nordeste. Rehen &#8212; que tamb\u00e9m participou do esfor\u00e7o multi-institucional que correlacionou, pela primeira vez, o v\u00edrus da zika com a ocorr\u00eancia de microcefalia &#8212; lembra que, para al\u00e9m dos agravantes das arboviroses (viroses transmitidas por insetos como o mosquito), a baixa qualidade da \u00e1gua consumida na regi\u00e3o \u00e9 um fator extremamente danoso para a popula\u00e7\u00e3o local, acarretando problemas de sa\u00fade e maior vulnerabilidade a v\u00e1rias doen\u00e7as.<\/p>\n<p>Escrito por Maria Eduarda Ledo de Abreu.<br \/>\n<em>Quer receber as not\u00edcias do IDOR pelo WhatsApp?\u00a0<a href=\"https:\/\/nam02.safelinks.protection.outlook.com\/?url=http%3A%2F%2Fe.allin.idor.org%2Fbendar%2F%3Fatmca%3D8511894%26atmme%3D106%26atmte%3D1%26atmso%3Dck%26utm_content%3D254936972%26atmem%3DdGFjaWFuYS5zaGltaXp1QGlkb3Iub3Jn%26&amp;data=02%7C01%7Cluiza.ugarte%40idor.org%7Ccfdc2bea7aeb40d568ae08d8074e0cac%7C03a1fb2383f24fbf81f9e40d15b58719%7C0%7C0%7C637267379083800673&amp;sdata=BOz%2BJmQ0YX8eZNyUUVK%2ByAiPcMl5LHAsBuAtnNJOldM%3D&amp;reserved=0\">Clique aqui<\/a>, salve o nosso n\u00famero e mande uma mensagem com seu nome completo. Para cancelar, basta solicitar!<\/em><\/p>\n","protected":false},"excerpt":{"rendered":"<p>Estudo liderado pelo IDOR e UFRJ correlaciona qualidade da \u00e1gua consumida com a severidade das malforma\u00e7\u00f5es ocasionadas pelo v\u00edrus da zika. Nos anos de 2015 e 2016, o Brasil sofreu com o surto epid\u00eamico do v\u00edrus da zika em todo pa\u00eds. Apesar da concentra\u00e7\u00e3o de casos no Centro-Oeste, foi no Nordeste que houve a maior [&hellip;]<\/p>\n","protected":false},"author":0,"featured_media":7203,"comment_status":"open","ping_status":"open","sticky":false,"template":"","format":"standard","meta":{"_acf_changed":false,"footnotes":""},"categories":[191],"tags":[],"class_list":["post-7202","post","type-post","status-publish","format-standard","has-post-thumbnail","hentry","category-novidades"],"acf":[],"yoast_head":"<!-- This site is optimized with the Yoast SEO plugin v27.3 - https:\/\/yoast.com\/product\/yoast-seo-wordpress\/ -->\n<title>Algo na \u00e1gua - IDOR - Instituto D&#039;Or de Pesquisa e Ensino<\/title>\n<link rel=\"canonical\" href=\"https:\/\/www.rededorsaoluiz.com.br\/instituto\/idor\/algo-na-agua\/\" \/>\n<meta property=\"og:locale\" content=\"pt_BR\" \/>\n<meta property=\"og:type\" content=\"article\" \/>\n<meta property=\"og:title\" content=\"Algo na \u00e1gua - IDOR - Instituto D&#039;Or de Pesquisa e Ensino\" \/>\n<meta property=\"og:description\" content=\"Estudo liderado pelo IDOR e UFRJ correlaciona qualidade da \u00e1gua consumida com a severidade das malforma\u00e7\u00f5es ocasionadas pelo v\u00edrus da zika. Nos anos de 2015 e 2016, o Brasil sofreu com o surto epid\u00eamico do v\u00edrus da zika em todo pa\u00eds. Apesar da concentra\u00e7\u00e3o de casos no Centro-Oeste, foi no Nordeste que houve a maior [&hellip;]\" \/>\n<meta property=\"og:url\" content=\"https:\/\/www.rededorsaoluiz.com.br\/instituto\/idor\/algo-na-agua\/\" \/>\n<meta property=\"og:site_name\" content=\"IDOR - Instituto D&#039;Or de Pesquisa e Ensino\" \/>\n<meta property=\"article:published_time\" content=\"2020-03-13T18:40:14+00:00\" \/>\n<meta property=\"og:image\" content=\"https:\/\/www.rededorsaoluiz.com.br\/instituto\/idor\/wp-content\/uploads\/2020\/03\/Figura-1-1.jpg\" \/>\n\t<meta property=\"og:image:width\" content=\"2048\" \/>\n\t<meta property=\"og:image:height\" content=\"2088\" \/>\n\t<meta property=\"og:image:type\" content=\"image\/jpeg\" \/>\n<meta name=\"twitter:card\" content=\"summary_large_image\" \/>\n<meta name=\"twitter:label1\" content=\"Est. tempo de leitura\" \/>\n\t<meta name=\"twitter:data1\" content=\"4 minutos\" \/>\n<script type=\"application\/ld+json\" class=\"yoast-schema-graph\">{\"@context\":\"https:\\\/\\\/schema.org\",\"@graph\":[{\"@type\":\"Article\",\"@id\":\"https:\\\/\\\/www.rededorsaoluiz.com.br\\\/instituto\\\/idor\\\/algo-na-agua\\\/#article\",\"isPartOf\":{\"@id\":\"https:\\\/\\\/www.rededorsaoluiz.com.br\\\/instituto\\\/idor\\\/algo-na-agua\\\/\"},\"author\":{\"name\":\"\",\"@id\":\"\"},\"headline\":\"Algo na \u00e1gua\",\"datePublished\":\"2020-03-13T18:40:14+00:00\",\"mainEntityOfPage\":{\"@id\":\"https:\\\/\\\/www.rededorsaoluiz.com.br\\\/instituto\\\/idor\\\/algo-na-agua\\\/\"},\"wordCount\":726,\"commentCount\":0,\"image\":{\"@id\":\"https:\\\/\\\/www.rededorsaoluiz.com.br\\\/instituto\\\/idor\\\/algo-na-agua\\\/#primaryimage\"},\"thumbnailUrl\":\"https:\\\/\\\/www.rededorsaoluiz.com.br\\\/instituto\\\/idor\\\/wp-content\\\/uploads\\\/2020\\\/03\\\/Figura-1-1.jpg\",\"articleSection\":[\"Novidades\"],\"inLanguage\":\"pt-BR\",\"potentialAction\":[{\"@type\":\"CommentAction\",\"name\":\"Comment\",\"target\":[\"https:\\\/\\\/www.rededorsaoluiz.com.br\\\/instituto\\\/idor\\\/algo-na-agua\\\/#respond\"]}]},{\"@type\":\"WebPage\",\"@id\":\"https:\\\/\\\/www.rededorsaoluiz.com.br\\\/instituto\\\/idor\\\/algo-na-agua\\\/\",\"url\":\"https:\\\/\\\/www.rededorsaoluiz.com.br\\\/instituto\\\/idor\\\/algo-na-agua\\\/\",\"name\":\"Algo na \u00e1gua - IDOR - Instituto D&#039;Or de Pesquisa e Ensino\",\"isPartOf\":{\"@id\":\"https:\\\/\\\/www.rededorsaoluiz.com.br\\\/instituto\\\/idor\\\/#website\"},\"primaryImageOfPage\":{\"@id\":\"https:\\\/\\\/www.rededorsaoluiz.com.br\\\/instituto\\\/idor\\\/algo-na-agua\\\/#primaryimage\"},\"image\":{\"@id\":\"https:\\\/\\\/www.rededorsaoluiz.com.br\\\/instituto\\\/idor\\\/algo-na-agua\\\/#primaryimage\"},\"thumbnailUrl\":\"https:\\\/\\\/www.rededorsaoluiz.com.br\\\/instituto\\\/idor\\\/wp-content\\\/uploads\\\/2020\\\/03\\\/Figura-1-1.jpg\",\"datePublished\":\"2020-03-13T18:40:14+00:00\",\"author\":{\"@id\":\"\"},\"breadcrumb\":{\"@id\":\"https:\\\/\\\/www.rededorsaoluiz.com.br\\\/instituto\\\/idor\\\/algo-na-agua\\\/#breadcrumb\"},\"inLanguage\":\"pt-BR\",\"potentialAction\":[{\"@type\":\"ReadAction\",\"target\":[\"https:\\\/\\\/www.rededorsaoluiz.com.br\\\/instituto\\\/idor\\\/algo-na-agua\\\/\"]}]},{\"@type\":\"ImageObject\",\"inLanguage\":\"pt-BR\",\"@id\":\"https:\\\/\\\/www.rededorsaoluiz.com.br\\\/instituto\\\/idor\\\/algo-na-agua\\\/#primaryimage\",\"url\":\"https:\\\/\\\/www.rededorsaoluiz.com.br\\\/instituto\\\/idor\\\/wp-content\\\/uploads\\\/2020\\\/03\\\/Figura-1-1.jpg\",\"contentUrl\":\"https:\\\/\\\/www.rededorsaoluiz.com.br\\\/instituto\\\/idor\\\/wp-content\\\/uploads\\\/2020\\\/03\\\/Figura-1-1.jpg\",\"width\":2048,\"height\":2088},{\"@type\":\"BreadcrumbList\",\"@id\":\"https:\\\/\\\/www.rededorsaoluiz.com.br\\\/instituto\\\/idor\\\/algo-na-agua\\\/#breadcrumb\",\"itemListElement\":[{\"@type\":\"ListItem\",\"position\":1,\"name\":\"In\u00edcio\",\"item\":\"https:\\\/\\\/www.rededorsaoluiz.com.br\\\/instituto\\\/idor\\\/\"},{\"@type\":\"ListItem\",\"position\":2,\"name\":\"Algo na \u00e1gua\"}]},{\"@type\":\"WebSite\",\"@id\":\"https:\\\/\\\/www.rededorsaoluiz.com.br\\\/instituto\\\/idor\\\/#website\",\"url\":\"https:\\\/\\\/www.rededorsaoluiz.com.br\\\/instituto\\\/idor\\\/\",\"name\":\"IDOR - Instituto D&#039;Or de Pesquisa e Ensino\",\"description\":\"\",\"potentialAction\":[{\"@type\":\"SearchAction\",\"target\":{\"@type\":\"EntryPoint\",\"urlTemplate\":\"https:\\\/\\\/www.rededorsaoluiz.com.br\\\/instituto\\\/idor\\\/?s={search_term_string}\"},\"query-input\":{\"@type\":\"PropertyValueSpecification\",\"valueRequired\":true,\"valueName\":\"search_term_string\"}}],\"inLanguage\":\"pt-BR\"}]}<\/script>\n<!-- \/ Yoast SEO plugin. -->","yoast_head_json":{"title":"Algo na \u00e1gua - IDOR - Instituto D&#039;Or de Pesquisa e Ensino","canonical":"https:\/\/www.rededorsaoluiz.com.br\/instituto\/idor\/algo-na-agua\/","og_locale":"pt_BR","og_type":"article","og_title":"Algo na \u00e1gua - IDOR - Instituto D&#039;Or de Pesquisa e Ensino","og_description":"Estudo liderado pelo IDOR e UFRJ correlaciona qualidade da \u00e1gua consumida com a severidade das malforma\u00e7\u00f5es ocasionadas pelo v\u00edrus da zika. Nos anos de 2015 e 2016, o Brasil sofreu com o surto epid\u00eamico do v\u00edrus da zika em todo pa\u00eds. Apesar da concentra\u00e7\u00e3o de casos no Centro-Oeste, foi no Nordeste que houve a maior [&hellip;]","og_url":"https:\/\/www.rededorsaoluiz.com.br\/instituto\/idor\/algo-na-agua\/","og_site_name":"IDOR - Instituto D&#039;Or de Pesquisa e Ensino","article_published_time":"2020-03-13T18:40:14+00:00","og_image":[{"width":2048,"height":2088,"url":"https:\/\/www.rededorsaoluiz.com.br\/instituto\/idor\/wp-content\/uploads\/2020\/03\/Figura-1-1.jpg","type":"image\/jpeg"}],"twitter_card":"summary_large_image","twitter_misc":{"Est. tempo de leitura":"4 minutos"},"schema":{"@context":"https:\/\/schema.org","@graph":[{"@type":"Article","@id":"https:\/\/www.rededorsaoluiz.com.br\/instituto\/idor\/algo-na-agua\/#article","isPartOf":{"@id":"https:\/\/www.rededorsaoluiz.com.br\/instituto\/idor\/algo-na-agua\/"},"author":{"name":"","@id":""},"headline":"Algo na \u00e1gua","datePublished":"2020-03-13T18:40:14+00:00","mainEntityOfPage":{"@id":"https:\/\/www.rededorsaoluiz.com.br\/instituto\/idor\/algo-na-agua\/"},"wordCount":726,"commentCount":0,"image":{"@id":"https:\/\/www.rededorsaoluiz.com.br\/instituto\/idor\/algo-na-agua\/#primaryimage"},"thumbnailUrl":"https:\/\/www.rededorsaoluiz.com.br\/instituto\/idor\/wp-content\/uploads\/2020\/03\/Figura-1-1.jpg","articleSection":["Novidades"],"inLanguage":"pt-BR","potentialAction":[{"@type":"CommentAction","name":"Comment","target":["https:\/\/www.rededorsaoluiz.com.br\/instituto\/idor\/algo-na-agua\/#respond"]}]},{"@type":"WebPage","@id":"https:\/\/www.rededorsaoluiz.com.br\/instituto\/idor\/algo-na-agua\/","url":"https:\/\/www.rededorsaoluiz.com.br\/instituto\/idor\/algo-na-agua\/","name":"Algo na \u00e1gua - IDOR - Instituto D&#039;Or de Pesquisa e Ensino","isPartOf":{"@id":"https:\/\/www.rededorsaoluiz.com.br\/instituto\/idor\/#website"},"primaryImageOfPage":{"@id":"https:\/\/www.rededorsaoluiz.com.br\/instituto\/idor\/algo-na-agua\/#primaryimage"},"image":{"@id":"https:\/\/www.rededorsaoluiz.com.br\/instituto\/idor\/algo-na-agua\/#primaryimage"},"thumbnailUrl":"https:\/\/www.rededorsaoluiz.com.br\/instituto\/idor\/wp-content\/uploads\/2020\/03\/Figura-1-1.jpg","datePublished":"2020-03-13T18:40:14+00:00","author":{"@id":""},"breadcrumb":{"@id":"https:\/\/www.rededorsaoluiz.com.br\/instituto\/idor\/algo-na-agua\/#breadcrumb"},"inLanguage":"pt-BR","potentialAction":[{"@type":"ReadAction","target":["https:\/\/www.rededorsaoluiz.com.br\/instituto\/idor\/algo-na-agua\/"]}]},{"@type":"ImageObject","inLanguage":"pt-BR","@id":"https:\/\/www.rededorsaoluiz.com.br\/instituto\/idor\/algo-na-agua\/#primaryimage","url":"https:\/\/www.rededorsaoluiz.com.br\/instituto\/idor\/wp-content\/uploads\/2020\/03\/Figura-1-1.jpg","contentUrl":"https:\/\/www.rededorsaoluiz.com.br\/instituto\/idor\/wp-content\/uploads\/2020\/03\/Figura-1-1.jpg","width":2048,"height":2088},{"@type":"BreadcrumbList","@id":"https:\/\/www.rededorsaoluiz.com.br\/instituto\/idor\/algo-na-agua\/#breadcrumb","itemListElement":[{"@type":"ListItem","position":1,"name":"In\u00edcio","item":"https:\/\/www.rededorsaoluiz.com.br\/instituto\/idor\/"},{"@type":"ListItem","position":2,"name":"Algo na \u00e1gua"}]},{"@type":"WebSite","@id":"https:\/\/www.rededorsaoluiz.com.br\/instituto\/idor\/#website","url":"https:\/\/www.rededorsaoluiz.com.br\/instituto\/idor\/","name":"IDOR - Instituto D&#039;Or de Pesquisa e Ensino","description":"","potentialAction":[{"@type":"SearchAction","target":{"@type":"EntryPoint","urlTemplate":"https:\/\/www.rededorsaoluiz.com.br\/instituto\/idor\/?s={search_term_string}"},"query-input":{"@type":"PropertyValueSpecification","valueRequired":true,"valueName":"search_term_string"}}],"inLanguage":"pt-BR"}]}},"_links":{"self":[{"href":"https:\/\/www.rededorsaoluiz.com.br\/instituto\/idor\/wp-json\/wp\/v2\/posts\/7202","targetHints":{"allow":["GET"]}}],"collection":[{"href":"https:\/\/www.rededorsaoluiz.com.br\/instituto\/idor\/wp-json\/wp\/v2\/posts"}],"about":[{"href":"https:\/\/www.rededorsaoluiz.com.br\/instituto\/idor\/wp-json\/wp\/v2\/types\/post"}],"replies":[{"embeddable":true,"href":"https:\/\/www.rededorsaoluiz.com.br\/instituto\/idor\/wp-json\/wp\/v2\/comments?post=7202"}],"version-history":[{"count":0,"href":"https:\/\/www.rededorsaoluiz.com.br\/instituto\/idor\/wp-json\/wp\/v2\/posts\/7202\/revisions"}],"wp:featuredmedia":[{"embeddable":true,"href":"https:\/\/www.rededorsaoluiz.com.br\/instituto\/idor\/wp-json\/wp\/v2\/media\/7203"}],"wp:attachment":[{"href":"https:\/\/www.rededorsaoluiz.com.br\/instituto\/idor\/wp-json\/wp\/v2\/media?parent=7202"}],"wp:term":[{"taxonomy":"category","embeddable":true,"href":"https:\/\/www.rededorsaoluiz.com.br\/instituto\/idor\/wp-json\/wp\/v2\/categories?post=7202"},{"taxonomy":"post_tag","embeddable":true,"href":"https:\/\/www.rededorsaoluiz.com.br\/instituto\/idor\/wp-json\/wp\/v2\/tags?post=7202"}],"curies":[{"name":"wp","href":"https:\/\/api.w.org\/{rel}","templated":true}]}}