{"id":7211,"date":"2020-03-05T22:49:49","date_gmt":"2020-03-06T01:49:49","guid":{"rendered":"https:\/\/ptbr.idor.org\/residencia-medica-idor-e-rdsl-grandes-conquistas-e-novos-comecos\/"},"modified":"2020-03-05T22:49:49","modified_gmt":"2020-03-06T01:49:49","slug":"residencia-medica-idor-e-rdsl-grandes-conquistas-e-novos-comecos","status":"publish","type":"post","link":"https:\/\/www.rededorsaoluiz.com.br\/instituto\/idor\/residencia-medica-idor-e-rdsl-grandes-conquistas-e-novos-comecos\/","title":{"rendered":"Resid\u00eancia M\u00e9dica IDOR e RDSL: Grandes conquistas e novos come\u00e7os"},"content":{"rendered":"<p><i><i><br \/>\n<\/i><\/i><\/p>\n<p> Novos Residentes e preceptores ao final da Aula Inaugural.<\/p>\n<p><i><br \/>\nCom formandos e novos residentes, o Programa de Resid\u00eancia M\u00e9dica do IDOR renova seu ciclo de atividades.<\/i><\/p>\n<p>Nesta segunda-feira, dia 02 de mar\u00e7o, o Instituto D\u2019Or de Pesquisa e Ensino (IDOR) recebeu para a Aula Inaugural os novos m\u00e9dicos\u00a0aprovados nos\u00a0seus Programas de Resid\u00eancia\u00a0M\u00e9dica. Oferecendo mais de 10 especialidades para forma\u00e7\u00e3o, os\u00a0programas\u00a0oferecem aos residentes imers\u00e3o pr\u00e1tica nos hospitais da Rede D&#8217;Or S\u00e3o Luiz\u00a0sob a supervis\u00e3o de especialistas, al\u00e9m de desenvolvimento cient\u00edfico, partindo da expertise do IDOR em pesquisa e ensino.<\/p>\n<p>Aberta pela coordenadora\u00a0da COREME dos\u00a0programas de resid\u00eancia m\u00e9dica,\u00a0Dra.\u00a0Alessandra\u00a0Thompson, a Aula Inaugural serviu como um evento de boa-vindas e principalmente de apresenta\u00e7\u00e3o \u00e0s diversas oportunidades oferecidas pelo Programa de Resid\u00eancia M\u00e9dica IDOR. Para demonstrar aos novos residentes a abrangente atua\u00e7\u00e3o do IDOR, a presidente da institui\u00e7\u00e3o, Dra. Fernanda Tovar-Moll, fez uma apresenta\u00e7\u00e3o que contemplava desde o pioneirismo em pesquisa do instituto at\u00e9 a variedade de cursos espec\u00edficos e translacionais oferecidos na \u00e1rea de sa\u00fade. \u201cO IDOR mant\u00e9m suas \u00e1reas de Ensino e Pesquisa em forte sincronia e permeadas o tempo inteiro pela Inova\u00e7\u00e3o\u201d, afirmou. Ela apresentou tamb\u00e9m a gama de eventos realizados frequentemente pela institui\u00e7\u00e3o e as iniciativas de inova\u00e7\u00e3o no Open D\u2019Or, Hub do instituto que trabalha com inova\u00e7\u00e3o hospitalar.<\/p>\n<p> Dra. Fernanda Tovar-Moll falou sobre abrang\u00eancia das atividades do IDOR em Pesquisa, Ensino e Inova\u00e7\u00e3o.<\/p>\n<p>Ap\u00f3s a presidente, Dr. Ant\u00f4nio Carlos Moraes seguiu ressaltando a import\u00e2ncia do investimento na abrang\u00eancia do conhecimento, neste caso, endere\u00e7ando esse intuito para a forma\u00e7\u00e3o profissional dos novos residentes. Segundo o m\u00e9dico, estar aberto a conhecimentos de outras \u00e1reas torna os profissionais mais criativos e capazes de solucionar problemas, e o Programa oferece todo o apoio para esse desenvolvimento, tanto na pr\u00e1tica hospitalar, como cientificamente. Ap\u00f3s Moraes, o Dr William Vianna, ainda falou aos novos residentes pr\u00e1ticas essenciais do fazer m\u00e9dico, como o profissionalismo, conduta e a \u00e9tica m\u00e9dica.<\/p>\n<p>As \u00faltimas apresenta\u00e7\u00f5es ficaram a cargo da Dra. Anna Butter, gerente de qualidade do Hospital Barra D\u2019Or, e da Dra. Celeste Elia, coordenadora do Programa de Doutorado do IDOR. Enquanto Dra. Anna Butter detalhou objetivos do ensino pr\u00e1tico da Resid\u00eancia nos hospitais da RDSL, como a gest\u00e3o hospitalar e o cuidado com a qualidade e seguran\u00e7a do paciente, Dra. Elia divulgou a import\u00e2ncia do desenvolvimento de pesquisas, atividade na qual o instituto se destaca internacionalmente, e que \u00e9 um diferencial para os profissionais que fazem resid\u00eancia pelo IDOR.<\/p>\n<p>Ao fim do evento, aos novos residentes foram apresentados os preceptores das especialidades, em um encerramento que, na realidade, \u00e9 um novo come\u00e7o e uma etapa crucial na forma\u00e7\u00e3o de m\u00e9dicos diferenciados para o mercado. Esse resultado, ainda futuro para os novos residentes, foi comprovado na formatura de seus veteranos, em um evento que aconteceu uma semana antes da Aula Inaugural.<\/p>\n<p><strong>III Formatura de Residentes IDOR\/RDSL\u00a0<\/strong><\/p>\n<p>No dia 20 de fevereiro, o IDOR realizou a terceira formatura de seu Programa de Resid\u00eancia M\u00e9dica, contando tamb\u00e9m com a presen\u00e7a dos formandos do Programa de Especializa\u00e7\u00e3o em Medicina Intensiva. Os ex-residentes que se formaram no evento contemplaram os diplomas das \u00e1reas de Cardiologia, Cl\u00ednica M\u00e9dica, Hematologia e Hemoterapia, Pediatria, Medicina Intensiva, Oncologia e Radiologia, sete dos 15 programas de resid\u00eancia m\u00e9dica atualmente oferecidos pelo IDOR.<\/p>\n<p> Ex-residentes e preceptores comemoram a entrega de diplomas.<\/p>\n<p>Rec\u00e9m-formados e preparados para seguir suas escolhas profissionais, alguns do ex-residentes deram seus depoimentos para aqueles que acabam de entrar nos PRM do IDOR.<br \/>\nConfira abaixo:<\/p>\n<p>&nbsp;<\/p>\n<p>\u201cO maior diferencial do programa, para mim, foi o<i>\u00a0staff<\/i>. Os preceptores da resid\u00eancia s\u00e3o excelentes profissionais e muito prestativos com os residentes. O programa tamb\u00e9m tem um sistema de rod\u00edzio muito enriquecedor, que nos apresenta a outras especialidades e \u00e0 rotina de outros hospitais \u201d<br \/>\n<strong><i>Carolina Ara\u00fajo Janu\u00e1rio da Silva.<\/i><\/strong><\/p>\n<p>\u201c Escolhi fazer resid\u00eancia da RDSL principalmente pela estrutura. Na minha forma\u00e7\u00e3o anterior tive \u00f3timos professores, mas realmente senti falta de trabalhar bem equipado e com o que h\u00e1 de mais moderno na medicina. Fora o suporte tecnol\u00f3gico, considero que o envolvimento cient\u00edfico tamb\u00e9m foi um diferencial para mim, e, claro, \u00e9 muito gratificante trabalhar em hospitais que tanto o diagn\u00f3stico quanto a terap\u00eautica de pacientes s\u00e3o desenvolvidos com fluidez \u201d<br \/>\n<strong><i>Lucas Branco Leal.<\/i><\/strong><br \/>\n<b><i>\u00a0<\/i><\/b><br \/>\n<i>\u201cEu j\u00e1 tinha me formado na Resid\u00eancia de Cl\u00ednica M\u00e9dica pelo IDOR, escolhi fazer uma segunda resid\u00eancia em Terapia Intensiva porque j\u00e1 conhecia a qualidade do corpo cl\u00ednico e dos servi\u00e7os prestados nos hospitais da RDSL. A estrutura hospitalar \u00e9 de alta complexidade e o programa permite que voc\u00ea tenha autonomia para atuar com seguran\u00e7a, porque toda a\u00e7\u00e3o \u00e9 supervisionada por profissionais experientes. O programa de resid\u00eancia trouxe, al\u00e9m do valor te\u00f3rico, muito valor pr\u00e1tico para a minha forma\u00e7\u00e3o\u201d<\/i><b><i><br \/>\nRafael Albuquerque.<\/i><\/b><\/p>\n<p>Voc\u00ea pode conferir todas (as especialidades do) os Programas de Resid\u00eancia M\u00e9dica do IDOR\/RDSL<a title=\"URL original: https:\/\/www.rededorsaoluiz.com.br\/instituto\/idor\/ensino\/residencia-medica. Clique ou toque se voc\u00ea confiar neste link.\" href=\"https:\/\/nam02.safelinks.protection.outlook.com\/?url=https%3A%2F%2Fwww.rededorsaoluiz.com.br%2Finstituto%2Fidor%2Fensino%2Fresidencia-medica&amp;data=02%7C01%7Cmaria.abreu%40idor.org%7C6f4ae227ec5d476230a908d7c0ffb4c8%7C03a1fb2383f24fbf81f9e40d15b58719%7C0%7C0%7C637190076789985671&amp;sdata=qFQFKpwHfArcVr6ra220aM5EAGpb01XbsgMrVELz5n4%3D&amp;reserved=0\" target=\"_blank\" rel=\"noopener noreferrer\" data-auth=\"NotApplicable\">\u00a0clicando aqui<\/a>. O processo seletivo ocorre anualmente, no segundo semestre, com vagas para as capitais do Rio de Janeiro e de S\u00e3o Paulo.<\/p>\n<p>Escrito por Maria Eduarda Ledo de Abreu.<\/p>\n","protected":false},"excerpt":{"rendered":"<p>Novos Residentes e preceptores ao final da Aula Inaugural. Com formandos e novos residentes, o Programa de Resid\u00eancia M\u00e9dica do IDOR renova seu ciclo de atividades. Nesta segunda-feira, dia 02 de mar\u00e7o, o Instituto D\u2019Or de Pesquisa e Ensino (IDOR) recebeu para a Aula Inaugural os novos m\u00e9dicos\u00a0aprovados nos\u00a0seus Programas de Resid\u00eancia\u00a0M\u00e9dica. Oferecendo mais de [&hellip;]<\/p>\n","protected":false},"author":0,"featured_media":7212,"comment_status":"open","ping_status":"open","sticky":false,"template":"","format":"standard","meta":{"_acf_changed":false,"footnotes":""},"categories":[5,191],"tags":[],"class_list":["post-7211","post","type-post","status-publish","format-standard","has-post-thumbnail","hentry","category-ensino","category-novidades"],"acf":[],"yoast_head":"<!-- This site is optimized with the Yoast SEO plugin v27.3 - https:\/\/yoast.com\/product\/yoast-seo-wordpress\/ -->\n<title>Resid\u00eancia M\u00e9dica IDOR e RDSL: Grandes conquistas e novos come\u00e7os - IDOR - Instituto D&#039;Or de Pesquisa e Ensino<\/title>\n<link rel=\"canonical\" href=\"https:\/\/ptbr.idor.org\/residencia-medica-idor-e-rdsl-grandes-conquistas-e-novos-comecos\/\" \/>\n<meta property=\"og:locale\" content=\"pt_BR\" \/>\n<meta property=\"og:type\" content=\"article\" \/>\n<meta property=\"og:title\" content=\"Resid\u00eancia M\u00e9dica IDOR e RDSL: Grandes conquistas e novos come\u00e7os - IDOR - Instituto D&#039;Or de Pesquisa e Ensino\" \/>\n<meta property=\"og:description\" content=\"Novos Residentes e preceptores ao final da Aula Inaugural. Com formandos e novos residentes, o Programa de Resid\u00eancia M\u00e9dica do IDOR renova seu ciclo de atividades. Nesta segunda-feira, dia 02 de mar\u00e7o, o Instituto D\u2019Or de Pesquisa e Ensino (IDOR) recebeu para a Aula Inaugural os novos m\u00e9dicos\u00a0aprovados nos\u00a0seus Programas de Resid\u00eancia\u00a0M\u00e9dica. Oferecendo mais de [&hellip;]\" \/>\n<meta property=\"og:url\" content=\"https:\/\/ptbr.idor.org\/residencia-medica-idor-e-rdsl-grandes-conquistas-e-novos-comecos\/\" \/>\n<meta property=\"og:site_name\" content=\"IDOR - Instituto D&#039;Or de Pesquisa e Ensino\" \/>\n<meta property=\"article:published_time\" content=\"2020-03-06T01:49:49+00:00\" \/>\n<meta property=\"og:image\" content=\"https:\/\/ptbr.idor.org\/wp-content\/uploads\/2020\/03\/IMG_2070-scaled-1.jpg\" \/>\n\t<meta property=\"og:image:width\" content=\"2560\" \/>\n\t<meta property=\"og:image:height\" content=\"1707\" \/>\n\t<meta property=\"og:image:type\" content=\"image\/jpeg\" \/>\n<meta name=\"twitter:card\" content=\"summary_large_image\" \/>\n<meta name=\"twitter:label1\" content=\"Est. tempo de leitura\" \/>\n\t<meta name=\"twitter:data1\" content=\"5 minutos\" \/>\n<script type=\"application\/ld+json\" class=\"yoast-schema-graph\">{\"@context\":\"https:\\\/\\\/schema.org\",\"@graph\":[{\"@type\":\"Article\",\"@id\":\"https:\\\/\\\/ptbr.idor.org\\\/residencia-medica-idor-e-rdsl-grandes-conquistas-e-novos-comecos\\\/#article\",\"isPartOf\":{\"@id\":\"https:\\\/\\\/ptbr.idor.org\\\/residencia-medica-idor-e-rdsl-grandes-conquistas-e-novos-comecos\\\/\"},\"author\":{\"name\":\"\",\"@id\":\"\"},\"headline\":\"Resid\u00eancia M\u00e9dica IDOR e RDSL: Grandes conquistas e novos come\u00e7os\",\"datePublished\":\"2020-03-06T01:49:49+00:00\",\"mainEntityOfPage\":{\"@id\":\"https:\\\/\\\/ptbr.idor.org\\\/residencia-medica-idor-e-rdsl-grandes-conquistas-e-novos-comecos\\\/\"},\"wordCount\":928,\"commentCount\":0,\"image\":{\"@id\":\"https:\\\/\\\/ptbr.idor.org\\\/residencia-medica-idor-e-rdsl-grandes-conquistas-e-novos-comecos\\\/#primaryimage\"},\"thumbnailUrl\":\"https:\\\/\\\/www.rededorsaoluiz.com.br\\\/instituto\\\/idor\\\/wp-content\\\/uploads\\\/2020\\\/03\\\/IMG_2070-scaled-1.jpg\",\"articleSection\":[\"Ensino\",\"Novidades\"],\"inLanguage\":\"pt-BR\",\"potentialAction\":[{\"@type\":\"CommentAction\",\"name\":\"Comment\",\"target\":[\"https:\\\/\\\/ptbr.idor.org\\\/residencia-medica-idor-e-rdsl-grandes-conquistas-e-novos-comecos\\\/#respond\"]}]},{\"@type\":\"WebPage\",\"@id\":\"https:\\\/\\\/ptbr.idor.org\\\/residencia-medica-idor-e-rdsl-grandes-conquistas-e-novos-comecos\\\/\",\"url\":\"https:\\\/\\\/ptbr.idor.org\\\/residencia-medica-idor-e-rdsl-grandes-conquistas-e-novos-comecos\\\/\",\"name\":\"Resid\u00eancia M\u00e9dica IDOR e RDSL: Grandes conquistas e novos come\u00e7os - IDOR - Instituto D&#039;Or de Pesquisa e Ensino\",\"isPartOf\":{\"@id\":\"https:\\\/\\\/www.rededorsaoluiz.com.br\\\/instituto\\\/idor\\\/#website\"},\"primaryImageOfPage\":{\"@id\":\"https:\\\/\\\/ptbr.idor.org\\\/residencia-medica-idor-e-rdsl-grandes-conquistas-e-novos-comecos\\\/#primaryimage\"},\"image\":{\"@id\":\"https:\\\/\\\/ptbr.idor.org\\\/residencia-medica-idor-e-rdsl-grandes-conquistas-e-novos-comecos\\\/#primaryimage\"},\"thumbnailUrl\":\"https:\\\/\\\/www.rededorsaoluiz.com.br\\\/instituto\\\/idor\\\/wp-content\\\/uploads\\\/2020\\\/03\\\/IMG_2070-scaled-1.jpg\",\"datePublished\":\"2020-03-06T01:49:49+00:00\",\"author\":{\"@id\":\"\"},\"breadcrumb\":{\"@id\":\"https:\\\/\\\/ptbr.idor.org\\\/residencia-medica-idor-e-rdsl-grandes-conquistas-e-novos-comecos\\\/#breadcrumb\"},\"inLanguage\":\"pt-BR\",\"potentialAction\":[{\"@type\":\"ReadAction\",\"target\":[\"https:\\\/\\\/ptbr.idor.org\\\/residencia-medica-idor-e-rdsl-grandes-conquistas-e-novos-comecos\\\/\"]}]},{\"@type\":\"ImageObject\",\"inLanguage\":\"pt-BR\",\"@id\":\"https:\\\/\\\/ptbr.idor.org\\\/residencia-medica-idor-e-rdsl-grandes-conquistas-e-novos-comecos\\\/#primaryimage\",\"url\":\"https:\\\/\\\/www.rededorsaoluiz.com.br\\\/instituto\\\/idor\\\/wp-content\\\/uploads\\\/2020\\\/03\\\/IMG_2070-scaled-1.jpg\",\"contentUrl\":\"https:\\\/\\\/www.rededorsaoluiz.com.br\\\/instituto\\\/idor\\\/wp-content\\\/uploads\\\/2020\\\/03\\\/IMG_2070-scaled-1.jpg\",\"width\":2560,\"height\":1707},{\"@type\":\"BreadcrumbList\",\"@id\":\"https:\\\/\\\/ptbr.idor.org\\\/residencia-medica-idor-e-rdsl-grandes-conquistas-e-novos-comecos\\\/#breadcrumb\",\"itemListElement\":[{\"@type\":\"ListItem\",\"position\":1,\"name\":\"In\u00edcio\",\"item\":\"https:\\\/\\\/ptbr.idor.org\\\/\"},{\"@type\":\"ListItem\",\"position\":2,\"name\":\"Resid\u00eancia M\u00e9dica IDOR e RDSL: Grandes conquistas e novos come\u00e7os\"}]},{\"@type\":\"WebSite\",\"@id\":\"https:\\\/\\\/www.rededorsaoluiz.com.br\\\/instituto\\\/idor\\\/#website\",\"url\":\"https:\\\/\\\/www.rededorsaoluiz.com.br\\\/instituto\\\/idor\\\/\",\"name\":\"IDOR - Instituto D&#039;Or de Pesquisa e Ensino\",\"description\":\"\",\"potentialAction\":[{\"@type\":\"SearchAction\",\"target\":{\"@type\":\"EntryPoint\",\"urlTemplate\":\"https:\\\/\\\/www.rededorsaoluiz.com.br\\\/instituto\\\/idor\\\/?s={search_term_string}\"},\"query-input\":{\"@type\":\"PropertyValueSpecification\",\"valueRequired\":true,\"valueName\":\"search_term_string\"}}],\"inLanguage\":\"pt-BR\"}]}<\/script>\n<!-- \/ Yoast SEO plugin. -->","yoast_head_json":{"title":"Resid\u00eancia M\u00e9dica IDOR e RDSL: Grandes conquistas e novos come\u00e7os - IDOR - Instituto D&#039;Or de Pesquisa e Ensino","canonical":"https:\/\/ptbr.idor.org\/residencia-medica-idor-e-rdsl-grandes-conquistas-e-novos-comecos\/","og_locale":"pt_BR","og_type":"article","og_title":"Resid\u00eancia M\u00e9dica IDOR e RDSL: Grandes conquistas e novos come\u00e7os - IDOR - Instituto D&#039;Or de Pesquisa e Ensino","og_description":"Novos Residentes e preceptores ao final da Aula Inaugural. Com formandos e novos residentes, o Programa de Resid\u00eancia M\u00e9dica do IDOR renova seu ciclo de atividades. Nesta segunda-feira, dia 02 de mar\u00e7o, o Instituto D\u2019Or de Pesquisa e Ensino (IDOR) recebeu para a Aula Inaugural os novos m\u00e9dicos\u00a0aprovados nos\u00a0seus Programas de Resid\u00eancia\u00a0M\u00e9dica. Oferecendo mais de [&hellip;]","og_url":"https:\/\/ptbr.idor.org\/residencia-medica-idor-e-rdsl-grandes-conquistas-e-novos-comecos\/","og_site_name":"IDOR - Instituto D&#039;Or de Pesquisa e Ensino","article_published_time":"2020-03-06T01:49:49+00:00","og_image":[{"width":2560,"height":1707,"url":"https:\/\/ptbr.idor.org\/wp-content\/uploads\/2020\/03\/IMG_2070-scaled-1.jpg","type":"image\/jpeg"}],"twitter_card":"summary_large_image","twitter_misc":{"Est. tempo de leitura":"5 minutos"},"schema":{"@context":"https:\/\/schema.org","@graph":[{"@type":"Article","@id":"https:\/\/ptbr.idor.org\/residencia-medica-idor-e-rdsl-grandes-conquistas-e-novos-comecos\/#article","isPartOf":{"@id":"https:\/\/ptbr.idor.org\/residencia-medica-idor-e-rdsl-grandes-conquistas-e-novos-comecos\/"},"author":{"name":"","@id":""},"headline":"Resid\u00eancia M\u00e9dica IDOR e RDSL: Grandes conquistas e novos come\u00e7os","datePublished":"2020-03-06T01:49:49+00:00","mainEntityOfPage":{"@id":"https:\/\/ptbr.idor.org\/residencia-medica-idor-e-rdsl-grandes-conquistas-e-novos-comecos\/"},"wordCount":928,"commentCount":0,"image":{"@id":"https:\/\/ptbr.idor.org\/residencia-medica-idor-e-rdsl-grandes-conquistas-e-novos-comecos\/#primaryimage"},"thumbnailUrl":"https:\/\/www.rededorsaoluiz.com.br\/instituto\/idor\/wp-content\/uploads\/2020\/03\/IMG_2070-scaled-1.jpg","articleSection":["Ensino","Novidades"],"inLanguage":"pt-BR","potentialAction":[{"@type":"CommentAction","name":"Comment","target":["https:\/\/ptbr.idor.org\/residencia-medica-idor-e-rdsl-grandes-conquistas-e-novos-comecos\/#respond"]}]},{"@type":"WebPage","@id":"https:\/\/ptbr.idor.org\/residencia-medica-idor-e-rdsl-grandes-conquistas-e-novos-comecos\/","url":"https:\/\/ptbr.idor.org\/residencia-medica-idor-e-rdsl-grandes-conquistas-e-novos-comecos\/","name":"Resid\u00eancia M\u00e9dica IDOR e RDSL: Grandes conquistas e novos come\u00e7os - IDOR - Instituto D&#039;Or de Pesquisa e Ensino","isPartOf":{"@id":"https:\/\/www.rededorsaoluiz.com.br\/instituto\/idor\/#website"},"primaryImageOfPage":{"@id":"https:\/\/ptbr.idor.org\/residencia-medica-idor-e-rdsl-grandes-conquistas-e-novos-comecos\/#primaryimage"},"image":{"@id":"https:\/\/ptbr.idor.org\/residencia-medica-idor-e-rdsl-grandes-conquistas-e-novos-comecos\/#primaryimage"},"thumbnailUrl":"https:\/\/www.rededorsaoluiz.com.br\/instituto\/idor\/wp-content\/uploads\/2020\/03\/IMG_2070-scaled-1.jpg","datePublished":"2020-03-06T01:49:49+00:00","author":{"@id":""},"breadcrumb":{"@id":"https:\/\/ptbr.idor.org\/residencia-medica-idor-e-rdsl-grandes-conquistas-e-novos-comecos\/#breadcrumb"},"inLanguage":"pt-BR","potentialAction":[{"@type":"ReadAction","target":["https:\/\/ptbr.idor.org\/residencia-medica-idor-e-rdsl-grandes-conquistas-e-novos-comecos\/"]}]},{"@type":"ImageObject","inLanguage":"pt-BR","@id":"https:\/\/ptbr.idor.org\/residencia-medica-idor-e-rdsl-grandes-conquistas-e-novos-comecos\/#primaryimage","url":"https:\/\/www.rededorsaoluiz.com.br\/instituto\/idor\/wp-content\/uploads\/2020\/03\/IMG_2070-scaled-1.jpg","contentUrl":"https:\/\/www.rededorsaoluiz.com.br\/instituto\/idor\/wp-content\/uploads\/2020\/03\/IMG_2070-scaled-1.jpg","width":2560,"height":1707},{"@type":"BreadcrumbList","@id":"https:\/\/ptbr.idor.org\/residencia-medica-idor-e-rdsl-grandes-conquistas-e-novos-comecos\/#breadcrumb","itemListElement":[{"@type":"ListItem","position":1,"name":"In\u00edcio","item":"https:\/\/ptbr.idor.org\/"},{"@type":"ListItem","position":2,"name":"Resid\u00eancia M\u00e9dica IDOR e RDSL: Grandes conquistas e novos come\u00e7os"}]},{"@type":"WebSite","@id":"https:\/\/www.rededorsaoluiz.com.br\/instituto\/idor\/#website","url":"https:\/\/www.rededorsaoluiz.com.br\/instituto\/idor\/","name":"IDOR - Instituto D&#039;Or de Pesquisa e Ensino","description":"","potentialAction":[{"@type":"SearchAction","target":{"@type":"EntryPoint","urlTemplate":"https:\/\/www.rededorsaoluiz.com.br\/instituto\/idor\/?s={search_term_string}"},"query-input":{"@type":"PropertyValueSpecification","valueRequired":true,"valueName":"search_term_string"}}],"inLanguage":"pt-BR"}]}},"_links":{"self":[{"href":"https:\/\/www.rededorsaoluiz.com.br\/instituto\/idor\/wp-json\/wp\/v2\/posts\/7211","targetHints":{"allow":["GET"]}}],"collection":[{"href":"https:\/\/www.rededorsaoluiz.com.br\/instituto\/idor\/wp-json\/wp\/v2\/posts"}],"about":[{"href":"https:\/\/www.rededorsaoluiz.com.br\/instituto\/idor\/wp-json\/wp\/v2\/types\/post"}],"replies":[{"embeddable":true,"href":"https:\/\/www.rededorsaoluiz.com.br\/instituto\/idor\/wp-json\/wp\/v2\/comments?post=7211"}],"version-history":[{"count":0,"href":"https:\/\/www.rededorsaoluiz.com.br\/instituto\/idor\/wp-json\/wp\/v2\/posts\/7211\/revisions"}],"wp:featuredmedia":[{"embeddable":true,"href":"https:\/\/www.rededorsaoluiz.com.br\/instituto\/idor\/wp-json\/wp\/v2\/media\/7212"}],"wp:attachment":[{"href":"https:\/\/www.rededorsaoluiz.com.br\/instituto\/idor\/wp-json\/wp\/v2\/media?parent=7211"}],"wp:term":[{"taxonomy":"category","embeddable":true,"href":"https:\/\/www.rededorsaoluiz.com.br\/instituto\/idor\/wp-json\/wp\/v2\/categories?post=7211"},{"taxonomy":"post_tag","embeddable":true,"href":"https:\/\/www.rededorsaoluiz.com.br\/instituto\/idor\/wp-json\/wp\/v2\/tags?post=7211"}],"curies":[{"name":"wp","href":"https:\/\/api.w.org\/{rel}","templated":true}]}}