{"id":7251,"date":"2019-12-06T14:19:45","date_gmt":"2019-12-06T17:19:45","guid":{"rendered":"https:\/\/ptbr.idor.org\/dificuldade-de-narrativa-e-marcadores-biologicos-no-espectro-da-doenca-de-alzheimer\/"},"modified":"2019-12-06T14:19:45","modified_gmt":"2019-12-06T17:19:45","slug":"dificuldade-de-narrativa-e-marcadores-biologicos-no-espectro-da-doenca-de-alzheimer","status":"publish","type":"post","link":"https:\/\/www.rededorsaoluiz.com.br\/instituto\/idor\/dificuldade-de-narrativa-e-marcadores-biologicos-no-espectro-da-doenca-de-alzheimer\/","title":{"rendered":"Dificuldade de narrativa e marcadores biol\u00f3gicos no espectro da Doen\u00e7a de Alzheimer"},"content":{"rendered":"<p><i>Estudo do IDOR investiga as caracter\u00edsticas do discurso narrativo na popula\u00e7\u00e3o com Comprometimento Cognitivo Leve e Doen\u00e7a de Alzheimer<\/i><\/p>\n<p>Pesquisadores do IDOR, em parceria com a UFRJ, publicaram um <a href=\"https:\/\/www.ncbi.nlm.nih.gov\/pmc\/articles\/PMC6834410\/\">recente artigo na revista cient\u00edfica Aging<\/a>, no qual estudaram o discurso narrativo de pessoas com Comprometimento Cognitivo Leve (CCL) e Doen\u00e7a de Alzheimer (DA). A pesquisa verificou a correla\u00e7\u00e3o entre narrativa, biomarcadores de neuroimagem e o l\u00edquido cefalorraquidiano (LCR), subst\u00e2ncia que protege o c\u00e9rebro de impactos, fornece nutrientes e remove res\u00edduos metab\u00f3licos do \u00f3rg\u00e3o. Para entender como as doen\u00e7as afetam os pacientes com decl\u00ednio cognitivo, os portadores da doen\u00e7a foram comparados com um grupo de controle, que s\u00e3o pacientes saud\u00e1veis que n\u00e3o se encaixam no diagn\u00f3stico do espectro da doen\u00e7a de Alzheimer.\u00a0<\/p>\n<p>O discurso narrativo \u00e9 caracterizado pela capacidade de reproduzir verbalmente uma sequ\u00eancia de eventos vinculados de forma l\u00f3gica e temporal. Preju\u00edzos nesta habilidade j\u00e1 s\u00e3o notados no quadro inicial de pacientes com DA, mas tamb\u00e9m podem ocorrer em indiv\u00edduos com CCL. Este \u00faltimo tem como caracter\u00edstica a\u00a0 perda de mem\u00f3ria e\/ou de outras fun\u00e7\u00f5es cognitivas sem preju\u00edzo da funcionalidade, j\u00e1 a DA \u00e9 caracterizada por neurodegenera\u00e7\u00e3o progressiva, como deteriora\u00e7\u00e3o cognitiva &#8211; principalmente da mem\u00f3ria &#8211; entre outras altera\u00e7\u00f5es comportamentais que se agravam ao longo do tempo.<\/p>\n<p>O grupo de pesquisadores escolheu o discurso narrativo por ser uma atividade multifacetada, mas ainda assim, comum ao dia a dia. &#8220;Estudamos o discurso por ser uma atividade lingu\u00edstica complexa e social, presente no cotidiano de todos e nas queixas dos pacientes e familiares. Nossa amostra foi de 84 pacientes, que ouviam uma hist\u00f3ria contada por par\u00e1grafos e depois precisavam recont\u00e1-la&#8221;, informa a primeira autora do estudo, Dra. Cl\u00e1udia Drummond. Durante a participa\u00e7\u00e3o, os grupos (CCL, DA e controle) que ouviram a hist\u00f3ria deveriam narr\u00e1-la primeiro por partes, depois integralmente e, por fim, responder a algumas perguntas de interpreta\u00e7\u00e3o e compreens\u00e3o. Entre os resultados, os cientistas verificaram que altera\u00e7\u00f5es da subst\u00e2ncia branca nas regi\u00f5es frontal, temporal e parietal do c\u00e9rebro se correlacionaram com altera\u00e7\u00f5es da narrativa dos participantes com CCL e DA.<\/p>\n<p>\u00c9 importante ressaltar que as regi\u00f5es de interesse para estudar altera\u00e7\u00f5es da subst\u00e2ncia branca foram as envolvidas na fun\u00e7\u00e3o da linguagem e mem\u00f3ria. Comparados ao grupo controle, o CCL teve desempenho intermedi\u00e1rio e o grupo DA teve desempenho ruim; ademais, mudan\u00e7as na subst\u00e2ncia branca tamb\u00e9m tiveram associa\u00e7\u00e3o com resultados de biomarcadores do LCR, como a prote\u00edna Tau e pept\u00eddeos Beta amiloide. Este estudo foi pioneiro na associa\u00e7\u00e3o de tais altera\u00e7\u00f5es no espectro da doen\u00e7a de Alzheimer.\u00a0<\/p>\n<p>Em conclus\u00e3o, o estudo mostrou que a an\u00e1lise da narrativa pode colaborar para a avalia\u00e7\u00e3o inicial de pacientes com decl\u00ednio cognitivo e identificou uma caracter\u00edstica dimensional entre o envelhecimento saud\u00e1vel e a dem\u00eancia. A pesquisa revela a import\u00e2ncia de estudos que busquem a associa\u00e7\u00e3o da cl\u00ednica com a neuroimagem e biomarcadores, j\u00e1 que a soma desses recursos fortalecem os resultados encontrados.<\/p>\n<p>&nbsp;<\/p>\n<p>Texto: Luiza Ugarte<br \/>\nRevis\u00e3o: Maria Eduarda Ledo de Abreu<\/p>\n","protected":false},"excerpt":{"rendered":"<p>Estudo do IDOR investiga as caracter\u00edsticas do discurso narrativo na popula\u00e7\u00e3o com Comprometimento Cognitivo Leve e Doen\u00e7a de Alzheimer Pesquisadores do IDOR, em parceria com a UFRJ, publicaram um recente artigo na revista cient\u00edfica Aging, no qual estudaram o discurso narrativo de pessoas com Comprometimento Cognitivo Leve (CCL) e Doen\u00e7a de Alzheimer (DA). A pesquisa [&hellip;]<\/p>\n","protected":false},"author":0,"featured_media":7252,"comment_status":"open","ping_status":"open","sticky":false,"template":"","format":"standard","meta":{"_acf_changed":false,"footnotes":""},"categories":[191,190],"tags":[],"class_list":["post-7251","post","type-post","status-publish","format-standard","has-post-thumbnail","hentry","category-novidades","category-pesquisa"],"acf":[],"yoast_head":"<!-- This site is optimized with the Yoast SEO plugin v27.3 - https:\/\/yoast.com\/product\/yoast-seo-wordpress\/ -->\n<title>Dificuldade de narrativa e marcadores biol\u00f3gicos no espectro da Doen\u00e7a de Alzheimer - IDOR - Instituto D&#039;Or de Pesquisa e Ensino<\/title>\n<link rel=\"canonical\" href=\"https:\/\/www.rededorsaoluiz.com.br\/instituto\/idor\/dificuldade-de-narrativa-e-marcadores-biologicos-no-espectro-da-doenca-de-alzheimer\/\" \/>\n<meta property=\"og:locale\" content=\"pt_BR\" \/>\n<meta property=\"og:type\" content=\"article\" \/>\n<meta property=\"og:title\" content=\"Dificuldade de narrativa e marcadores biol\u00f3gicos no espectro da Doen\u00e7a de Alzheimer - IDOR - Instituto D&#039;Or de Pesquisa e Ensino\" \/>\n<meta property=\"og:description\" content=\"Estudo do IDOR investiga as caracter\u00edsticas do discurso narrativo na popula\u00e7\u00e3o com Comprometimento Cognitivo Leve e Doen\u00e7a de Alzheimer Pesquisadores do IDOR, em parceria com a UFRJ, publicaram um recente artigo na revista cient\u00edfica Aging, no qual estudaram o discurso narrativo de pessoas com Comprometimento Cognitivo Leve (CCL) e Doen\u00e7a de Alzheimer (DA). A pesquisa [&hellip;]\" \/>\n<meta property=\"og:url\" content=\"https:\/\/www.rededorsaoluiz.com.br\/instituto\/idor\/dificuldade-de-narrativa-e-marcadores-biologicos-no-espectro-da-doenca-de-alzheimer\/\" \/>\n<meta property=\"og:site_name\" content=\"IDOR - Instituto D&#039;Or de Pesquisa e Ensino\" \/>\n<meta property=\"article:published_time\" content=\"2019-12-06T17:19:45+00:00\" \/>\n<meta property=\"og:image\" content=\"https:\/\/www.rededorsaoluiz.com.br\/instituto\/idor\/wp-content\/uploads\/2019\/12\/memories-1455326-1279x959-1.jpg\" \/>\n\t<meta property=\"og:image:width\" content=\"1272\" \/>\n\t<meta property=\"og:image:height\" content=\"831\" \/>\n\t<meta property=\"og:image:type\" content=\"image\/jpeg\" \/>\n<meta name=\"twitter:card\" content=\"summary_large_image\" \/>\n<meta name=\"twitter:label1\" content=\"Est. tempo de leitura\" \/>\n\t<meta name=\"twitter:data1\" content=\"3 minutos\" \/>\n<script type=\"application\/ld+json\" class=\"yoast-schema-graph\">{\"@context\":\"https:\\\/\\\/schema.org\",\"@graph\":[{\"@type\":\"Article\",\"@id\":\"https:\\\/\\\/www.rededorsaoluiz.com.br\\\/instituto\\\/idor\\\/dificuldade-de-narrativa-e-marcadores-biologicos-no-espectro-da-doenca-de-alzheimer\\\/#article\",\"isPartOf\":{\"@id\":\"https:\\\/\\\/www.rededorsaoluiz.com.br\\\/instituto\\\/idor\\\/dificuldade-de-narrativa-e-marcadores-biologicos-no-espectro-da-doenca-de-alzheimer\\\/\"},\"author\":{\"name\":\"\",\"@id\":\"\"},\"headline\":\"Dificuldade de narrativa e marcadores biol\u00f3gicos no espectro da Doen\u00e7a de Alzheimer\",\"datePublished\":\"2019-12-06T17:19:45+00:00\",\"mainEntityOfPage\":{\"@id\":\"https:\\\/\\\/www.rededorsaoluiz.com.br\\\/instituto\\\/idor\\\/dificuldade-de-narrativa-e-marcadores-biologicos-no-espectro-da-doenca-de-alzheimer\\\/\"},\"wordCount\":572,\"commentCount\":0,\"image\":{\"@id\":\"https:\\\/\\\/www.rededorsaoluiz.com.br\\\/instituto\\\/idor\\\/dificuldade-de-narrativa-e-marcadores-biologicos-no-espectro-da-doenca-de-alzheimer\\\/#primaryimage\"},\"thumbnailUrl\":\"https:\\\/\\\/www.rededorsaoluiz.com.br\\\/instituto\\\/idor\\\/wp-content\\\/uploads\\\/2019\\\/12\\\/memories-1455326-1279x959-1.jpg\",\"articleSection\":[\"Novidades\",\"Pesquisa\"],\"inLanguage\":\"pt-BR\",\"potentialAction\":[{\"@type\":\"CommentAction\",\"name\":\"Comment\",\"target\":[\"https:\\\/\\\/www.rededorsaoluiz.com.br\\\/instituto\\\/idor\\\/dificuldade-de-narrativa-e-marcadores-biologicos-no-espectro-da-doenca-de-alzheimer\\\/#respond\"]}]},{\"@type\":\"WebPage\",\"@id\":\"https:\\\/\\\/www.rededorsaoluiz.com.br\\\/instituto\\\/idor\\\/dificuldade-de-narrativa-e-marcadores-biologicos-no-espectro-da-doenca-de-alzheimer\\\/\",\"url\":\"https:\\\/\\\/www.rededorsaoluiz.com.br\\\/instituto\\\/idor\\\/dificuldade-de-narrativa-e-marcadores-biologicos-no-espectro-da-doenca-de-alzheimer\\\/\",\"name\":\"Dificuldade de narrativa e marcadores biol\u00f3gicos no espectro da Doen\u00e7a de Alzheimer - IDOR - Instituto D&#039;Or de Pesquisa e Ensino\",\"isPartOf\":{\"@id\":\"https:\\\/\\\/www.rededorsaoluiz.com.br\\\/instituto\\\/idor\\\/#website\"},\"primaryImageOfPage\":{\"@id\":\"https:\\\/\\\/www.rededorsaoluiz.com.br\\\/instituto\\\/idor\\\/dificuldade-de-narrativa-e-marcadores-biologicos-no-espectro-da-doenca-de-alzheimer\\\/#primaryimage\"},\"image\":{\"@id\":\"https:\\\/\\\/www.rededorsaoluiz.com.br\\\/instituto\\\/idor\\\/dificuldade-de-narrativa-e-marcadores-biologicos-no-espectro-da-doenca-de-alzheimer\\\/#primaryimage\"},\"thumbnailUrl\":\"https:\\\/\\\/www.rededorsaoluiz.com.br\\\/instituto\\\/idor\\\/wp-content\\\/uploads\\\/2019\\\/12\\\/memories-1455326-1279x959-1.jpg\",\"datePublished\":\"2019-12-06T17:19:45+00:00\",\"author\":{\"@id\":\"\"},\"breadcrumb\":{\"@id\":\"https:\\\/\\\/www.rededorsaoluiz.com.br\\\/instituto\\\/idor\\\/dificuldade-de-narrativa-e-marcadores-biologicos-no-espectro-da-doenca-de-alzheimer\\\/#breadcrumb\"},\"inLanguage\":\"pt-BR\",\"potentialAction\":[{\"@type\":\"ReadAction\",\"target\":[\"https:\\\/\\\/www.rededorsaoluiz.com.br\\\/instituto\\\/idor\\\/dificuldade-de-narrativa-e-marcadores-biologicos-no-espectro-da-doenca-de-alzheimer\\\/\"]}]},{\"@type\":\"ImageObject\",\"inLanguage\":\"pt-BR\",\"@id\":\"https:\\\/\\\/www.rededorsaoluiz.com.br\\\/instituto\\\/idor\\\/dificuldade-de-narrativa-e-marcadores-biologicos-no-espectro-da-doenca-de-alzheimer\\\/#primaryimage\",\"url\":\"https:\\\/\\\/www.rededorsaoluiz.com.br\\\/instituto\\\/idor\\\/wp-content\\\/uploads\\\/2019\\\/12\\\/memories-1455326-1279x959-1.jpg\",\"contentUrl\":\"https:\\\/\\\/www.rededorsaoluiz.com.br\\\/instituto\\\/idor\\\/wp-content\\\/uploads\\\/2019\\\/12\\\/memories-1455326-1279x959-1.jpg\",\"width\":1272,\"height\":831},{\"@type\":\"BreadcrumbList\",\"@id\":\"https:\\\/\\\/www.rededorsaoluiz.com.br\\\/instituto\\\/idor\\\/dificuldade-de-narrativa-e-marcadores-biologicos-no-espectro-da-doenca-de-alzheimer\\\/#breadcrumb\",\"itemListElement\":[{\"@type\":\"ListItem\",\"position\":1,\"name\":\"In\u00edcio\",\"item\":\"https:\\\/\\\/www.rededorsaoluiz.com.br\\\/instituto\\\/idor\\\/\"},{\"@type\":\"ListItem\",\"position\":2,\"name\":\"Dificuldade de narrativa e marcadores biol\u00f3gicos no espectro da Doen\u00e7a de Alzheimer\"}]},{\"@type\":\"WebSite\",\"@id\":\"https:\\\/\\\/www.rededorsaoluiz.com.br\\\/instituto\\\/idor\\\/#website\",\"url\":\"https:\\\/\\\/www.rededorsaoluiz.com.br\\\/instituto\\\/idor\\\/\",\"name\":\"IDOR - Instituto D&#039;Or de Pesquisa e Ensino\",\"description\":\"\",\"potentialAction\":[{\"@type\":\"SearchAction\",\"target\":{\"@type\":\"EntryPoint\",\"urlTemplate\":\"https:\\\/\\\/www.rededorsaoluiz.com.br\\\/instituto\\\/idor\\\/?s={search_term_string}\"},\"query-input\":{\"@type\":\"PropertyValueSpecification\",\"valueRequired\":true,\"valueName\":\"search_term_string\"}}],\"inLanguage\":\"pt-BR\"}]}<\/script>\n<!-- \/ Yoast SEO plugin. -->","yoast_head_json":{"title":"Dificuldade de narrativa e marcadores biol\u00f3gicos no espectro da Doen\u00e7a de Alzheimer - IDOR - Instituto D&#039;Or de Pesquisa e Ensino","canonical":"https:\/\/www.rededorsaoluiz.com.br\/instituto\/idor\/dificuldade-de-narrativa-e-marcadores-biologicos-no-espectro-da-doenca-de-alzheimer\/","og_locale":"pt_BR","og_type":"article","og_title":"Dificuldade de narrativa e marcadores biol\u00f3gicos no espectro da Doen\u00e7a de Alzheimer - IDOR - Instituto D&#039;Or de Pesquisa e Ensino","og_description":"Estudo do IDOR investiga as caracter\u00edsticas do discurso narrativo na popula\u00e7\u00e3o com Comprometimento Cognitivo Leve e Doen\u00e7a de Alzheimer Pesquisadores do IDOR, em parceria com a UFRJ, publicaram um recente artigo na revista cient\u00edfica Aging, no qual estudaram o discurso narrativo de pessoas com Comprometimento Cognitivo Leve (CCL) e Doen\u00e7a de Alzheimer (DA). A pesquisa [&hellip;]","og_url":"https:\/\/www.rededorsaoluiz.com.br\/instituto\/idor\/dificuldade-de-narrativa-e-marcadores-biologicos-no-espectro-da-doenca-de-alzheimer\/","og_site_name":"IDOR - Instituto D&#039;Or de Pesquisa e Ensino","article_published_time":"2019-12-06T17:19:45+00:00","og_image":[{"width":1272,"height":831,"url":"https:\/\/www.rededorsaoluiz.com.br\/instituto\/idor\/wp-content\/uploads\/2019\/12\/memories-1455326-1279x959-1.jpg","type":"image\/jpeg"}],"twitter_card":"summary_large_image","twitter_misc":{"Est. tempo de leitura":"3 minutos"},"schema":{"@context":"https:\/\/schema.org","@graph":[{"@type":"Article","@id":"https:\/\/www.rededorsaoluiz.com.br\/instituto\/idor\/dificuldade-de-narrativa-e-marcadores-biologicos-no-espectro-da-doenca-de-alzheimer\/#article","isPartOf":{"@id":"https:\/\/www.rededorsaoluiz.com.br\/instituto\/idor\/dificuldade-de-narrativa-e-marcadores-biologicos-no-espectro-da-doenca-de-alzheimer\/"},"author":{"name":"","@id":""},"headline":"Dificuldade de narrativa e marcadores biol\u00f3gicos no espectro da Doen\u00e7a de Alzheimer","datePublished":"2019-12-06T17:19:45+00:00","mainEntityOfPage":{"@id":"https:\/\/www.rededorsaoluiz.com.br\/instituto\/idor\/dificuldade-de-narrativa-e-marcadores-biologicos-no-espectro-da-doenca-de-alzheimer\/"},"wordCount":572,"commentCount":0,"image":{"@id":"https:\/\/www.rededorsaoluiz.com.br\/instituto\/idor\/dificuldade-de-narrativa-e-marcadores-biologicos-no-espectro-da-doenca-de-alzheimer\/#primaryimage"},"thumbnailUrl":"https:\/\/www.rededorsaoluiz.com.br\/instituto\/idor\/wp-content\/uploads\/2019\/12\/memories-1455326-1279x959-1.jpg","articleSection":["Novidades","Pesquisa"],"inLanguage":"pt-BR","potentialAction":[{"@type":"CommentAction","name":"Comment","target":["https:\/\/www.rededorsaoluiz.com.br\/instituto\/idor\/dificuldade-de-narrativa-e-marcadores-biologicos-no-espectro-da-doenca-de-alzheimer\/#respond"]}]},{"@type":"WebPage","@id":"https:\/\/www.rededorsaoluiz.com.br\/instituto\/idor\/dificuldade-de-narrativa-e-marcadores-biologicos-no-espectro-da-doenca-de-alzheimer\/","url":"https:\/\/www.rededorsaoluiz.com.br\/instituto\/idor\/dificuldade-de-narrativa-e-marcadores-biologicos-no-espectro-da-doenca-de-alzheimer\/","name":"Dificuldade de narrativa e marcadores biol\u00f3gicos no espectro da Doen\u00e7a de Alzheimer - IDOR - Instituto D&#039;Or de Pesquisa e Ensino","isPartOf":{"@id":"https:\/\/www.rededorsaoluiz.com.br\/instituto\/idor\/#website"},"primaryImageOfPage":{"@id":"https:\/\/www.rededorsaoluiz.com.br\/instituto\/idor\/dificuldade-de-narrativa-e-marcadores-biologicos-no-espectro-da-doenca-de-alzheimer\/#primaryimage"},"image":{"@id":"https:\/\/www.rededorsaoluiz.com.br\/instituto\/idor\/dificuldade-de-narrativa-e-marcadores-biologicos-no-espectro-da-doenca-de-alzheimer\/#primaryimage"},"thumbnailUrl":"https:\/\/www.rededorsaoluiz.com.br\/instituto\/idor\/wp-content\/uploads\/2019\/12\/memories-1455326-1279x959-1.jpg","datePublished":"2019-12-06T17:19:45+00:00","author":{"@id":""},"breadcrumb":{"@id":"https:\/\/www.rededorsaoluiz.com.br\/instituto\/idor\/dificuldade-de-narrativa-e-marcadores-biologicos-no-espectro-da-doenca-de-alzheimer\/#breadcrumb"},"inLanguage":"pt-BR","potentialAction":[{"@type":"ReadAction","target":["https:\/\/www.rededorsaoluiz.com.br\/instituto\/idor\/dificuldade-de-narrativa-e-marcadores-biologicos-no-espectro-da-doenca-de-alzheimer\/"]}]},{"@type":"ImageObject","inLanguage":"pt-BR","@id":"https:\/\/www.rededorsaoluiz.com.br\/instituto\/idor\/dificuldade-de-narrativa-e-marcadores-biologicos-no-espectro-da-doenca-de-alzheimer\/#primaryimage","url":"https:\/\/www.rededorsaoluiz.com.br\/instituto\/idor\/wp-content\/uploads\/2019\/12\/memories-1455326-1279x959-1.jpg","contentUrl":"https:\/\/www.rededorsaoluiz.com.br\/instituto\/idor\/wp-content\/uploads\/2019\/12\/memories-1455326-1279x959-1.jpg","width":1272,"height":831},{"@type":"BreadcrumbList","@id":"https:\/\/www.rededorsaoluiz.com.br\/instituto\/idor\/dificuldade-de-narrativa-e-marcadores-biologicos-no-espectro-da-doenca-de-alzheimer\/#breadcrumb","itemListElement":[{"@type":"ListItem","position":1,"name":"In\u00edcio","item":"https:\/\/www.rededorsaoluiz.com.br\/instituto\/idor\/"},{"@type":"ListItem","position":2,"name":"Dificuldade de narrativa e marcadores biol\u00f3gicos no espectro da Doen\u00e7a de Alzheimer"}]},{"@type":"WebSite","@id":"https:\/\/www.rededorsaoluiz.com.br\/instituto\/idor\/#website","url":"https:\/\/www.rededorsaoluiz.com.br\/instituto\/idor\/","name":"IDOR - Instituto D&#039;Or de Pesquisa e Ensino","description":"","potentialAction":[{"@type":"SearchAction","target":{"@type":"EntryPoint","urlTemplate":"https:\/\/www.rededorsaoluiz.com.br\/instituto\/idor\/?s={search_term_string}"},"query-input":{"@type":"PropertyValueSpecification","valueRequired":true,"valueName":"search_term_string"}}],"inLanguage":"pt-BR"}]}},"_links":{"self":[{"href":"https:\/\/www.rededorsaoluiz.com.br\/instituto\/idor\/wp-json\/wp\/v2\/posts\/7251","targetHints":{"allow":["GET"]}}],"collection":[{"href":"https:\/\/www.rededorsaoluiz.com.br\/instituto\/idor\/wp-json\/wp\/v2\/posts"}],"about":[{"href":"https:\/\/www.rededorsaoluiz.com.br\/instituto\/idor\/wp-json\/wp\/v2\/types\/post"}],"replies":[{"embeddable":true,"href":"https:\/\/www.rededorsaoluiz.com.br\/instituto\/idor\/wp-json\/wp\/v2\/comments?post=7251"}],"version-history":[{"count":0,"href":"https:\/\/www.rededorsaoluiz.com.br\/instituto\/idor\/wp-json\/wp\/v2\/posts\/7251\/revisions"}],"wp:featuredmedia":[{"embeddable":true,"href":"https:\/\/www.rededorsaoluiz.com.br\/instituto\/idor\/wp-json\/wp\/v2\/media\/7252"}],"wp:attachment":[{"href":"https:\/\/www.rededorsaoluiz.com.br\/instituto\/idor\/wp-json\/wp\/v2\/media?parent=7251"}],"wp:term":[{"taxonomy":"category","embeddable":true,"href":"https:\/\/www.rededorsaoluiz.com.br\/instituto\/idor\/wp-json\/wp\/v2\/categories?post=7251"},{"taxonomy":"post_tag","embeddable":true,"href":"https:\/\/www.rededorsaoluiz.com.br\/instituto\/idor\/wp-json\/wp\/v2\/tags?post=7251"}],"curies":[{"name":"wp","href":"https:\/\/api.w.org\/{rel}","templated":true}]}}