{"id":7258,"date":"2019-12-02T19:54:07","date_gmt":"2019-12-02T22:54:07","guid":{"rendered":"https:\/\/ptbr.idor.org\/iii-jornada-de-pos-graduacao-do-idor\/"},"modified":"2019-12-02T19:54:07","modified_gmt":"2019-12-02T22:54:07","slug":"iii-jornada-de-pos-graduacao-do-idor","status":"publish","type":"post","link":"https:\/\/www.rededorsaoluiz.com.br\/instituto\/idor\/iii-jornada-de-pos-graduacao-do-idor\/","title":{"rendered":"III Jornada de P\u00f3s-Gradua\u00e7\u00e3o do IDOR"},"content":{"rendered":"<p> Banca avaliadora da competi\u00e7\u00e3o junto ao grupo vencedor da Integra\u00e7\u00e3o Cient\u00edfica.<\/p>\n<p><i>Confira tudo o que aconteceu na 3<\/i><i>\u00aa realiza\u00e7\u00e3o da Jornada de Ensino do IDOR.<\/i><\/p>\n<p><b>\u00a0<\/b><\/p>\n<p>Quinta-feira passada, 28 de novembro de 2019, ocorreu a III Jornada de P\u00f3s-Gradua\u00e7\u00e3o do IDOR. O evento anual busca compartilhar o avan\u00e7o dos doutorandos com outros alunos e\u00a0 pesquisadores do IDOR, al\u00e9m de trazer palestras relacionadas como parte do programa.<\/p>\n<p>&nbsp;<\/p>\n<p>A abertura do evento foi realizada pela Dra. Celeste Elia, coordenadora do Programa de Doutorado do IDOR, que convidou 4 doutorandos de diferentes \u00e1reas de pesquisa para apresentarem o desenvolvimento de seus trabalhos. O primeiro a apresentar foi o doutorando Andr\u00e9 da Luz Moreira, que apresentou a pesquisa que vem desenvolvendo sobre as doen\u00e7as inflamat\u00f3rias intestinais (DII), junto com seus orientadores da medicina interna. O principal objetivo de sua tese \u00e9 reunir informa\u00e7\u00f5es sobre as DII no Brasil, analisando fatores como incid\u00eancia e ocorr\u00eancia do problema. Este estudo re\u00fane fontes de grandes bancos de dados como o DataSUS e IBGE, sendo considerado uma das maiores pesquisas em desenvolvimento sobre o tema. At\u00e9 o momento, Moreira j\u00e1 encontrou resultados como maior incid\u00eancia das DII nas \u00e1reas mais urbanizadas e ao Sul do pa\u00eds, al\u00e9m de um not\u00e1vel crescimento na ocorr\u00eancia de casos que, segundo o doutorando, ainda n\u00e3o s\u00e3o suficientes para caracterizar o Brasil como um pa\u00eds de alta preval\u00eancia, mas que a ascens\u00e3o dos gr\u00e1ficos mostra que devemos atentar para a preven\u00e7\u00e3o o quanto antes, tendo em vista o alto custo para a sa\u00fade p\u00fablica.<\/p>\n<p>&nbsp;<\/p>\n<p>A segunda apresenta\u00e7\u00e3o foi ministrada pela doutoranda Nathalia Veiga Moliterno, que trouxe estudos acerca do uso de simula\u00e7\u00e3o real\u00edstica no ensino de pediatria. Segundo a aluna, que tamb\u00e9m \u00e9 professora na \u00e1rea de medicina, qualquer institui\u00e7\u00e3o de ensino que queira obter nota m\u00e1xima na avalia\u00e7\u00e3o do MEC tem que atentar para as mudan\u00e7as tecnol\u00f3gicas que est\u00e3o ocorrendo no mundo e implement\u00e1-las em suas universidades. A simula\u00e7\u00e3o real\u00edstica \u00e9 um exemplo desses aparatos, no momento que ajudam os alunos a ganharem confian\u00e7a enquanto desafiam sua capacidade cl\u00ednica. No caso da simula\u00e7\u00e3o real\u00edstica, em vez de apenas ensinar procedimentos, a exemplo da intuba\u00e7\u00e3o, ela oferece todo um contexto cl\u00ednico, que \u00e9 preparado conjuntamente pelos professores e tem o prop\u00f3sito de estimular o m\u00e9dico a desenvolver suas habilidades de diagn\u00f3stico, dando a oportunidade de avaliar posteriormente seus erros e acertos no processo.<\/p>\n<p>&nbsp;<\/p>\n<p>Ap\u00f3s a apresenta\u00e7\u00e3o de Moliterno, a palestra seguinte foi ministrada pela doutoranda Ren\u00e9e Sarmento, que retomou a \u00e1rea de medicina interna, desta vez com enfoque em cardiologia. O tema da doutoranda foca especificamente nas arritmias card\u00edacas relacionadas \u00e0 doen\u00e7a de Chagas, inflama\u00e7\u00e3o causada por um parasita presente nas fezes do inseto Barbeiro. Segundo Sarmento, a doen\u00e7a \u00e9 preocupante porque pode demorar anos para revelar os sintomas de insufici\u00eancia card\u00edaca, causando principalmente taquicardia ventricular, uma arritmia com chance consider\u00e1vel de morte s\u00fabita. Utilizando o PET-CT, combina\u00e7\u00e3o de 2 exames que sobrep\u00f5e imagens da estrutura do cora\u00e7\u00e3o com o mapa funcional do \u00f3rg\u00e3o, a doutoranda busca correlacionar em sua tese a inflama\u00e7\u00e3o mioc\u00e1rdica com a gravidade das arritmias causadas pela doen\u00e7a de Chagas e entender se a carga parasit\u00e1ria \u00e9 relevante nesse processo.<\/p>\n<p>&nbsp;<\/p>\n<p>Em seguida, fechando as apresenta\u00e7\u00f5es do Doutorado, a quarta e \u00faltima palestra desta etapa representou a \u00e1rea de neuroci\u00eancias. Luiz Guilherme Hendrischky apresentou o andamento de sua tese acerca do uso de canabinoides para o tratamento da s\u00edndrome de Dravet, doen\u00e7a rara com alta taxa de mortalidade que causa ataques epil\u00e9pticos repetitivos, principalmente em crian\u00e7as at\u00e9 os 5 anos de idade. Nesta doen\u00e7a, os f\u00e1rmacos comumente usados no tratamento de epilepsia n\u00e3o surtem muito efeito, o que justifica o estudo de novas subst\u00e2ncias para o tratamento. O doutorando utiliza os canabinoides em c\u00e9lulas neurais produzidas no laborat\u00f3rio do IDOR, que s\u00e3o geradas a partir da reprograma\u00e7\u00e3o de c\u00e9lulas epiteliais retiradas da urina de pacientes. At\u00e9 ent\u00e3o, o projeto j\u00e1 identifica que o canabigerol, um tipo de canabinoide, apresenta uma atividade anti-inflamat\u00f3ria nos neur\u00f4nios com a muta\u00e7\u00e3o de Dravet, resultado n\u00e3o alcan\u00e7ado at\u00e9 ent\u00e3o por medicamentos tradicionais no pa\u00eds.<\/p>\n<p> Banca avaliadora da Integra\u00e7\u00e3o Cient\u00edfica, composta por Luiz Eug\u00eanio Mello, Jorge Moll Neto e Celeste Elia, da esquerda para a direita.<\/p>\n<p>Em sequ\u00eancia \u00e0s apresenta\u00e7\u00f5es dos doutorandos, foi a vez de uma palestra sobre inova\u00e7\u00e3o no ambiente acad\u00eamico. Os convidados para ministrar o tema foram os profissionais da K21, startup de inova\u00e7\u00e3o que oferece treinamentos para otimiza\u00e7\u00f5es de empresa atrav\u00e9s do ensino de metodologias \u00e1geis. O objetivo da apresenta\u00e7\u00e3o era mostrar que mesmo na \u00e1rea de pesquisa existem processos que podem se beneficiar da inova\u00e7\u00e3o e da digitaliza\u00e7\u00e3o. Os palestrantes realizaram atividades interativas com os participantes da Jornada, estimulando o uso da criatividade e do trabalho em equipe. A palestra foi seguida por uma Mesa de Integra\u00e7\u00e3o Cient\u00edfica, que realizou uma competi\u00e7\u00e3o unindo doutorandas e doutorandos em 4 grupos junto aos\u00a0 pesquisadores do IDOR. O objetivo era discutir o desenho de um poss\u00edvel projeto que teria fundos ilimitados para ser executado. Os crit\u00e9rios de avalia\u00e7\u00e3o do grupo vencedor seriam quest\u00f5es como a viabilidade e relev\u00e2ncia do projeto.<\/p>\n<p>O grupo que levou o t\u00edtulo mostrou como proposta a cria\u00e7\u00e3o de uma terapia personalizada para dor cr\u00f4nica usando doses de LSD, uma droga psicod\u00e9lica. O foco do projeto foi a dor devido a dados da Sociedade Brasileira de Estudos da Dor mostrarem que a dor cr\u00f4nica \u00e9 incapacitante e afeta cerca de 60 milh\u00f5es de brasileiros, sendo que mais da metade n\u00e3o tem al\u00edvio dos sintomas, mesmo com tratamentos fortes, que muitas vezes incluem opioides. Ademais, o uso do LSD foi escolhido devido a dados da literatura m\u00e9dica que mostram que a subst\u00e2ncia alivia dores por um per\u00edodo maior do que outras drogas, enquanto o meio para se alcan\u00e7ar o objetivo da proposta seria via intelig\u00eancia artificial, com a constru\u00e7\u00e3o de um algoritmo usando modelos bayesianos de simples aplicabilidade no consult\u00f3rio.<\/p>\n<p>&nbsp;<\/p>\n<p> Dr. Manuel, ao centro, ao lado dos pesquisadores do IDOR Dr. Arnaldo Prata e Dr. Antonio Ledo, \u00e0 esquerda e \u00e0 direita, respectivamente.<\/p>\n<p>Depois da entrega dos pr\u00eamios aos vencedores, a palestra de encerramento da Jornada recebeu o Professor Manuel Toro Sobrino, da Faculdade de Medicina de Sevilha, na Espanha, que \u00e9 parceiro em diversos estudos do grupo de pediatria do IDOR . O convidado falou sobre a implementa\u00e7\u00e3o de ultrassom a beira-leito em pediatria, equipamento que necessita de treinamento por parte da equipe pedi\u00e1trica, mas que facilita em muito o diagn\u00f3stico de certas doen\u00e7as, diminuindo o tempo da entrega dos resultados e facilitando o exame de imagens por sua portabilidade e poss\u00edvel conex\u00e3o com smartphones e tablets. O professor mostrou diversos equipamentos para o procedimento, assim como imagens capturadas em casos reais na pr\u00e1tica pedi\u00e1trica. Ao fim da Jornada, alunos e pesquisadores se uniram a outros colaboradores do instituto para a festa de confraterniza\u00e7\u00e3o do IDOR , que ocorreu em seguimento ao evento.<\/p>\n<p>&nbsp;<\/p>\n<p>&nbsp;<\/p>\n<p>Escrito por Maria Eduarda Ledo de Abreu.<\/p>\n<p>&nbsp;<\/p>\n","protected":false},"excerpt":{"rendered":"<p>Banca avaliadora da competi\u00e7\u00e3o junto ao grupo vencedor da Integra\u00e7\u00e3o Cient\u00edfica. Confira tudo o que aconteceu na 3\u00aa realiza\u00e7\u00e3o da Jornada de Ensino do IDOR. \u00a0 Quinta-feira passada, 28 de novembro de 2019, ocorreu a III Jornada de P\u00f3s-Gradua\u00e7\u00e3o do IDOR. O evento anual busca compartilhar o avan\u00e7o dos doutorandos com outros alunos e\u00a0 pesquisadores [&hellip;]<\/p>\n","protected":false},"author":0,"featured_media":7259,"comment_status":"open","ping_status":"open","sticky":false,"template":"","format":"standard","meta":{"_acf_changed":false,"footnotes":""},"categories":[5,191],"tags":[],"class_list":["post-7258","post","type-post","status-publish","format-standard","has-post-thumbnail","hentry","category-ensino","category-novidades"],"acf":[],"yoast_head":"<!-- This site is optimized with the Yoast SEO plugin v27.3 - https:\/\/yoast.com\/product\/yoast-seo-wordpress\/ -->\n<title>III Jornada de P\u00f3s-Gradua\u00e7\u00e3o do IDOR - IDOR - Instituto D&#039;Or de Pesquisa e Ensino<\/title>\n<link rel=\"canonical\" href=\"https:\/\/www.rededorsaoluiz.com.br\/instituto\/idor\/iii-jornada-de-pos-graduacao-do-idor\/\" \/>\n<meta property=\"og:locale\" content=\"pt_BR\" \/>\n<meta property=\"og:type\" content=\"article\" \/>\n<meta property=\"og:title\" content=\"III Jornada de P\u00f3s-Gradua\u00e7\u00e3o do IDOR - IDOR - Instituto D&#039;Or de Pesquisa e Ensino\" \/>\n<meta property=\"og:description\" content=\"Banca avaliadora da competi\u00e7\u00e3o junto ao grupo vencedor da Integra\u00e7\u00e3o Cient\u00edfica. Confira tudo o que aconteceu na 3\u00aa realiza\u00e7\u00e3o da Jornada de Ensino do IDOR. \u00a0 Quinta-feira passada, 28 de novembro de 2019, ocorreu a III Jornada de P\u00f3s-Gradua\u00e7\u00e3o do IDOR. O evento anual busca compartilhar o avan\u00e7o dos doutorandos com outros alunos e\u00a0 pesquisadores [&hellip;]\" \/>\n<meta property=\"og:url\" content=\"https:\/\/www.rededorsaoluiz.com.br\/instituto\/idor\/iii-jornada-de-pos-graduacao-do-idor\/\" \/>\n<meta property=\"og:site_name\" content=\"IDOR - Instituto D&#039;Or de Pesquisa e Ensino\" \/>\n<meta property=\"article:published_time\" content=\"2019-12-02T22:54:07+00:00\" \/>\n<meta property=\"og:image\" content=\"https:\/\/www.rededorsaoluiz.com.br\/instituto\/idor\/wp-content\/uploads\/2019\/12\/IMG_1478-scaled-1.jpg\" \/>\n\t<meta property=\"og:image:width\" content=\"2560\" \/>\n\t<meta property=\"og:image:height\" content=\"1707\" \/>\n\t<meta property=\"og:image:type\" content=\"image\/jpeg\" \/>\n<meta name=\"twitter:card\" content=\"summary_large_image\" \/>\n<meta name=\"twitter:label1\" content=\"Est. tempo de leitura\" \/>\n\t<meta name=\"twitter:data1\" content=\"6 minutos\" \/>\n<script type=\"application\/ld+json\" class=\"yoast-schema-graph\">{\"@context\":\"https:\\\/\\\/schema.org\",\"@graph\":[{\"@type\":\"Article\",\"@id\":\"https:\\\/\\\/www.rededorsaoluiz.com.br\\\/instituto\\\/idor\\\/iii-jornada-de-pos-graduacao-do-idor\\\/#article\",\"isPartOf\":{\"@id\":\"https:\\\/\\\/www.rededorsaoluiz.com.br\\\/instituto\\\/idor\\\/iii-jornada-de-pos-graduacao-do-idor\\\/\"},\"author\":{\"name\":\"\",\"@id\":\"\"},\"headline\":\"III Jornada de P\u00f3s-Gradua\u00e7\u00e3o do IDOR\",\"datePublished\":\"2019-12-02T22:54:07+00:00\",\"mainEntityOfPage\":{\"@id\":\"https:\\\/\\\/www.rededorsaoluiz.com.br\\\/instituto\\\/idor\\\/iii-jornada-de-pos-graduacao-do-idor\\\/\"},\"wordCount\":1271,\"commentCount\":0,\"image\":{\"@id\":\"https:\\\/\\\/www.rededorsaoluiz.com.br\\\/instituto\\\/idor\\\/iii-jornada-de-pos-graduacao-do-idor\\\/#primaryimage\"},\"thumbnailUrl\":\"https:\\\/\\\/www.rededorsaoluiz.com.br\\\/instituto\\\/idor\\\/wp-content\\\/uploads\\\/2019\\\/12\\\/IMG_1478-scaled-1.jpg\",\"articleSection\":[\"Ensino\",\"Novidades\"],\"inLanguage\":\"pt-BR\",\"potentialAction\":[{\"@type\":\"CommentAction\",\"name\":\"Comment\",\"target\":[\"https:\\\/\\\/www.rededorsaoluiz.com.br\\\/instituto\\\/idor\\\/iii-jornada-de-pos-graduacao-do-idor\\\/#respond\"]}]},{\"@type\":\"WebPage\",\"@id\":\"https:\\\/\\\/www.rededorsaoluiz.com.br\\\/instituto\\\/idor\\\/iii-jornada-de-pos-graduacao-do-idor\\\/\",\"url\":\"https:\\\/\\\/www.rededorsaoluiz.com.br\\\/instituto\\\/idor\\\/iii-jornada-de-pos-graduacao-do-idor\\\/\",\"name\":\"III Jornada de P\u00f3s-Gradua\u00e7\u00e3o do IDOR - IDOR - Instituto D&#039;Or de Pesquisa e Ensino\",\"isPartOf\":{\"@id\":\"https:\\\/\\\/www.rededorsaoluiz.com.br\\\/instituto\\\/idor\\\/#website\"},\"primaryImageOfPage\":{\"@id\":\"https:\\\/\\\/www.rededorsaoluiz.com.br\\\/instituto\\\/idor\\\/iii-jornada-de-pos-graduacao-do-idor\\\/#primaryimage\"},\"image\":{\"@id\":\"https:\\\/\\\/www.rededorsaoluiz.com.br\\\/instituto\\\/idor\\\/iii-jornada-de-pos-graduacao-do-idor\\\/#primaryimage\"},\"thumbnailUrl\":\"https:\\\/\\\/www.rededorsaoluiz.com.br\\\/instituto\\\/idor\\\/wp-content\\\/uploads\\\/2019\\\/12\\\/IMG_1478-scaled-1.jpg\",\"datePublished\":\"2019-12-02T22:54:07+00:00\",\"author\":{\"@id\":\"\"},\"breadcrumb\":{\"@id\":\"https:\\\/\\\/www.rededorsaoluiz.com.br\\\/instituto\\\/idor\\\/iii-jornada-de-pos-graduacao-do-idor\\\/#breadcrumb\"},\"inLanguage\":\"pt-BR\",\"potentialAction\":[{\"@type\":\"ReadAction\",\"target\":[\"https:\\\/\\\/www.rededorsaoluiz.com.br\\\/instituto\\\/idor\\\/iii-jornada-de-pos-graduacao-do-idor\\\/\"]}]},{\"@type\":\"ImageObject\",\"inLanguage\":\"pt-BR\",\"@id\":\"https:\\\/\\\/www.rededorsaoluiz.com.br\\\/instituto\\\/idor\\\/iii-jornada-de-pos-graduacao-do-idor\\\/#primaryimage\",\"url\":\"https:\\\/\\\/www.rededorsaoluiz.com.br\\\/instituto\\\/idor\\\/wp-content\\\/uploads\\\/2019\\\/12\\\/IMG_1478-scaled-1.jpg\",\"contentUrl\":\"https:\\\/\\\/www.rededorsaoluiz.com.br\\\/instituto\\\/idor\\\/wp-content\\\/uploads\\\/2019\\\/12\\\/IMG_1478-scaled-1.jpg\",\"width\":2560,\"height\":1707},{\"@type\":\"BreadcrumbList\",\"@id\":\"https:\\\/\\\/www.rededorsaoluiz.com.br\\\/instituto\\\/idor\\\/iii-jornada-de-pos-graduacao-do-idor\\\/#breadcrumb\",\"itemListElement\":[{\"@type\":\"ListItem\",\"position\":1,\"name\":\"In\u00edcio\",\"item\":\"https:\\\/\\\/www.rededorsaoluiz.com.br\\\/instituto\\\/idor\\\/\"},{\"@type\":\"ListItem\",\"position\":2,\"name\":\"III Jornada de P\u00f3s-Gradua\u00e7\u00e3o do IDOR\"}]},{\"@type\":\"WebSite\",\"@id\":\"https:\\\/\\\/www.rededorsaoluiz.com.br\\\/instituto\\\/idor\\\/#website\",\"url\":\"https:\\\/\\\/www.rededorsaoluiz.com.br\\\/instituto\\\/idor\\\/\",\"name\":\"IDOR - Instituto D&#039;Or de Pesquisa e Ensino\",\"description\":\"\",\"potentialAction\":[{\"@type\":\"SearchAction\",\"target\":{\"@type\":\"EntryPoint\",\"urlTemplate\":\"https:\\\/\\\/www.rededorsaoluiz.com.br\\\/instituto\\\/idor\\\/?s={search_term_string}\"},\"query-input\":{\"@type\":\"PropertyValueSpecification\",\"valueRequired\":true,\"valueName\":\"search_term_string\"}}],\"inLanguage\":\"pt-BR\"}]}<\/script>\n<!-- \/ Yoast SEO plugin. -->","yoast_head_json":{"title":"III Jornada de P\u00f3s-Gradua\u00e7\u00e3o do IDOR - IDOR - Instituto D&#039;Or de Pesquisa e Ensino","canonical":"https:\/\/www.rededorsaoluiz.com.br\/instituto\/idor\/iii-jornada-de-pos-graduacao-do-idor\/","og_locale":"pt_BR","og_type":"article","og_title":"III Jornada de P\u00f3s-Gradua\u00e7\u00e3o do IDOR - IDOR - Instituto D&#039;Or de Pesquisa e Ensino","og_description":"Banca avaliadora da competi\u00e7\u00e3o junto ao grupo vencedor da Integra\u00e7\u00e3o Cient\u00edfica. Confira tudo o que aconteceu na 3\u00aa realiza\u00e7\u00e3o da Jornada de Ensino do IDOR. \u00a0 Quinta-feira passada, 28 de novembro de 2019, ocorreu a III Jornada de P\u00f3s-Gradua\u00e7\u00e3o do IDOR. O evento anual busca compartilhar o avan\u00e7o dos doutorandos com outros alunos e\u00a0 pesquisadores [&hellip;]","og_url":"https:\/\/www.rededorsaoluiz.com.br\/instituto\/idor\/iii-jornada-de-pos-graduacao-do-idor\/","og_site_name":"IDOR - Instituto D&#039;Or de Pesquisa e Ensino","article_published_time":"2019-12-02T22:54:07+00:00","og_image":[{"width":2560,"height":1707,"url":"https:\/\/www.rededorsaoluiz.com.br\/instituto\/idor\/wp-content\/uploads\/2019\/12\/IMG_1478-scaled-1.jpg","type":"image\/jpeg"}],"twitter_card":"summary_large_image","twitter_misc":{"Est. tempo de leitura":"6 minutos"},"schema":{"@context":"https:\/\/schema.org","@graph":[{"@type":"Article","@id":"https:\/\/www.rededorsaoluiz.com.br\/instituto\/idor\/iii-jornada-de-pos-graduacao-do-idor\/#article","isPartOf":{"@id":"https:\/\/www.rededorsaoluiz.com.br\/instituto\/idor\/iii-jornada-de-pos-graduacao-do-idor\/"},"author":{"name":"","@id":""},"headline":"III Jornada de P\u00f3s-Gradua\u00e7\u00e3o do IDOR","datePublished":"2019-12-02T22:54:07+00:00","mainEntityOfPage":{"@id":"https:\/\/www.rededorsaoluiz.com.br\/instituto\/idor\/iii-jornada-de-pos-graduacao-do-idor\/"},"wordCount":1271,"commentCount":0,"image":{"@id":"https:\/\/www.rededorsaoluiz.com.br\/instituto\/idor\/iii-jornada-de-pos-graduacao-do-idor\/#primaryimage"},"thumbnailUrl":"https:\/\/www.rededorsaoluiz.com.br\/instituto\/idor\/wp-content\/uploads\/2019\/12\/IMG_1478-scaled-1.jpg","articleSection":["Ensino","Novidades"],"inLanguage":"pt-BR","potentialAction":[{"@type":"CommentAction","name":"Comment","target":["https:\/\/www.rededorsaoluiz.com.br\/instituto\/idor\/iii-jornada-de-pos-graduacao-do-idor\/#respond"]}]},{"@type":"WebPage","@id":"https:\/\/www.rededorsaoluiz.com.br\/instituto\/idor\/iii-jornada-de-pos-graduacao-do-idor\/","url":"https:\/\/www.rededorsaoluiz.com.br\/instituto\/idor\/iii-jornada-de-pos-graduacao-do-idor\/","name":"III Jornada de P\u00f3s-Gradua\u00e7\u00e3o do IDOR - IDOR - Instituto D&#039;Or de Pesquisa e Ensino","isPartOf":{"@id":"https:\/\/www.rededorsaoluiz.com.br\/instituto\/idor\/#website"},"primaryImageOfPage":{"@id":"https:\/\/www.rededorsaoluiz.com.br\/instituto\/idor\/iii-jornada-de-pos-graduacao-do-idor\/#primaryimage"},"image":{"@id":"https:\/\/www.rededorsaoluiz.com.br\/instituto\/idor\/iii-jornada-de-pos-graduacao-do-idor\/#primaryimage"},"thumbnailUrl":"https:\/\/www.rededorsaoluiz.com.br\/instituto\/idor\/wp-content\/uploads\/2019\/12\/IMG_1478-scaled-1.jpg","datePublished":"2019-12-02T22:54:07+00:00","author":{"@id":""},"breadcrumb":{"@id":"https:\/\/www.rededorsaoluiz.com.br\/instituto\/idor\/iii-jornada-de-pos-graduacao-do-idor\/#breadcrumb"},"inLanguage":"pt-BR","potentialAction":[{"@type":"ReadAction","target":["https:\/\/www.rededorsaoluiz.com.br\/instituto\/idor\/iii-jornada-de-pos-graduacao-do-idor\/"]}]},{"@type":"ImageObject","inLanguage":"pt-BR","@id":"https:\/\/www.rededorsaoluiz.com.br\/instituto\/idor\/iii-jornada-de-pos-graduacao-do-idor\/#primaryimage","url":"https:\/\/www.rededorsaoluiz.com.br\/instituto\/idor\/wp-content\/uploads\/2019\/12\/IMG_1478-scaled-1.jpg","contentUrl":"https:\/\/www.rededorsaoluiz.com.br\/instituto\/idor\/wp-content\/uploads\/2019\/12\/IMG_1478-scaled-1.jpg","width":2560,"height":1707},{"@type":"BreadcrumbList","@id":"https:\/\/www.rededorsaoluiz.com.br\/instituto\/idor\/iii-jornada-de-pos-graduacao-do-idor\/#breadcrumb","itemListElement":[{"@type":"ListItem","position":1,"name":"In\u00edcio","item":"https:\/\/www.rededorsaoluiz.com.br\/instituto\/idor\/"},{"@type":"ListItem","position":2,"name":"III Jornada de P\u00f3s-Gradua\u00e7\u00e3o do IDOR"}]},{"@type":"WebSite","@id":"https:\/\/www.rededorsaoluiz.com.br\/instituto\/idor\/#website","url":"https:\/\/www.rededorsaoluiz.com.br\/instituto\/idor\/","name":"IDOR - Instituto D&#039;Or de Pesquisa e Ensino","description":"","potentialAction":[{"@type":"SearchAction","target":{"@type":"EntryPoint","urlTemplate":"https:\/\/www.rededorsaoluiz.com.br\/instituto\/idor\/?s={search_term_string}"},"query-input":{"@type":"PropertyValueSpecification","valueRequired":true,"valueName":"search_term_string"}}],"inLanguage":"pt-BR"}]}},"_links":{"self":[{"href":"https:\/\/www.rededorsaoluiz.com.br\/instituto\/idor\/wp-json\/wp\/v2\/posts\/7258","targetHints":{"allow":["GET"]}}],"collection":[{"href":"https:\/\/www.rededorsaoluiz.com.br\/instituto\/idor\/wp-json\/wp\/v2\/posts"}],"about":[{"href":"https:\/\/www.rededorsaoluiz.com.br\/instituto\/idor\/wp-json\/wp\/v2\/types\/post"}],"replies":[{"embeddable":true,"href":"https:\/\/www.rededorsaoluiz.com.br\/instituto\/idor\/wp-json\/wp\/v2\/comments?post=7258"}],"version-history":[{"count":0,"href":"https:\/\/www.rededorsaoluiz.com.br\/instituto\/idor\/wp-json\/wp\/v2\/posts\/7258\/revisions"}],"wp:featuredmedia":[{"embeddable":true,"href":"https:\/\/www.rededorsaoluiz.com.br\/instituto\/idor\/wp-json\/wp\/v2\/media\/7259"}],"wp:attachment":[{"href":"https:\/\/www.rededorsaoluiz.com.br\/instituto\/idor\/wp-json\/wp\/v2\/media?parent=7258"}],"wp:term":[{"taxonomy":"category","embeddable":true,"href":"https:\/\/www.rededorsaoluiz.com.br\/instituto\/idor\/wp-json\/wp\/v2\/categories?post=7258"},{"taxonomy":"post_tag","embeddable":true,"href":"https:\/\/www.rededorsaoluiz.com.br\/instituto\/idor\/wp-json\/wp\/v2\/tags?post=7258"}],"curies":[{"name":"wp","href":"https:\/\/api.w.org\/{rel}","templated":true}]}}