{"id":7374,"date":"2019-06-29T00:00:38","date_gmt":"2019-06-29T03:00:38","guid":{"rendered":"https:\/\/ptbr.idor.org\/a-melhor-maneira-de-prever-o-futuro-e-cria-lo\/"},"modified":"2019-06-29T00:00:38","modified_gmt":"2019-06-29T03:00:38","slug":"a-melhor-maneira-de-prever-o-futuro-e-cria-lo","status":"publish","type":"post","link":"https:\/\/www.rededorsaoluiz.com.br\/instituto\/idor\/a-melhor-maneira-de-prever-o-futuro-e-cria-lo\/","title":{"rendered":"A melhor maneira de prever o futuro \u00e9 cri\u00e1-lo"},"content":{"rendered":"<p>No Open D&#8217;Or Talks deste m\u00eas, Lind\u00e1lia Junqueira re\u00fane grande p\u00fablico para discutir pr\u00e1ticas de inova\u00e7\u00e3o e empreendedorismo na atualidade digital<\/p>\n<div  id=\"_ytid_19788\"  width=\"800\" height=\"450\"  data-origwidth=\"800\" data-origheight=\"450\"  data-relstop=\"1\" data-facadesrc=\"https:\/\/www.youtube.com\/embed\/LfFY22Mw3I8?enablejsapi=1&#038;autoplay=0&#038;cc_load_policy=0&#038;iv_load_policy=1&#038;loop=0&#038;fs=1&#038;playsinline=0&#038;controls=1&#038;disablekb=0&#038;color=red&#038;cc_lang_pref=&#038;rel=0&#038;autohide=2&#038;theme=dark&#038;\" class=\"__youtube_prefs__ epyt-facade epyt-is-override  no-lazyload\" data-epautoplay=\"1\" ><img decoding=\"async\" data-spai-excluded=\"true\" class=\"epyt-facade-poster skip-lazy\" loading=\"lazy\"  alt=\"YouTube player\"  src=\"https:\/\/i.ytimg.com\/vi\/LfFY22Mw3I8\/maxresdefault.jpg\"  \/><button class=\"epyt-facade-play\" aria-label=\"Play\"><svg data-no-lazy=\"1\" height=\"100%\" version=\"1.1\" viewBox=\"0 0 68 48\" width=\"100%\"><path class=\"ytp-large-play-button-bg\" d=\"M66.52,7.74c-0.78-2.93-2.49-5.41-5.42-6.19C55.79,.13,34,0,34,0S12.21,.13,6.9,1.55 C3.97,2.33,2.27,4.81,1.48,7.74C0.06,13.05,0,24,0,24s0.06,10.95,1.48,16.26c0.78,2.93,2.49,5.41,5.42,6.19 C12.21,47.87,34,48,34,48s21.79-0.13,27.1-1.55c2.93-0.78,4.64-3.26,5.42-6.19C67.94,34.95,68,24,68,24S67.94,13.05,66.52,7.74z\" fill=\"#f00\"><\/path><path d=\"M 45,24 27,14 27,34\" fill=\"#fff\"><\/path><\/svg><\/button><\/div>\n<p>Ontem, na 6\u00aa edi\u00e7\u00e3o do Open D\u2019Or Talks, Lind\u00e1lia Junqueira reuniu uma multid\u00e3o em nosso Hub para falar sobre o futuro Phygital: a integra\u00e7\u00e3o entre o mundo real e o virtual. De forma din\u00e2mica e divertida, a palestrante trouxe insights sobre as inova\u00e7\u00f5es tecnol\u00f3gicas e digitais, mostrando como elas tendem a transformar muitos servi\u00e7os e o pr\u00f3prio sistema de vida das pessoas. Segundo Lind\u00e1lia, j\u00e1 estamos vivendo no futuro, por isso n\u00e3o devemos esperar pela inova\u00e7\u00e3o, e sim pratic\u00e1-la em todas as nossas a\u00e7\u00f5es.<\/p>\n<p>Com um extenso curr\u00edculo na \u00e1rea, Lind\u00e1lia \u00e9 Coordenadora da FGV de Inova\u00e7\u00e3o Aberta e Empreendedorismo e CEO da Ions Innovation e do Hacking.Rio. Foi tamb\u00e9m a primeira brasileira selecionada pelo Singularity University na NASA, al\u00e9m de ter sido premiada pelo Spark Awards em 2015 e pelo IBC Innovation Awards. Fazendo uma retrospectiva de sua vida, a palestrante argumentou que a mentalidade inovadora est\u00e1 presente desde a nossa inf\u00e2ncia. \u201cA ess\u00eancia da inova\u00e7\u00e3o \u00e9 o ato de questionar seus arredores: por que isso \u00e9 assim? Para que serve? N\u00e3o poderia ser diferente?\u201d, ilustra Lind\u00e1lia.<\/p>\n<p>Pensando no ramo do empreendedorismo, a palestrante alerta que essa mentalidade tem que estar ainda mais presente, buscando alinhamento e constante atualiza\u00e7\u00e3o de ideias. \u201cSe voc\u00ea n\u00e3o est\u00e1 pensando como sua empresa pode ser destru\u00edda, outra pessoa vai estar\u201d, brinca. Mas, segundo Lind\u00e1lia, isso n\u00e3o \u00e9 para tirar o sono de ningu\u00e9m, a inova\u00e7\u00e3o \u00e9 uma parcela importante, por\u00e9m n\u00e3o a maior parcela de um trabalho. \u201cDevemos nos preocupar em continuar fazendo o que fazemos bem, isso \u00e9 80% do trabalho. 15% devemos dedicar para melhorar o que j\u00e1 fazemos bem, e 5% \u00e9 o que devemos dedicar para a inova\u00e7\u00e3o disruptiva\u201d. O termo, no caso, se refere \u00e0 autoavalia\u00e7\u00e3o de pontos fracos, desafios e oportunidades de um neg\u00f3cio, e a palestrante afirma uma boa solu\u00e7\u00e3o para essa demanda s\u00e3o as propostas de inova\u00e7\u00e3o aberta, como startups que atuam alinhando e transformando ecossistemas de forma integrada.<\/p>\n<p>Lind\u00e1lia ainda comenta que o pr\u00f3ximo futuro j\u00e1 est\u00e1 vis\u00edvel, e que uma das suas principais caracter\u00edsticas ser\u00e3o a sustentabilidade e a intelig\u00eancia artificial. O termo phygital equivale \u00e0 jun\u00e7\u00e3o dos termos f\u00edsico e digital em ingl\u00eas, apontando que as novas tecnologias e o mundo virtual est\u00e3o cada vez mais indissoci\u00e1veis de nossa vida cotidiana. Segundo a palestrante, em 2023 cerca de 80% das profiss\u00f5es atuais estar\u00e3o mudadas, enquanto outras podem at\u00e9 se extinguir caso n\u00e3o se adaptem a essa nova realidade. Portanto, \u00e9 importante pensar e principalmente testar novas solu\u00e7\u00f5es nos neg\u00f3cios, respeitando, claro, as barreiras e princ\u00edpios \u00e9ticos nesse processo.<\/p>\n<p>Por fim, Lind\u00e1lia Junqueira concluiu sua palestra ressaltando a ideia de que a melhor maneira de prever o futuro \u00e9 realmente cri\u00e1-lo, e que \u201cA inova\u00e7\u00e3o n\u00e3o pede licen\u00e7a, pede desculpa\u201d. Se voc\u00ea quiser assistir \u00e0 palestra na \u00edntegra, todos os Open D\u2019Or Talks s\u00e3o transmitidos ao vivo e disponibilizados em nosso canal do Youtube, <a href=\"https:\/\/www.youtube.com\/watch?v=sSj5RjeyGsY\" target=\"_blank\" rel=\"noopener noreferrer\">confira clicando aqui<\/a>!<\/p>\n<p>Escrito por Maria Eduarda Ledo de Abreu.<\/p>\n","protected":false},"excerpt":{"rendered":"<p>No Open D&#8217;Or Talks deste m\u00eas, Lind\u00e1lia Junqueira re\u00fane grande p\u00fablico para discutir pr\u00e1ticas de inova\u00e7\u00e3o e empreendedorismo na atualidade digital Ontem, na 6\u00aa edi\u00e7\u00e3o do Open D\u2019Or Talks, Lind\u00e1lia Junqueira reuniu uma multid\u00e3o em nosso Hub para falar sobre o futuro Phygital: a integra\u00e7\u00e3o entre o mundo real e o virtual. De forma din\u00e2mica [&hellip;]<\/p>\n","protected":false},"author":0,"featured_media":7375,"comment_status":"open","ping_status":"open","sticky":false,"template":"","format":"standard","meta":{"_acf_changed":false,"footnotes":""},"categories":[192,191],"tags":[],"class_list":["post-7374","post","type-post","status-publish","format-standard","has-post-thumbnail","hentry","category-inovacao","category-novidades"],"acf":[],"yoast_head":"<!-- This site is optimized with the Yoast SEO plugin v27.3 - https:\/\/yoast.com\/product\/yoast-seo-wordpress\/ -->\n<title>A melhor maneira de prever o futuro \u00e9 cri\u00e1-lo - IDOR - Instituto D&#039;Or de Pesquisa e Ensino<\/title>\n<link rel=\"canonical\" href=\"https:\/\/www.rededorsaoluiz.com.br\/instituto\/idor\/a-melhor-maneira-de-prever-o-futuro-e-cria-lo\/\" \/>\n<meta property=\"og:locale\" content=\"pt_BR\" \/>\n<meta property=\"og:type\" content=\"article\" \/>\n<meta property=\"og:title\" content=\"A melhor maneira de prever o futuro \u00e9 cri\u00e1-lo - IDOR - Instituto D&#039;Or de Pesquisa e Ensino\" \/>\n<meta property=\"og:description\" content=\"No Open D&#8217;Or Talks deste m\u00eas, Lind\u00e1lia Junqueira re\u00fane grande p\u00fablico para discutir pr\u00e1ticas de inova\u00e7\u00e3o e empreendedorismo na atualidade digital Ontem, na 6\u00aa edi\u00e7\u00e3o do Open D\u2019Or Talks, Lind\u00e1lia Junqueira reuniu uma multid\u00e3o em nosso Hub para falar sobre o futuro Phygital: a integra\u00e7\u00e3o entre o mundo real e o virtual. De forma din\u00e2mica [&hellip;]\" \/>\n<meta property=\"og:url\" content=\"https:\/\/www.rededorsaoluiz.com.br\/instituto\/idor\/a-melhor-maneira-de-prever-o-futuro-e-cria-lo\/\" \/>\n<meta property=\"og:site_name\" content=\"IDOR - Instituto D&#039;Or de Pesquisa e Ensino\" \/>\n<meta property=\"article:published_time\" content=\"2019-06-29T03:00:38+00:00\" \/>\n<meta property=\"og:image\" content=\"https:\/\/www.rededorsaoluiz.com.br\/instituto\/idor\/wp-content\/uploads\/2019\/06\/criar-o-futuro.jpg\" \/>\n\t<meta property=\"og:image:width\" content=\"1280\" \/>\n\t<meta property=\"og:image:height\" content=\"960\" \/>\n\t<meta property=\"og:image:type\" content=\"image\/jpeg\" \/>\n<meta name=\"twitter:card\" content=\"summary_large_image\" \/>\n<meta name=\"twitter:label1\" content=\"Est. tempo de leitura\" \/>\n\t<meta name=\"twitter:data1\" content=\"3 minutos\" \/>\n<script type=\"application\/ld+json\" class=\"yoast-schema-graph\">{\"@context\":\"https:\\\/\\\/schema.org\",\"@graph\":[{\"@type\":\"Article\",\"@id\":\"https:\\\/\\\/www.rededorsaoluiz.com.br\\\/instituto\\\/idor\\\/a-melhor-maneira-de-prever-o-futuro-e-cria-lo\\\/#article\",\"isPartOf\":{\"@id\":\"https:\\\/\\\/www.rededorsaoluiz.com.br\\\/instituto\\\/idor\\\/a-melhor-maneira-de-prever-o-futuro-e-cria-lo\\\/\"},\"author\":{\"name\":\"\",\"@id\":\"\"},\"headline\":\"A melhor maneira de prever o futuro \u00e9 cri\u00e1-lo\",\"datePublished\":\"2019-06-29T03:00:38+00:00\",\"mainEntityOfPage\":{\"@id\":\"https:\\\/\\\/www.rededorsaoluiz.com.br\\\/instituto\\\/idor\\\/a-melhor-maneira-de-prever-o-futuro-e-cria-lo\\\/\"},\"wordCount\":583,\"commentCount\":0,\"image\":{\"@id\":\"https:\\\/\\\/www.rededorsaoluiz.com.br\\\/instituto\\\/idor\\\/a-melhor-maneira-de-prever-o-futuro-e-cria-lo\\\/#primaryimage\"},\"thumbnailUrl\":\"https:\\\/\\\/www.rededorsaoluiz.com.br\\\/instituto\\\/idor\\\/wp-content\\\/uploads\\\/2019\\\/06\\\/criar-o-futuro.jpg\",\"articleSection\":[\"Inova\u00e7\u00e3o\",\"Novidades\"],\"inLanguage\":\"pt-BR\",\"potentialAction\":[{\"@type\":\"CommentAction\",\"name\":\"Comment\",\"target\":[\"https:\\\/\\\/www.rededorsaoluiz.com.br\\\/instituto\\\/idor\\\/a-melhor-maneira-de-prever-o-futuro-e-cria-lo\\\/#respond\"]}]},{\"@type\":\"WebPage\",\"@id\":\"https:\\\/\\\/www.rededorsaoluiz.com.br\\\/instituto\\\/idor\\\/a-melhor-maneira-de-prever-o-futuro-e-cria-lo\\\/\",\"url\":\"https:\\\/\\\/www.rededorsaoluiz.com.br\\\/instituto\\\/idor\\\/a-melhor-maneira-de-prever-o-futuro-e-cria-lo\\\/\",\"name\":\"A melhor maneira de prever o futuro \u00e9 cri\u00e1-lo - IDOR - Instituto D&#039;Or de Pesquisa e Ensino\",\"isPartOf\":{\"@id\":\"https:\\\/\\\/www.rededorsaoluiz.com.br\\\/instituto\\\/idor\\\/#website\"},\"primaryImageOfPage\":{\"@id\":\"https:\\\/\\\/www.rededorsaoluiz.com.br\\\/instituto\\\/idor\\\/a-melhor-maneira-de-prever-o-futuro-e-cria-lo\\\/#primaryimage\"},\"image\":{\"@id\":\"https:\\\/\\\/www.rededorsaoluiz.com.br\\\/instituto\\\/idor\\\/a-melhor-maneira-de-prever-o-futuro-e-cria-lo\\\/#primaryimage\"},\"thumbnailUrl\":\"https:\\\/\\\/www.rededorsaoluiz.com.br\\\/instituto\\\/idor\\\/wp-content\\\/uploads\\\/2019\\\/06\\\/criar-o-futuro.jpg\",\"datePublished\":\"2019-06-29T03:00:38+00:00\",\"author\":{\"@id\":\"\"},\"breadcrumb\":{\"@id\":\"https:\\\/\\\/www.rededorsaoluiz.com.br\\\/instituto\\\/idor\\\/a-melhor-maneira-de-prever-o-futuro-e-cria-lo\\\/#breadcrumb\"},\"inLanguage\":\"pt-BR\",\"potentialAction\":[{\"@type\":\"ReadAction\",\"target\":[\"https:\\\/\\\/www.rededorsaoluiz.com.br\\\/instituto\\\/idor\\\/a-melhor-maneira-de-prever-o-futuro-e-cria-lo\\\/\"]}]},{\"@type\":\"ImageObject\",\"inLanguage\":\"pt-BR\",\"@id\":\"https:\\\/\\\/www.rededorsaoluiz.com.br\\\/instituto\\\/idor\\\/a-melhor-maneira-de-prever-o-futuro-e-cria-lo\\\/#primaryimage\",\"url\":\"https:\\\/\\\/www.rededorsaoluiz.com.br\\\/instituto\\\/idor\\\/wp-content\\\/uploads\\\/2019\\\/06\\\/criar-o-futuro.jpg\",\"contentUrl\":\"https:\\\/\\\/www.rededorsaoluiz.com.br\\\/instituto\\\/idor\\\/wp-content\\\/uploads\\\/2019\\\/06\\\/criar-o-futuro.jpg\",\"width\":1280,\"height\":960},{\"@type\":\"BreadcrumbList\",\"@id\":\"https:\\\/\\\/www.rededorsaoluiz.com.br\\\/instituto\\\/idor\\\/a-melhor-maneira-de-prever-o-futuro-e-cria-lo\\\/#breadcrumb\",\"itemListElement\":[{\"@type\":\"ListItem\",\"position\":1,\"name\":\"In\u00edcio\",\"item\":\"https:\\\/\\\/www.rededorsaoluiz.com.br\\\/instituto\\\/idor\\\/\"},{\"@type\":\"ListItem\",\"position\":2,\"name\":\"A melhor maneira de prever o futuro \u00e9 cri\u00e1-lo\"}]},{\"@type\":\"WebSite\",\"@id\":\"https:\\\/\\\/www.rededorsaoluiz.com.br\\\/instituto\\\/idor\\\/#website\",\"url\":\"https:\\\/\\\/www.rededorsaoluiz.com.br\\\/instituto\\\/idor\\\/\",\"name\":\"IDOR - Instituto D&#039;Or de Pesquisa e Ensino\",\"description\":\"\",\"potentialAction\":[{\"@type\":\"SearchAction\",\"target\":{\"@type\":\"EntryPoint\",\"urlTemplate\":\"https:\\\/\\\/www.rededorsaoluiz.com.br\\\/instituto\\\/idor\\\/?s={search_term_string}\"},\"query-input\":{\"@type\":\"PropertyValueSpecification\",\"valueRequired\":true,\"valueName\":\"search_term_string\"}}],\"inLanguage\":\"pt-BR\"}]}<\/script>\n<!-- \/ Yoast SEO plugin. -->","yoast_head_json":{"title":"A melhor maneira de prever o futuro \u00e9 cri\u00e1-lo - IDOR - Instituto D&#039;Or de Pesquisa e Ensino","canonical":"https:\/\/www.rededorsaoluiz.com.br\/instituto\/idor\/a-melhor-maneira-de-prever-o-futuro-e-cria-lo\/","og_locale":"pt_BR","og_type":"article","og_title":"A melhor maneira de prever o futuro \u00e9 cri\u00e1-lo - IDOR - Instituto D&#039;Or de Pesquisa e Ensino","og_description":"No Open D&#8217;Or Talks deste m\u00eas, Lind\u00e1lia Junqueira re\u00fane grande p\u00fablico para discutir pr\u00e1ticas de inova\u00e7\u00e3o e empreendedorismo na atualidade digital Ontem, na 6\u00aa edi\u00e7\u00e3o do Open D\u2019Or Talks, Lind\u00e1lia Junqueira reuniu uma multid\u00e3o em nosso Hub para falar sobre o futuro Phygital: a integra\u00e7\u00e3o entre o mundo real e o virtual. De forma din\u00e2mica [&hellip;]","og_url":"https:\/\/www.rededorsaoluiz.com.br\/instituto\/idor\/a-melhor-maneira-de-prever-o-futuro-e-cria-lo\/","og_site_name":"IDOR - Instituto D&#039;Or de Pesquisa e Ensino","article_published_time":"2019-06-29T03:00:38+00:00","og_image":[{"width":1280,"height":960,"url":"https:\/\/www.rededorsaoluiz.com.br\/instituto\/idor\/wp-content\/uploads\/2019\/06\/criar-o-futuro.jpg","type":"image\/jpeg"}],"twitter_card":"summary_large_image","twitter_misc":{"Est. tempo de leitura":"3 minutos"},"schema":{"@context":"https:\/\/schema.org","@graph":[{"@type":"Article","@id":"https:\/\/www.rededorsaoluiz.com.br\/instituto\/idor\/a-melhor-maneira-de-prever-o-futuro-e-cria-lo\/#article","isPartOf":{"@id":"https:\/\/www.rededorsaoluiz.com.br\/instituto\/idor\/a-melhor-maneira-de-prever-o-futuro-e-cria-lo\/"},"author":{"name":"","@id":""},"headline":"A melhor maneira de prever o futuro \u00e9 cri\u00e1-lo","datePublished":"2019-06-29T03:00:38+00:00","mainEntityOfPage":{"@id":"https:\/\/www.rededorsaoluiz.com.br\/instituto\/idor\/a-melhor-maneira-de-prever-o-futuro-e-cria-lo\/"},"wordCount":583,"commentCount":0,"image":{"@id":"https:\/\/www.rededorsaoluiz.com.br\/instituto\/idor\/a-melhor-maneira-de-prever-o-futuro-e-cria-lo\/#primaryimage"},"thumbnailUrl":"https:\/\/www.rededorsaoluiz.com.br\/instituto\/idor\/wp-content\/uploads\/2019\/06\/criar-o-futuro.jpg","articleSection":["Inova\u00e7\u00e3o","Novidades"],"inLanguage":"pt-BR","potentialAction":[{"@type":"CommentAction","name":"Comment","target":["https:\/\/www.rededorsaoluiz.com.br\/instituto\/idor\/a-melhor-maneira-de-prever-o-futuro-e-cria-lo\/#respond"]}]},{"@type":"WebPage","@id":"https:\/\/www.rededorsaoluiz.com.br\/instituto\/idor\/a-melhor-maneira-de-prever-o-futuro-e-cria-lo\/","url":"https:\/\/www.rededorsaoluiz.com.br\/instituto\/idor\/a-melhor-maneira-de-prever-o-futuro-e-cria-lo\/","name":"A melhor maneira de prever o futuro \u00e9 cri\u00e1-lo - IDOR - Instituto D&#039;Or de Pesquisa e Ensino","isPartOf":{"@id":"https:\/\/www.rededorsaoluiz.com.br\/instituto\/idor\/#website"},"primaryImageOfPage":{"@id":"https:\/\/www.rededorsaoluiz.com.br\/instituto\/idor\/a-melhor-maneira-de-prever-o-futuro-e-cria-lo\/#primaryimage"},"image":{"@id":"https:\/\/www.rededorsaoluiz.com.br\/instituto\/idor\/a-melhor-maneira-de-prever-o-futuro-e-cria-lo\/#primaryimage"},"thumbnailUrl":"https:\/\/www.rededorsaoluiz.com.br\/instituto\/idor\/wp-content\/uploads\/2019\/06\/criar-o-futuro.jpg","datePublished":"2019-06-29T03:00:38+00:00","author":{"@id":""},"breadcrumb":{"@id":"https:\/\/www.rededorsaoluiz.com.br\/instituto\/idor\/a-melhor-maneira-de-prever-o-futuro-e-cria-lo\/#breadcrumb"},"inLanguage":"pt-BR","potentialAction":[{"@type":"ReadAction","target":["https:\/\/www.rededorsaoluiz.com.br\/instituto\/idor\/a-melhor-maneira-de-prever-o-futuro-e-cria-lo\/"]}]},{"@type":"ImageObject","inLanguage":"pt-BR","@id":"https:\/\/www.rededorsaoluiz.com.br\/instituto\/idor\/a-melhor-maneira-de-prever-o-futuro-e-cria-lo\/#primaryimage","url":"https:\/\/www.rededorsaoluiz.com.br\/instituto\/idor\/wp-content\/uploads\/2019\/06\/criar-o-futuro.jpg","contentUrl":"https:\/\/www.rededorsaoluiz.com.br\/instituto\/idor\/wp-content\/uploads\/2019\/06\/criar-o-futuro.jpg","width":1280,"height":960},{"@type":"BreadcrumbList","@id":"https:\/\/www.rededorsaoluiz.com.br\/instituto\/idor\/a-melhor-maneira-de-prever-o-futuro-e-cria-lo\/#breadcrumb","itemListElement":[{"@type":"ListItem","position":1,"name":"In\u00edcio","item":"https:\/\/www.rededorsaoluiz.com.br\/instituto\/idor\/"},{"@type":"ListItem","position":2,"name":"A melhor maneira de prever o futuro \u00e9 cri\u00e1-lo"}]},{"@type":"WebSite","@id":"https:\/\/www.rededorsaoluiz.com.br\/instituto\/idor\/#website","url":"https:\/\/www.rededorsaoluiz.com.br\/instituto\/idor\/","name":"IDOR - Instituto D&#039;Or de Pesquisa e Ensino","description":"","potentialAction":[{"@type":"SearchAction","target":{"@type":"EntryPoint","urlTemplate":"https:\/\/www.rededorsaoluiz.com.br\/instituto\/idor\/?s={search_term_string}"},"query-input":{"@type":"PropertyValueSpecification","valueRequired":true,"valueName":"search_term_string"}}],"inLanguage":"pt-BR"}]}},"_links":{"self":[{"href":"https:\/\/www.rededorsaoluiz.com.br\/instituto\/idor\/wp-json\/wp\/v2\/posts\/7374","targetHints":{"allow":["GET"]}}],"collection":[{"href":"https:\/\/www.rededorsaoluiz.com.br\/instituto\/idor\/wp-json\/wp\/v2\/posts"}],"about":[{"href":"https:\/\/www.rededorsaoluiz.com.br\/instituto\/idor\/wp-json\/wp\/v2\/types\/post"}],"replies":[{"embeddable":true,"href":"https:\/\/www.rededorsaoluiz.com.br\/instituto\/idor\/wp-json\/wp\/v2\/comments?post=7374"}],"version-history":[{"count":0,"href":"https:\/\/www.rededorsaoluiz.com.br\/instituto\/idor\/wp-json\/wp\/v2\/posts\/7374\/revisions"}],"wp:featuredmedia":[{"embeddable":true,"href":"https:\/\/www.rededorsaoluiz.com.br\/instituto\/idor\/wp-json\/wp\/v2\/media\/7375"}],"wp:attachment":[{"href":"https:\/\/www.rededorsaoluiz.com.br\/instituto\/idor\/wp-json\/wp\/v2\/media?parent=7374"}],"wp:term":[{"taxonomy":"category","embeddable":true,"href":"https:\/\/www.rededorsaoluiz.com.br\/instituto\/idor\/wp-json\/wp\/v2\/categories?post=7374"},{"taxonomy":"post_tag","embeddable":true,"href":"https:\/\/www.rededorsaoluiz.com.br\/instituto\/idor\/wp-json\/wp\/v2\/tags?post=7374"}],"curies":[{"name":"wp","href":"https:\/\/api.w.org\/{rel}","templated":true}]}}