{"id":7454,"date":"2019-05-22T03:00:00","date_gmt":"2019-05-22T06:00:00","guid":{"rendered":"https:\/\/ptbr.idor.org\/curso-de-anatomia-aplicada-a-cirurgia-do-aparelho-digestivo\/"},"modified":"2019-05-22T03:00:00","modified_gmt":"2019-05-22T06:00:00","slug":"curso-de-anatomia-aplicada-a-cirurgia-do-aparelho-digestivo","status":"publish","type":"post","link":"https:\/\/www.rededorsaoluiz.com.br\/instituto\/idor\/curso-de-anatomia-aplicada-a-cirurgia-do-aparelho-digestivo\/","title":{"rendered":"Curso de Anatomia aplicada \u00e0 Cirurgia do Aparelho Digestivo"},"content":{"rendered":"<p>O estudo da anatomia \u00e9 base de aprendizagem em v\u00e1rios cursos da \u00e1rea de sa\u00fade. Embora seja comum associarmos diretamente ao campo da medicina, outras \u00e1reas tamb\u00e9m exigem aprofundamento no conhecimento do corpo humano, como \u00e9 o caso da Fisioterapia, Biomedicina,Educa\u00e7\u00e3o F\u00edsica, Enfermagem, Nutri\u00e7\u00e3o, Fonoaudiologia, Odontologia, Farm\u00e1cia,Psicologia, entre outras.<\/p>\n<p>Na \u00e1rea m\u00e9dica, por\u00e9m, o estudo da anatomia vem assumindo um papel diferenciado no contexto curricular. Na anatomia aplicada, o conhecimento anat\u00f4mico \u00e9 integrado aos diversos procedimentos t\u00e9cnicos e \u00e0s pr\u00e1ticas m\u00e9dicas, tanto na avalia\u00e7\u00e3o de exames f\u00edsicos, quanto nos estudos de radiografias, tomografias e resson\u00e2ncias.O conhecimento pr\u00e1tico da anatomia permite o desenvolvimento de compet\u00eancias acad\u00eamicas,isto \u00e9, melhor entendimento te\u00f3rico, mas tamb\u00e9m otimiza esse aprendizado nas aplica\u00e7\u00f5es pr\u00e1ticas em cl\u00ednicas, terapias e inclusive na medicina do esporte.<\/p>\n<p>Como o corpo humano possui v\u00e1rios sistemas e um alto n\u00edvel de complexidade, o estudo da anatomia aplicada \u00e9 muitas vezes segmentado de acordo com o enfoque profissional de cada m\u00e9dico ou estudante de medicina. No IDOR, o curso de <em>Anatomia aplicada \u00e0 Cirurgia do Aparelho Digestivo <\/em>visa um estudo focado na anatomia topogr\u00e1fica dos \u00f3rg\u00e3os que comp\u00f5e o sistema digest\u00f3rio, permitindo n\u00e3o apenas a elabora\u00e7\u00e3o de trabalhos cient\u00edficos, como tamb\u00e9m o entendimento de suas aplica\u00e7\u00f5es na pr\u00e1tica cir\u00fargica do Aparelho Digestivo.<\/p>\n<p>Dr. Ricardo Cotta, cirurgi\u00e3o geral e do aparelho digestivo, \u00e9 respons\u00e1vel pela coordena\u00e7\u00e3o do curso. Ele argumenta a import\u00e2ncia dos alunos desenvolverem uma vis\u00e3o diferenciada e mais pr\u00f3xima do real no estudo da anatomia da cavidade abdominal e dos \u00f3rg\u00e3os do aparelho digestivo, porque isso permite que de fato possam ver a aplicabilidade de seus conhecimentos. \u201cN\u00e3o h\u00e1 um curso semelhante no Rio de Janeiro, e talvez restante do Brasil. Ap\u00f3s conclus\u00e3o do curso, haver\u00e1 um processo seletivo que habilitar\u00e1 o aluno a cursar um m\u00f3dulo pr\u00e1tico,o curso de <em>Anatomia Cir\u00fargica do Aparelho Digestivo<\/em>, que permitir\u00e1 sua participa\u00e7\u00e3o em cirurgias junto \u00e0s equipes dos professores do curso\u201d, ressalta.<\/p>\n<p>O curso est\u00e1 com as inscri\u00e7\u00f5es abertas at\u00e9 o dia 30 de maio, e possui carga hor\u00e1ria de 48 horas. Com indica\u00e7\u00e3o para alunos cursando o internato (5\u00ba e 6\u00ba ano da faculdade de medicina) e Residentes de cirurgia geral e de aparelho digestivo, as aulas ser\u00e3o ministradas por especialistas na \u00e1rea, que compartilhar\u00e3o fotos e v\u00eddeos de cirurgias da Anatomia com alta resolu\u00e7\u00e3o.<\/p>\n<p>Escrito por Maria Eduarda Ledo de Abreu.<\/p>\n","protected":false},"excerpt":{"rendered":"<p>O estudo da anatomia \u00e9 base de aprendizagem em v\u00e1rios cursos da \u00e1rea de sa\u00fade. Embora seja comum associarmos diretamente ao campo da medicina, outras \u00e1reas tamb\u00e9m exigem aprofundamento no conhecimento do corpo humano, como \u00e9 o caso da Fisioterapia, Biomedicina,Educa\u00e7\u00e3o F\u00edsica, Enfermagem, Nutri\u00e7\u00e3o, Fonoaudiologia, Odontologia, Farm\u00e1cia,Psicologia, entre outras. Na \u00e1rea m\u00e9dica, por\u00e9m, o estudo [&hellip;]<\/p>\n","protected":false},"author":0,"featured_media":0,"comment_status":"open","ping_status":"open","sticky":false,"template":"","format":"standard","meta":{"_acf_changed":false,"footnotes":""},"categories":[5,191],"tags":[],"class_list":["post-7454","post","type-post","status-publish","format-standard","hentry","category-ensino","category-novidades"],"acf":[],"yoast_head":"<!-- This site is optimized with the Yoast SEO plugin v27.3 - https:\/\/yoast.com\/product\/yoast-seo-wordpress\/ -->\n<title>Curso de Anatomia aplicada \u00e0 Cirurgia do Aparelho Digestivo - IDOR - Instituto D&#039;Or de Pesquisa e Ensino<\/title>\n<link rel=\"canonical\" href=\"https:\/\/www.rededorsaoluiz.com.br\/instituto\/idor\/curso-de-anatomia-aplicada-a-cirurgia-do-aparelho-digestivo\/\" \/>\n<meta property=\"og:locale\" content=\"pt_BR\" \/>\n<meta property=\"og:type\" content=\"article\" \/>\n<meta property=\"og:title\" content=\"Curso de Anatomia aplicada \u00e0 Cirurgia do Aparelho Digestivo - IDOR - Instituto D&#039;Or de Pesquisa e Ensino\" \/>\n<meta property=\"og:description\" content=\"O estudo da anatomia \u00e9 base de aprendizagem em v\u00e1rios cursos da \u00e1rea de sa\u00fade. Embora seja comum associarmos diretamente ao campo da medicina, outras \u00e1reas tamb\u00e9m exigem aprofundamento no conhecimento do corpo humano, como \u00e9 o caso da Fisioterapia, Biomedicina,Educa\u00e7\u00e3o F\u00edsica, Enfermagem, Nutri\u00e7\u00e3o, Fonoaudiologia, Odontologia, Farm\u00e1cia,Psicologia, entre outras. Na \u00e1rea m\u00e9dica, por\u00e9m, o estudo [&hellip;]\" \/>\n<meta property=\"og:url\" content=\"https:\/\/www.rededorsaoluiz.com.br\/instituto\/idor\/curso-de-anatomia-aplicada-a-cirurgia-do-aparelho-digestivo\/\" \/>\n<meta property=\"og:site_name\" content=\"IDOR - Instituto D&#039;Or de Pesquisa e Ensino\" \/>\n<meta property=\"article:published_time\" content=\"2019-05-22T06:00:00+00:00\" \/>\n<meta name=\"twitter:card\" content=\"summary_large_image\" \/>\n<meta name=\"twitter:label1\" content=\"Est. tempo de leitura\" \/>\n\t<meta name=\"twitter:data1\" content=\"2 minutos\" \/>\n<script type=\"application\/ld+json\" class=\"yoast-schema-graph\">{\"@context\":\"https:\\\/\\\/schema.org\",\"@graph\":[{\"@type\":\"Article\",\"@id\":\"https:\\\/\\\/www.rededorsaoluiz.com.br\\\/instituto\\\/idor\\\/curso-de-anatomia-aplicada-a-cirurgia-do-aparelho-digestivo\\\/#article\",\"isPartOf\":{\"@id\":\"https:\\\/\\\/www.rededorsaoluiz.com.br\\\/instituto\\\/idor\\\/curso-de-anatomia-aplicada-a-cirurgia-do-aparelho-digestivo\\\/\"},\"author\":{\"name\":\"\",\"@id\":\"\"},\"headline\":\"Curso de Anatomia aplicada \u00e0 Cirurgia do Aparelho Digestivo\",\"datePublished\":\"2019-05-22T06:00:00+00:00\",\"mainEntityOfPage\":{\"@id\":\"https:\\\/\\\/www.rededorsaoluiz.com.br\\\/instituto\\\/idor\\\/curso-de-anatomia-aplicada-a-cirurgia-do-aparelho-digestivo\\\/\"},\"wordCount\":448,\"commentCount\":0,\"articleSection\":[\"Ensino\",\"Novidades\"],\"inLanguage\":\"pt-BR\",\"potentialAction\":[{\"@type\":\"CommentAction\",\"name\":\"Comment\",\"target\":[\"https:\\\/\\\/www.rededorsaoluiz.com.br\\\/instituto\\\/idor\\\/curso-de-anatomia-aplicada-a-cirurgia-do-aparelho-digestivo\\\/#respond\"]}]},{\"@type\":\"WebPage\",\"@id\":\"https:\\\/\\\/www.rededorsaoluiz.com.br\\\/instituto\\\/idor\\\/curso-de-anatomia-aplicada-a-cirurgia-do-aparelho-digestivo\\\/\",\"url\":\"https:\\\/\\\/www.rededorsaoluiz.com.br\\\/instituto\\\/idor\\\/curso-de-anatomia-aplicada-a-cirurgia-do-aparelho-digestivo\\\/\",\"name\":\"Curso de Anatomia aplicada \u00e0 Cirurgia do Aparelho Digestivo - IDOR - Instituto D&#039;Or de Pesquisa e Ensino\",\"isPartOf\":{\"@id\":\"https:\\\/\\\/www.rededorsaoluiz.com.br\\\/instituto\\\/idor\\\/#website\"},\"datePublished\":\"2019-05-22T06:00:00+00:00\",\"author\":{\"@id\":\"\"},\"breadcrumb\":{\"@id\":\"https:\\\/\\\/www.rededorsaoluiz.com.br\\\/instituto\\\/idor\\\/curso-de-anatomia-aplicada-a-cirurgia-do-aparelho-digestivo\\\/#breadcrumb\"},\"inLanguage\":\"pt-BR\",\"potentialAction\":[{\"@type\":\"ReadAction\",\"target\":[\"https:\\\/\\\/www.rededorsaoluiz.com.br\\\/instituto\\\/idor\\\/curso-de-anatomia-aplicada-a-cirurgia-do-aparelho-digestivo\\\/\"]}]},{\"@type\":\"BreadcrumbList\",\"@id\":\"https:\\\/\\\/www.rededorsaoluiz.com.br\\\/instituto\\\/idor\\\/curso-de-anatomia-aplicada-a-cirurgia-do-aparelho-digestivo\\\/#breadcrumb\",\"itemListElement\":[{\"@type\":\"ListItem\",\"position\":1,\"name\":\"In\u00edcio\",\"item\":\"https:\\\/\\\/www.rededorsaoluiz.com.br\\\/instituto\\\/idor\\\/\"},{\"@type\":\"ListItem\",\"position\":2,\"name\":\"Curso de Anatomia aplicada \u00e0 Cirurgia do Aparelho Digestivo\"}]},{\"@type\":\"WebSite\",\"@id\":\"https:\\\/\\\/www.rededorsaoluiz.com.br\\\/instituto\\\/idor\\\/#website\",\"url\":\"https:\\\/\\\/www.rededorsaoluiz.com.br\\\/instituto\\\/idor\\\/\",\"name\":\"IDOR - Instituto D&#039;Or de Pesquisa e Ensino\",\"description\":\"\",\"potentialAction\":[{\"@type\":\"SearchAction\",\"target\":{\"@type\":\"EntryPoint\",\"urlTemplate\":\"https:\\\/\\\/www.rededorsaoluiz.com.br\\\/instituto\\\/idor\\\/?s={search_term_string}\"},\"query-input\":{\"@type\":\"PropertyValueSpecification\",\"valueRequired\":true,\"valueName\":\"search_term_string\"}}],\"inLanguage\":\"pt-BR\"}]}<\/script>\n<!-- \/ Yoast SEO plugin. -->","yoast_head_json":{"title":"Curso de Anatomia aplicada \u00e0 Cirurgia do Aparelho Digestivo - IDOR - Instituto D&#039;Or de Pesquisa e Ensino","canonical":"https:\/\/www.rededorsaoluiz.com.br\/instituto\/idor\/curso-de-anatomia-aplicada-a-cirurgia-do-aparelho-digestivo\/","og_locale":"pt_BR","og_type":"article","og_title":"Curso de Anatomia aplicada \u00e0 Cirurgia do Aparelho Digestivo - IDOR - Instituto D&#039;Or de Pesquisa e Ensino","og_description":"O estudo da anatomia \u00e9 base de aprendizagem em v\u00e1rios cursos da \u00e1rea de sa\u00fade. Embora seja comum associarmos diretamente ao campo da medicina, outras \u00e1reas tamb\u00e9m exigem aprofundamento no conhecimento do corpo humano, como \u00e9 o caso da Fisioterapia, Biomedicina,Educa\u00e7\u00e3o F\u00edsica, Enfermagem, Nutri\u00e7\u00e3o, Fonoaudiologia, Odontologia, Farm\u00e1cia,Psicologia, entre outras. Na \u00e1rea m\u00e9dica, por\u00e9m, o estudo [&hellip;]","og_url":"https:\/\/www.rededorsaoluiz.com.br\/instituto\/idor\/curso-de-anatomia-aplicada-a-cirurgia-do-aparelho-digestivo\/","og_site_name":"IDOR - Instituto D&#039;Or de Pesquisa e Ensino","article_published_time":"2019-05-22T06:00:00+00:00","twitter_card":"summary_large_image","twitter_misc":{"Est. tempo de leitura":"2 minutos"},"schema":{"@context":"https:\/\/schema.org","@graph":[{"@type":"Article","@id":"https:\/\/www.rededorsaoluiz.com.br\/instituto\/idor\/curso-de-anatomia-aplicada-a-cirurgia-do-aparelho-digestivo\/#article","isPartOf":{"@id":"https:\/\/www.rededorsaoluiz.com.br\/instituto\/idor\/curso-de-anatomia-aplicada-a-cirurgia-do-aparelho-digestivo\/"},"author":{"name":"","@id":""},"headline":"Curso de Anatomia aplicada \u00e0 Cirurgia do Aparelho Digestivo","datePublished":"2019-05-22T06:00:00+00:00","mainEntityOfPage":{"@id":"https:\/\/www.rededorsaoluiz.com.br\/instituto\/idor\/curso-de-anatomia-aplicada-a-cirurgia-do-aparelho-digestivo\/"},"wordCount":448,"commentCount":0,"articleSection":["Ensino","Novidades"],"inLanguage":"pt-BR","potentialAction":[{"@type":"CommentAction","name":"Comment","target":["https:\/\/www.rededorsaoluiz.com.br\/instituto\/idor\/curso-de-anatomia-aplicada-a-cirurgia-do-aparelho-digestivo\/#respond"]}]},{"@type":"WebPage","@id":"https:\/\/www.rededorsaoluiz.com.br\/instituto\/idor\/curso-de-anatomia-aplicada-a-cirurgia-do-aparelho-digestivo\/","url":"https:\/\/www.rededorsaoluiz.com.br\/instituto\/idor\/curso-de-anatomia-aplicada-a-cirurgia-do-aparelho-digestivo\/","name":"Curso de Anatomia aplicada \u00e0 Cirurgia do Aparelho Digestivo - IDOR - Instituto D&#039;Or de Pesquisa e Ensino","isPartOf":{"@id":"https:\/\/www.rededorsaoluiz.com.br\/instituto\/idor\/#website"},"datePublished":"2019-05-22T06:00:00+00:00","author":{"@id":""},"breadcrumb":{"@id":"https:\/\/www.rededorsaoluiz.com.br\/instituto\/idor\/curso-de-anatomia-aplicada-a-cirurgia-do-aparelho-digestivo\/#breadcrumb"},"inLanguage":"pt-BR","potentialAction":[{"@type":"ReadAction","target":["https:\/\/www.rededorsaoluiz.com.br\/instituto\/idor\/curso-de-anatomia-aplicada-a-cirurgia-do-aparelho-digestivo\/"]}]},{"@type":"BreadcrumbList","@id":"https:\/\/www.rededorsaoluiz.com.br\/instituto\/idor\/curso-de-anatomia-aplicada-a-cirurgia-do-aparelho-digestivo\/#breadcrumb","itemListElement":[{"@type":"ListItem","position":1,"name":"In\u00edcio","item":"https:\/\/www.rededorsaoluiz.com.br\/instituto\/idor\/"},{"@type":"ListItem","position":2,"name":"Curso de Anatomia aplicada \u00e0 Cirurgia do Aparelho Digestivo"}]},{"@type":"WebSite","@id":"https:\/\/www.rededorsaoluiz.com.br\/instituto\/idor\/#website","url":"https:\/\/www.rededorsaoluiz.com.br\/instituto\/idor\/","name":"IDOR - Instituto D&#039;Or de Pesquisa e Ensino","description":"","potentialAction":[{"@type":"SearchAction","target":{"@type":"EntryPoint","urlTemplate":"https:\/\/www.rededorsaoluiz.com.br\/instituto\/idor\/?s={search_term_string}"},"query-input":{"@type":"PropertyValueSpecification","valueRequired":true,"valueName":"search_term_string"}}],"inLanguage":"pt-BR"}]}},"_links":{"self":[{"href":"https:\/\/www.rededorsaoluiz.com.br\/instituto\/idor\/wp-json\/wp\/v2\/posts\/7454","targetHints":{"allow":["GET"]}}],"collection":[{"href":"https:\/\/www.rededorsaoluiz.com.br\/instituto\/idor\/wp-json\/wp\/v2\/posts"}],"about":[{"href":"https:\/\/www.rededorsaoluiz.com.br\/instituto\/idor\/wp-json\/wp\/v2\/types\/post"}],"replies":[{"embeddable":true,"href":"https:\/\/www.rededorsaoluiz.com.br\/instituto\/idor\/wp-json\/wp\/v2\/comments?post=7454"}],"version-history":[{"count":0,"href":"https:\/\/www.rededorsaoluiz.com.br\/instituto\/idor\/wp-json\/wp\/v2\/posts\/7454\/revisions"}],"wp:attachment":[{"href":"https:\/\/www.rededorsaoluiz.com.br\/instituto\/idor\/wp-json\/wp\/v2\/media?parent=7454"}],"wp:term":[{"taxonomy":"category","embeddable":true,"href":"https:\/\/www.rededorsaoluiz.com.br\/instituto\/idor\/wp-json\/wp\/v2\/categories?post=7454"},{"taxonomy":"post_tag","embeddable":true,"href":"https:\/\/www.rededorsaoluiz.com.br\/instituto\/idor\/wp-json\/wp\/v2\/tags?post=7454"}],"curies":[{"name":"wp","href":"https:\/\/api.w.org\/{rel}","templated":true}]}}