{"id":7483,"date":"2019-04-30T03:00:00","date_gmt":"2019-04-30T06:00:00","guid":{"rendered":"https:\/\/ptbr.idor.org\/maratona-do-cerebro-evento-rio2c\/"},"modified":"2019-04-30T03:00:00","modified_gmt":"2019-04-30T06:00:00","slug":"maratona-do-cerebro-evento-rio2c","status":"publish","type":"post","link":"https:\/\/www.rededorsaoluiz.com.br\/instituto\/idor\/maratona-do-cerebro-evento-rio2c\/","title":{"rendered":"Maratona do C\u00e9rebro \u2013 Evento Rio2c"},"content":{"rendered":"<p><em>Pesquisadores do IDOR foram destaque no BrainSpace, espa\u00e7o inaugurado para debater criatividade e neuroci\u00eancia<\/em><\/p>\n<p>Semana passada aconteceu o Rio2c, o maior evento da ind\u00fastria criativa na Am\u00e9rica Latina. Durante seis dias, a Cidade das Artes foi palco de debates, palestras, games e shows que reuniram empresas de produ\u00e7\u00e3o de conte\u00fado, cientistas, profissionais de m\u00eddia e artistas nacionais e internacionais para falar de neg\u00f3cios, inova\u00e7\u00e3o e criatividade. O evento tamb\u00e9m oferecia entretenimento e oficinas aos participantes, que iam desde estudantes, universit\u00e1rios e rec\u00e9m-formados at\u00e9 empreendedores e profissionais da ind\u00fastria criativa em busca de conhecimento e conex\u00f5es de mercado.<\/p>\n<p>Este ano, o Rio2c inaugurou um espa\u00e7o de conte\u00fado dedicado apenas ao funcionamento do c\u00e9rebro humano, o BrainSpace, que concentrou debates acerca da intera\u00e7\u00e3o entre homem e m\u00e1quina, assim como as influ\u00eancias da tecnologia contempor\u00e2nea nas rela\u00e7\u00f5es entre as pessoas. Neste espa\u00e7o, 15 pesquisadores do Instituto D\u2019Or ministraram mais de 17 palestras, al\u00e9m de colaborarem na execu\u00e7\u00e3o da imers\u00e3o art\u00edstica de Alan Macy, neurocientista que colocou os batimentos card\u00edacos dos participantes para sincronizar um show de luzes na sala.<\/p>\n<p>Al\u00e9m do BrainSpace, os pesquisadores tamb\u00e9m participaram de um debate na Grande Sala, maior espa\u00e7o do local, com 1.250 assentos. Stevens Rehen, pesquisador do IDOR e professor da UFRJ, foi moderador da mesa que discutia o aumento da performance do c\u00e9rebro atrav\u00e9s de aparelhos e programas tecnol\u00f3gicos, reunindo a opini\u00e3o de desenvolvedores dessas tecnologias e de neurocientistas, entre eles Jorge Moll Neto, Diretor da unidade de Neuroci\u00eancia Cognitiva e Neuroinform\u00e1tica do IDOR e Presidente do nosso Conselho Administrativo.<\/p>\n<p>No debate, intitulado \u201cC\u00e9rebro: a pr\u00f3xima fronteira\u201d, foram exibidos <em>apps<\/em> para treinamentos cognitivos, aparelhos de neuroci\u00eancia aplicada e <em>cases<\/em> de avan\u00e7o em tratamentos tecnol\u00f3gicos n\u00e3o invasivos, que j\u00e1 est\u00e3o sendo testados internacionalmente na recupera\u00e7\u00e3o p\u00f3s AVC e em outros traumas neurol\u00f3gicos. \u00a0Jorge Moll Neto argumentou como era importante trazer esses avan\u00e7os cient\u00edficos para o p\u00fablico geral, o que arrecada visibilidade e fomento para o desenvolvimento de novas tecnologias em sa\u00fade. \u201cA jun\u00e7\u00e3o entre ci\u00eancia e mentalidade empreendedora \u00e9 uma combina\u00e7\u00e3o m\u00e1gica para o desenvolvimento de solu\u00e7\u00f5es na sa\u00fade e na qualidade de vida\u201d, comentou. Ao ser perguntado por Rehen sobre o que achava das novas tecnologias influenciando nosso c\u00e9rebro e nosso futuro, Moll concluiu que a partir de agora nossa evolu\u00e7\u00e3o deve se dar de maneira mais tecnol\u00f3gica do que natural, mas que os benef\u00edcios e desvantagens dessa nova configura\u00e7\u00e3o s\u00f3 v\u00e3o ficar mais claros no futuro.<\/p>\n<p>Talvez seja por apostar numa vis\u00e3o positiva desse futuro que Jorge Moll Neto dedica parte de seus estudos neurocient\u00edficos ao altru\u00edsmo. Em outro dia do evento, Moll foi entrevistado pelo jornalista Marcelo Leite no BrainSpace para debater sobre \u201cO c\u00e9rebro moral e o altru\u00edsmo humano\u201d. O pesquisador argumenta que, assim como o ego\u00edsmo, o altru\u00edsmo humano \u00e9 um produto natural da evolu\u00e7\u00e3o da esp\u00e9cie, e que boa parte de nosso c\u00e9rebro \u00e9 dedicada a lidar com as situa\u00e7\u00f5es sociais. Ele explica tamb\u00e9m que esse processo n\u00e3o surgiu sem uma fun\u00e7\u00e3o, e os estudos apontam que essa rela\u00e7\u00e3o com o outro \u00e9 o que permitiu aos grupos humanos a sobreviv\u00eancia e desenvolvimento. Em pesquisa realizada atrav\u00e9s de resson\u00e2ncia magn\u00e9tica, o neurocientista mostrou que os sistemas de recompensa do c\u00e9rebro se ativam quando fazemos bem a algu\u00e9m. \u201cEra algo que todo mundo j\u00e1 sabia: fazer o bem faz bem. Mas quando vemos isso exposto na ci\u00eancia, ficamos impressionados\u201d, brincou Jorge.<\/p>\n<p>A Presidente do IDOR, Fernanda Tovar-Moll, tamb\u00e9m participou das palestras no BrainSpace, onde discutiu e mostrou seus estudos sobre neuroplasticidade. A neuroplasticidade, ou plasticidade cerebral, \u00e9 um fen\u00f4meno que ocorre no c\u00e9rebro, permitindo que ele modifique suas fun\u00e7\u00f5es e estruturas de acordo com a pr\u00f3pria experi\u00eancia, configurando um \u201cmapa\u201d mut\u00e1vel chamado de conectoma humano. Essa \u201cmaleabilidade\u201d \u00e9 maior em crian\u00e7as, mas continua presente mesmo na terceira idade, e \u00e9 um caminho de estudos que pode se mostrar interessante em tratamentos de doen\u00e7as como Parkinson e AVC. Fernanda Tovar-Moll, por\u00e9m, salientou que os estudos que abordam a indu\u00e7\u00e3o dessa plasticidade cerebral ainda est\u00e3o no come\u00e7o, mas que t\u00eam mostrado resultados encorajadores, como o uso de neurofeedback, uma esp\u00e9cie de treinamento cerebral que consegue aumentar a atividade cerebral em menos de uma hora. \u201cN\u00f3s ainda estamos aprendendo com isso tudo, e vem da\u00ed a import\u00e2ncia de mais pesquisas nessa \u00e1rea\u201d, concluiu Fernanda.<\/p>\n<p><strong>Quem participou<\/strong><\/p>\n<p>No dia 24 de abril, Raquel Quimas falou de \u201cRealidade Virtual e Psiquiatria\u201d, Patr\u00edcia Bado e Tiago Bortolini debateram sobre a rela\u00e7\u00e3o entre \u201cM\u00eddia social e vidasocial: os desafios e benef\u00edcios de uma vida conectada\u201d e Theo Marins trouxe seus resultados acerca da \u201cPlasticidade do c\u00e9rebro: rapidez recorde\u201d.<\/p>\n<p>No dia 25 de abril, Erika Rodrigues palestrou sobre \u201cPlasticidade do c\u00e9rebro: Representa\u00e7\u00e3o corporal\u201d e Ronald Fisher falou de \u201cC\u00e9rebro e Comportamento\u201d, al\u00e9m de participar de outra conversa sobre medo e ansiedade no BrainSpace. Nesse dia, tamb\u00e9m tivemos Jorge Moll Neto e Stevens Rehen na Grande Sala, com o debate \u201cC\u00e9rebro: a pr\u00f3xima fronteira\u201d.<\/p>\n<p>No dia 26, foi quando nossa presidente Fernanda Tovar-Moll falou primeiramente sobre \u201cImagens do c\u00e9rebro\u201d, seguida pela entrevista sobre \u201cO c\u00e9rebro moral e o altru\u00edsmo humano\u201d, com Jorge Moll Neto. Tamb\u00e9m tivemos Gabriel Guerrer falando sobre \u201cMente e mat\u00e9ria \u201c, Roberto Lent e Lu\u00eds Fernando T\u00f3foli sobre \u201cC\u00e9rebro \u00e9tico\u201d e Ricardo de Oliveira Souza sobre psicopatia com apalestra \u201cSocial Psychopath\u201d.<\/p>\n<p>No dia 27, \u201cC\u00e9rebro e recompensas\u201d foi o tema Patr\u00edcia Bado. Erika Rodrigues, Fernanda Tovar Moll e Theo Marins participaram do \u201cBrainChats: Neuromodulation tech\u201d.<\/p>\n<p>No \u00faltimo dia de evento, 28 de abril, Roberto Lent deu uma palestra sobre \u201cC\u00e9rebro e \u00e9tica\u201d, Tiago Bortolini sobre \u201cO c\u00e9rebro social\u201d, Ronald Fisher falou de \u201cC\u00e9rebro e comportamento\u201d, Julie Weingartner de \u201cO c\u00e9rebro musical\u201d e Theo Marins e Heitor Siffert Pereira de Souza conclu\u00edram a parti\u00e7\u00e3o do IDOR com o debate \u201cBrain Chats: A multid\u00e3o que nos habita: micr\u00f3bios e seu c\u00e9rebro \u201d.<\/p>\n<p>Escrito por Maria Eduarda Ledo de Abreu.<\/p>\n","protected":false},"excerpt":{"rendered":"<p>Pesquisadores do IDOR foram destaque no BrainSpace, espa\u00e7o inaugurado para debater criatividade e neuroci\u00eancia Semana passada aconteceu o Rio2c, o maior evento da ind\u00fastria criativa na Am\u00e9rica Latina. Durante seis dias, a Cidade das Artes foi palco de debates, palestras, games e shows que reuniram empresas de produ\u00e7\u00e3o de conte\u00fado, cientistas, profissionais de m\u00eddia e [&hellip;]<\/p>\n","protected":false},"author":0,"featured_media":0,"comment_status":"open","ping_status":"open","sticky":false,"template":"","format":"standard","meta":{"_acf_changed":false,"footnotes":""},"categories":[191],"tags":[],"class_list":["post-7483","post","type-post","status-publish","format-standard","hentry","category-novidades"],"acf":[],"yoast_head":"<!-- This site is optimized with the Yoast SEO plugin v27.3 - https:\/\/yoast.com\/product\/yoast-seo-wordpress\/ -->\n<title>Maratona do C\u00e9rebro \u2013 Evento Rio2c - IDOR - Instituto D&#039;Or de Pesquisa e Ensino<\/title>\n<link rel=\"canonical\" href=\"https:\/\/www.rededorsaoluiz.com.br\/instituto\/idor\/maratona-do-cerebro-evento-rio2c\/\" \/>\n<meta property=\"og:locale\" content=\"pt_BR\" \/>\n<meta property=\"og:type\" content=\"article\" \/>\n<meta property=\"og:title\" content=\"Maratona do C\u00e9rebro \u2013 Evento Rio2c - IDOR - Instituto D&#039;Or de Pesquisa e Ensino\" \/>\n<meta property=\"og:description\" content=\"Pesquisadores do IDOR foram destaque no BrainSpace, espa\u00e7o inaugurado para debater criatividade e neuroci\u00eancia Semana passada aconteceu o Rio2c, o maior evento da ind\u00fastria criativa na Am\u00e9rica Latina. Durante seis dias, a Cidade das Artes foi palco de debates, palestras, games e shows que reuniram empresas de produ\u00e7\u00e3o de conte\u00fado, cientistas, profissionais de m\u00eddia e [&hellip;]\" \/>\n<meta property=\"og:url\" content=\"https:\/\/www.rededorsaoluiz.com.br\/instituto\/idor\/maratona-do-cerebro-evento-rio2c\/\" \/>\n<meta property=\"og:site_name\" content=\"IDOR - Instituto D&#039;Or de Pesquisa e Ensino\" \/>\n<meta property=\"article:published_time\" content=\"2019-04-30T06:00:00+00:00\" \/>\n<meta name=\"twitter:card\" content=\"summary_large_image\" \/>\n<meta name=\"twitter:label1\" content=\"Est. tempo de leitura\" \/>\n\t<meta name=\"twitter:data1\" content=\"5 minutos\" \/>\n<script type=\"application\/ld+json\" class=\"yoast-schema-graph\">{\"@context\":\"https:\\\/\\\/schema.org\",\"@graph\":[{\"@type\":\"Article\",\"@id\":\"https:\\\/\\\/www.rededorsaoluiz.com.br\\\/instituto\\\/idor\\\/maratona-do-cerebro-evento-rio2c\\\/#article\",\"isPartOf\":{\"@id\":\"https:\\\/\\\/www.rededorsaoluiz.com.br\\\/instituto\\\/idor\\\/maratona-do-cerebro-evento-rio2c\\\/\"},\"author\":{\"name\":\"\",\"@id\":\"\"},\"headline\":\"Maratona do C\u00e9rebro \u2013 Evento Rio2c\",\"datePublished\":\"2019-04-30T06:00:00+00:00\",\"mainEntityOfPage\":{\"@id\":\"https:\\\/\\\/www.rededorsaoluiz.com.br\\\/instituto\\\/idor\\\/maratona-do-cerebro-evento-rio2c\\\/\"},\"wordCount\":1095,\"commentCount\":0,\"articleSection\":[\"Novidades\"],\"inLanguage\":\"pt-BR\",\"potentialAction\":[{\"@type\":\"CommentAction\",\"name\":\"Comment\",\"target\":[\"https:\\\/\\\/www.rededorsaoluiz.com.br\\\/instituto\\\/idor\\\/maratona-do-cerebro-evento-rio2c\\\/#respond\"]}]},{\"@type\":\"WebPage\",\"@id\":\"https:\\\/\\\/www.rededorsaoluiz.com.br\\\/instituto\\\/idor\\\/maratona-do-cerebro-evento-rio2c\\\/\",\"url\":\"https:\\\/\\\/www.rededorsaoluiz.com.br\\\/instituto\\\/idor\\\/maratona-do-cerebro-evento-rio2c\\\/\",\"name\":\"Maratona do C\u00e9rebro \u2013 Evento Rio2c - IDOR - Instituto D&#039;Or de Pesquisa e Ensino\",\"isPartOf\":{\"@id\":\"https:\\\/\\\/www.rededorsaoluiz.com.br\\\/instituto\\\/idor\\\/#website\"},\"datePublished\":\"2019-04-30T06:00:00+00:00\",\"author\":{\"@id\":\"\"},\"breadcrumb\":{\"@id\":\"https:\\\/\\\/www.rededorsaoluiz.com.br\\\/instituto\\\/idor\\\/maratona-do-cerebro-evento-rio2c\\\/#breadcrumb\"},\"inLanguage\":\"pt-BR\",\"potentialAction\":[{\"@type\":\"ReadAction\",\"target\":[\"https:\\\/\\\/www.rededorsaoluiz.com.br\\\/instituto\\\/idor\\\/maratona-do-cerebro-evento-rio2c\\\/\"]}]},{\"@type\":\"BreadcrumbList\",\"@id\":\"https:\\\/\\\/www.rededorsaoluiz.com.br\\\/instituto\\\/idor\\\/maratona-do-cerebro-evento-rio2c\\\/#breadcrumb\",\"itemListElement\":[{\"@type\":\"ListItem\",\"position\":1,\"name\":\"In\u00edcio\",\"item\":\"https:\\\/\\\/www.rededorsaoluiz.com.br\\\/instituto\\\/idor\\\/\"},{\"@type\":\"ListItem\",\"position\":2,\"name\":\"Maratona do C\u00e9rebro \u2013 Evento Rio2c\"}]},{\"@type\":\"WebSite\",\"@id\":\"https:\\\/\\\/www.rededorsaoluiz.com.br\\\/instituto\\\/idor\\\/#website\",\"url\":\"https:\\\/\\\/www.rededorsaoluiz.com.br\\\/instituto\\\/idor\\\/\",\"name\":\"IDOR - Instituto D&#039;Or de Pesquisa e Ensino\",\"description\":\"\",\"potentialAction\":[{\"@type\":\"SearchAction\",\"target\":{\"@type\":\"EntryPoint\",\"urlTemplate\":\"https:\\\/\\\/www.rededorsaoluiz.com.br\\\/instituto\\\/idor\\\/?s={search_term_string}\"},\"query-input\":{\"@type\":\"PropertyValueSpecification\",\"valueRequired\":true,\"valueName\":\"search_term_string\"}}],\"inLanguage\":\"pt-BR\"}]}<\/script>\n<!-- \/ Yoast SEO plugin. -->","yoast_head_json":{"title":"Maratona do C\u00e9rebro \u2013 Evento Rio2c - IDOR - Instituto D&#039;Or de Pesquisa e Ensino","canonical":"https:\/\/www.rededorsaoluiz.com.br\/instituto\/idor\/maratona-do-cerebro-evento-rio2c\/","og_locale":"pt_BR","og_type":"article","og_title":"Maratona do C\u00e9rebro \u2013 Evento Rio2c - IDOR - Instituto D&#039;Or de Pesquisa e Ensino","og_description":"Pesquisadores do IDOR foram destaque no BrainSpace, espa\u00e7o inaugurado para debater criatividade e neuroci\u00eancia Semana passada aconteceu o Rio2c, o maior evento da ind\u00fastria criativa na Am\u00e9rica Latina. Durante seis dias, a Cidade das Artes foi palco de debates, palestras, games e shows que reuniram empresas de produ\u00e7\u00e3o de conte\u00fado, cientistas, profissionais de m\u00eddia e [&hellip;]","og_url":"https:\/\/www.rededorsaoluiz.com.br\/instituto\/idor\/maratona-do-cerebro-evento-rio2c\/","og_site_name":"IDOR - Instituto D&#039;Or de Pesquisa e Ensino","article_published_time":"2019-04-30T06:00:00+00:00","twitter_card":"summary_large_image","twitter_misc":{"Est. tempo de leitura":"5 minutos"},"schema":{"@context":"https:\/\/schema.org","@graph":[{"@type":"Article","@id":"https:\/\/www.rededorsaoluiz.com.br\/instituto\/idor\/maratona-do-cerebro-evento-rio2c\/#article","isPartOf":{"@id":"https:\/\/www.rededorsaoluiz.com.br\/instituto\/idor\/maratona-do-cerebro-evento-rio2c\/"},"author":{"name":"","@id":""},"headline":"Maratona do C\u00e9rebro \u2013 Evento Rio2c","datePublished":"2019-04-30T06:00:00+00:00","mainEntityOfPage":{"@id":"https:\/\/www.rededorsaoluiz.com.br\/instituto\/idor\/maratona-do-cerebro-evento-rio2c\/"},"wordCount":1095,"commentCount":0,"articleSection":["Novidades"],"inLanguage":"pt-BR","potentialAction":[{"@type":"CommentAction","name":"Comment","target":["https:\/\/www.rededorsaoluiz.com.br\/instituto\/idor\/maratona-do-cerebro-evento-rio2c\/#respond"]}]},{"@type":"WebPage","@id":"https:\/\/www.rededorsaoluiz.com.br\/instituto\/idor\/maratona-do-cerebro-evento-rio2c\/","url":"https:\/\/www.rededorsaoluiz.com.br\/instituto\/idor\/maratona-do-cerebro-evento-rio2c\/","name":"Maratona do C\u00e9rebro \u2013 Evento Rio2c - IDOR - Instituto D&#039;Or de Pesquisa e Ensino","isPartOf":{"@id":"https:\/\/www.rededorsaoluiz.com.br\/instituto\/idor\/#website"},"datePublished":"2019-04-30T06:00:00+00:00","author":{"@id":""},"breadcrumb":{"@id":"https:\/\/www.rededorsaoluiz.com.br\/instituto\/idor\/maratona-do-cerebro-evento-rio2c\/#breadcrumb"},"inLanguage":"pt-BR","potentialAction":[{"@type":"ReadAction","target":["https:\/\/www.rededorsaoluiz.com.br\/instituto\/idor\/maratona-do-cerebro-evento-rio2c\/"]}]},{"@type":"BreadcrumbList","@id":"https:\/\/www.rededorsaoluiz.com.br\/instituto\/idor\/maratona-do-cerebro-evento-rio2c\/#breadcrumb","itemListElement":[{"@type":"ListItem","position":1,"name":"In\u00edcio","item":"https:\/\/www.rededorsaoluiz.com.br\/instituto\/idor\/"},{"@type":"ListItem","position":2,"name":"Maratona do C\u00e9rebro \u2013 Evento Rio2c"}]},{"@type":"WebSite","@id":"https:\/\/www.rededorsaoluiz.com.br\/instituto\/idor\/#website","url":"https:\/\/www.rededorsaoluiz.com.br\/instituto\/idor\/","name":"IDOR - Instituto D&#039;Or de Pesquisa e Ensino","description":"","potentialAction":[{"@type":"SearchAction","target":{"@type":"EntryPoint","urlTemplate":"https:\/\/www.rededorsaoluiz.com.br\/instituto\/idor\/?s={search_term_string}"},"query-input":{"@type":"PropertyValueSpecification","valueRequired":true,"valueName":"search_term_string"}}],"inLanguage":"pt-BR"}]}},"_links":{"self":[{"href":"https:\/\/www.rededorsaoluiz.com.br\/instituto\/idor\/wp-json\/wp\/v2\/posts\/7483","targetHints":{"allow":["GET"]}}],"collection":[{"href":"https:\/\/www.rededorsaoluiz.com.br\/instituto\/idor\/wp-json\/wp\/v2\/posts"}],"about":[{"href":"https:\/\/www.rededorsaoluiz.com.br\/instituto\/idor\/wp-json\/wp\/v2\/types\/post"}],"replies":[{"embeddable":true,"href":"https:\/\/www.rededorsaoluiz.com.br\/instituto\/idor\/wp-json\/wp\/v2\/comments?post=7483"}],"version-history":[{"count":0,"href":"https:\/\/www.rededorsaoluiz.com.br\/instituto\/idor\/wp-json\/wp\/v2\/posts\/7483\/revisions"}],"wp:attachment":[{"href":"https:\/\/www.rededorsaoluiz.com.br\/instituto\/idor\/wp-json\/wp\/v2\/media?parent=7483"}],"wp:term":[{"taxonomy":"category","embeddable":true,"href":"https:\/\/www.rededorsaoluiz.com.br\/instituto\/idor\/wp-json\/wp\/v2\/categories?post=7483"},{"taxonomy":"post_tag","embeddable":true,"href":"https:\/\/www.rededorsaoluiz.com.br\/instituto\/idor\/wp-json\/wp\/v2\/tags?post=7483"}],"curies":[{"name":"wp","href":"https:\/\/api.w.org\/{rel}","templated":true}]}}