{"id":7535,"date":"2019-03-11T03:00:00","date_gmt":"2019-03-11T06:00:00","guid":{"rendered":"https:\/\/ptbr.idor.org\/o-que-fazer-quando-um-paciente-se-queixa-de-desmaios\/"},"modified":"2019-03-11T03:00:00","modified_gmt":"2019-03-11T06:00:00","slug":"o-que-fazer-quando-um-paciente-se-queixa-de-desmaios","status":"publish","type":"post","link":"https:\/\/www.rededorsaoluiz.com.br\/instituto\/idor\/o-que-fazer-quando-um-paciente-se-queixa-de-desmaios\/","title":{"rendered":"O que fazer quando um paciente se queixa de desmaios?"},"content":{"rendered":"<p><em>Equipe da Rede D\u2019Or S\u00e3o Luiz desenvolve protocolo de atendimento emergencial a pessoas com s\u00edncope. Implementado em hospitais de v\u00e1rios estados, a ferramenta favorece o diagn\u00f3stico e auxilia equipes m\u00e9dicas nas decis\u00f5es sobre a conduta a seguir em cada caso.<\/em><\/p>\n<p>Os desmaios \u2013 ou s\u00edncopes, no jarg\u00e3o m\u00e9dico \u2013 s\u00e3o queixas comuns em atendimentos de emerg\u00eancia e podem ter diferentes causas, desde quest\u00f5es simples como uma baixa de press\u00e3o at\u00e9 problemas de sa\u00fade mais delicados, como as arritmias card\u00edacas. Por isso, ao atender um caso de s\u00edncope, a equipe m\u00e9dica precisa estar preparada para identificar os pacientes sob risco de complica\u00e7\u00f5es mais graves para tomar as provid\u00eancias adequadas. Pensando nisso, a equipe do <a href=\"http:\/\/arritmia.med.br\/\" data-rt-link-type=\"external\">servi\u00e7o de arritmia card\u00edaca da Rede D\u2019Or S\u00e3o Luiz<\/a> (RDSL) desenvolveu e implementou um protocolo in\u00e9dito para ser utilizado nos servi\u00e7os de emerg\u00eancia.<\/p>\n<p>Liderado pela cardiologista Olga Ferreira de Souza, coordenadora do curso de p\u00f3s-gradua\u00e7\u00e3o em arritmias card\u00edacas do Instituto D&#8217;Or de Pesquisa e Ensino (IDOR), o projeto come\u00e7ou com uma revis\u00e3o das diferentes diretrizes de sociedades m\u00e9dicas internacionais para o atendimento da s\u00edncope. Em 2016, a primeira vers\u00e3o do protocolo foi implementada em hospitais da RDSL no Rio de Janeiro. Hoje, j\u00e1 est\u00e1 em uso em todas as unidades do Rio e de S\u00e3o Paulo, al\u00e9m de hospitais em Bras\u00edlia, Recife, Salvador e S\u00e3o Lu\u00eds. \u201cO objetivo \u00e9 padronizar o atendimento do paciente na emerg\u00eancia em todas as unidades da Rede\u201d, conta a enfermeira Angelina Camiletti, membro da equipe de Souza, que acompanha a implementa\u00e7\u00e3o do protocolo nos hospitais.<\/p>\n<p>Com perguntas diretas e uma lista dos exames necess\u00e1rios, a ferramenta guia o atendimento dos pacientes e favorece o diagn\u00f3stico da s\u00edncope, que frequentemente \u00e9 confundida com outras condi\u00e7\u00f5es. \u201cPor exemplo, cerca de 30% das quedas em idosos s\u00e3o ocasionadas por s\u00edncope, mas n\u00e3o s\u00e3o relatadas como tal, porque o idoso tem uma fragilidade pr\u00f3pria da idade, cai com frequ\u00eancia e nem sempre sabe explicar o que aconteceu. Por isso, muitas vezes, a s\u00edncope \u00e9 relatada como uma simples queda\u201d, alerta Camiletti.<\/p>\n<p>Dados da literatura m\u00e9dica estimam que cerca de metade dos pacientes saem da emerg\u00eancia sem a identifica\u00e7\u00e3o da causa da s\u00edncope. Desde a implementa\u00e7\u00e3o dos protocolos na Rede D\u2019Or, Camiletti afirma que a taxa de pacientes que permanecem sem diagn\u00f3stico \u00e9 de apenas 17%. \u201cDe fato, alguns pacientes apresentam s\u00edncope cuja origem n\u00e3o \u00e9 poss\u00edvel identificar no atendimento de emerg\u00eancia. Nesses casos, \u00e9 necess\u00e1rio acompanh\u00e1-los ambulatorialmente para uma investiga\u00e7\u00e3o mais detalhada\u201d, explica a enfermeira.<\/p>\n<p>Para implementar o protocolo nos diferentes hospitais, a equipe de Olga de Souza ofereceu um treinamento \u00e0s suas equipes de m\u00e9dicos plantonistas e enfermeiros. \u201cAl\u00e9m disso, capacitamos cardiologistas dentro de cada unidade para que atuem como multiplicadores desse conhecimento\u201d, completa Camiletti. Ela conta, ainda, que colegas de outros hospitais tamb\u00e9m t\u00eam solicitado a ferramenta para utiliza\u00e7\u00e3o em suas institui\u00e7\u00f5es.<\/p>\n<p><strong>Pesquisa a servi\u00e7o da assist\u00eancia m\u00e9dica<\/strong><\/p>\n<p>Para avaliar a efici\u00eancia do protocolo, a equipe realizou um levantamento de 1.500 atendimentos de emerg\u00eancia feitos com a ferramenta em hospitais do Rio de Janeiro entre 2016 e 2017. O estudo apontou que o uso do protocolo de s\u00edncope favoreceu a correta estratifica\u00e7\u00e3o de risco dos pacientes, evitando interna\u00e7\u00f5es desnecess\u00e1rias.<\/p>\n<p>Segundo Camiletti, a s\u00edncope pode ser causada por condi\u00e7\u00f5es sem gravidade, como uma queda brusca da press\u00e3o arterial quando a pessoa fica muito tempo em p\u00e9 ou em um local muito quente. Nesses casos, n\u00e3o se recomenda a interna\u00e7\u00e3o. Por outro lado, h\u00e1 causas mais graves para a s\u00edncope, incluindo as cardiol\u00f3gicas ou, mais raramente, as neurol\u00f3gicas. \u201cO protocolo visa identificar o paciente de alto risco, para que ele seja internado para uma investiga\u00e7\u00e3o da causa da s\u00edncope e receba o tratamento adequado\u201d, ressalta a especialista. \u201cPor exemplo, uma s\u00edncope sem nenhum sinal pr\u00e9vio (como uma tonteira) \u00e9 uma s\u00edncope que deve ser investigada, pois pode ter origem cardiol\u00f3gica\u201d.<\/p>\n<p>O resultado da pesquisa realizada pela equipe da RDSL identificou alguns fatores associados \u00e0 s\u00edncope que levaram os pacientes a interna\u00e7\u00f5es. O mais importante deles foi a idade acima de 60 anos. Outros fatores que sugeriram alto risco incluem uso de marca-passo, altera\u00e7\u00e3o no eletrocardiograma (indicando arritmia ou bloqueio card\u00edaco), hist\u00f3rico de doen\u00e7a card\u00edaca pr\u00e9via, s\u00edncope recorrente e hist\u00f3rico de morte s\u00fabita na fam\u00edlia.<\/p>\n<p>A expectativa \u00e9 que levantamentos como esse ajudem a aprimorar continuamente o protocolo de atendimento da s\u00edncope, que j\u00e1 est\u00e1 em sua terceira vers\u00e3o. Os resultados ser\u00e3o compartilhados com a comunidade m\u00e9dica no congresso anual da Sociedade Europeia de Arritmia, que acontece em Lisboa em mar\u00e7o. O trabalho foi selecionado para o pr\u00eamio de melhor p\u00f4ster brasileiro a ser apresentado no evento e o estudo contou com parceria da Universidade Federal do Rio de Janeiro e apoio da Funda\u00e7\u00e3o Capes.<\/p>\n<p>?<\/p>\n","protected":false},"excerpt":{"rendered":"<p>Equipe da Rede D\u2019Or S\u00e3o Luiz desenvolve protocolo de atendimento emergencial a pessoas com s\u00edncope. Implementado em hospitais de v\u00e1rios estados, a ferramenta favorece o diagn\u00f3stico e auxilia equipes m\u00e9dicas nas decis\u00f5es sobre a conduta a seguir em cada caso. Os desmaios \u2013 ou s\u00edncopes, no jarg\u00e3o m\u00e9dico \u2013 s\u00e3o queixas comuns em atendimentos de [&hellip;]<\/p>\n","protected":false},"author":0,"featured_media":7536,"comment_status":"open","ping_status":"open","sticky":false,"template":"","format":"standard","meta":{"_acf_changed":false,"footnotes":""},"categories":[191],"tags":[],"class_list":["post-7535","post","type-post","status-publish","format-standard","has-post-thumbnail","hentry","category-novidades"],"acf":[],"yoast_head":"<!-- This site is optimized with the Yoast SEO plugin v27.3 - https:\/\/yoast.com\/product\/yoast-seo-wordpress\/ -->\n<title>O que fazer quando um paciente se queixa de desmaios? - IDOR - Instituto D&#039;Or de Pesquisa e Ensino<\/title>\n<link rel=\"canonical\" href=\"https:\/\/www.rededorsaoluiz.com.br\/instituto\/idor\/o-que-fazer-quando-um-paciente-se-queixa-de-desmaios\/\" \/>\n<meta property=\"og:locale\" content=\"pt_BR\" \/>\n<meta property=\"og:type\" content=\"article\" \/>\n<meta property=\"og:title\" content=\"O que fazer quando um paciente se queixa de desmaios? - IDOR - Instituto D&#039;Or de Pesquisa e Ensino\" \/>\n<meta property=\"og:description\" content=\"Equipe da Rede D\u2019Or S\u00e3o Luiz desenvolve protocolo de atendimento emergencial a pessoas com s\u00edncope. Implementado em hospitais de v\u00e1rios estados, a ferramenta favorece o diagn\u00f3stico e auxilia equipes m\u00e9dicas nas decis\u00f5es sobre a conduta a seguir em cada caso. Os desmaios \u2013 ou s\u00edncopes, no jarg\u00e3o m\u00e9dico \u2013 s\u00e3o queixas comuns em atendimentos de [&hellip;]\" \/>\n<meta property=\"og:url\" content=\"https:\/\/www.rededorsaoluiz.com.br\/instituto\/idor\/o-que-fazer-quando-um-paciente-se-queixa-de-desmaios\/\" \/>\n<meta property=\"og:site_name\" content=\"IDOR - Instituto D&#039;Or de Pesquisa e Ensino\" \/>\n<meta property=\"article:published_time\" content=\"2019-03-11T06:00:00+00:00\" \/>\n<meta property=\"og:image\" content=\"https:\/\/www.rededorsaoluiz.com.br\/instituto\/idor\/wp-content\/uploads\/2019\/03\/5c86795335ef72127fb646a9_shutterstock_819748767910.jpg\" \/>\n\t<meta property=\"og:image:width\" content=\"880\" \/>\n\t<meta property=\"og:image:height\" content=\"487\" \/>\n\t<meta property=\"og:image:type\" content=\"image\/jpeg\" \/>\n<meta name=\"twitter:card\" content=\"summary_large_image\" \/>\n<meta name=\"twitter:label1\" content=\"Est. tempo de leitura\" \/>\n\t<meta name=\"twitter:data1\" content=\"4 minutos\" \/>\n<script type=\"application\/ld+json\" class=\"yoast-schema-graph\">{\"@context\":\"https:\\\/\\\/schema.org\",\"@graph\":[{\"@type\":\"Article\",\"@id\":\"https:\\\/\\\/www.rededorsaoluiz.com.br\\\/instituto\\\/idor\\\/o-que-fazer-quando-um-paciente-se-queixa-de-desmaios\\\/#article\",\"isPartOf\":{\"@id\":\"https:\\\/\\\/www.rededorsaoluiz.com.br\\\/instituto\\\/idor\\\/o-que-fazer-quando-um-paciente-se-queixa-de-desmaios\\\/\"},\"author\":{\"name\":\"\",\"@id\":\"\"},\"headline\":\"O que fazer quando um paciente se queixa de desmaios?\",\"datePublished\":\"2019-03-11T06:00:00+00:00\",\"mainEntityOfPage\":{\"@id\":\"https:\\\/\\\/www.rededorsaoluiz.com.br\\\/instituto\\\/idor\\\/o-que-fazer-quando-um-paciente-se-queixa-de-desmaios\\\/\"},\"wordCount\":887,\"commentCount\":0,\"image\":{\"@id\":\"https:\\\/\\\/www.rededorsaoluiz.com.br\\\/instituto\\\/idor\\\/o-que-fazer-quando-um-paciente-se-queixa-de-desmaios\\\/#primaryimage\"},\"thumbnailUrl\":\"https:\\\/\\\/www.rededorsaoluiz.com.br\\\/instituto\\\/idor\\\/wp-content\\\/uploads\\\/2019\\\/03\\\/5c86795335ef72127fb646a9_shutterstock_819748767910.jpg\",\"articleSection\":[\"Novidades\"],\"inLanguage\":\"pt-BR\",\"potentialAction\":[{\"@type\":\"CommentAction\",\"name\":\"Comment\",\"target\":[\"https:\\\/\\\/www.rededorsaoluiz.com.br\\\/instituto\\\/idor\\\/o-que-fazer-quando-um-paciente-se-queixa-de-desmaios\\\/#respond\"]}]},{\"@type\":\"WebPage\",\"@id\":\"https:\\\/\\\/www.rededorsaoluiz.com.br\\\/instituto\\\/idor\\\/o-que-fazer-quando-um-paciente-se-queixa-de-desmaios\\\/\",\"url\":\"https:\\\/\\\/www.rededorsaoluiz.com.br\\\/instituto\\\/idor\\\/o-que-fazer-quando-um-paciente-se-queixa-de-desmaios\\\/\",\"name\":\"O que fazer quando um paciente se queixa de desmaios? - IDOR - Instituto D&#039;Or de Pesquisa e Ensino\",\"isPartOf\":{\"@id\":\"https:\\\/\\\/www.rededorsaoluiz.com.br\\\/instituto\\\/idor\\\/#website\"},\"primaryImageOfPage\":{\"@id\":\"https:\\\/\\\/www.rededorsaoluiz.com.br\\\/instituto\\\/idor\\\/o-que-fazer-quando-um-paciente-se-queixa-de-desmaios\\\/#primaryimage\"},\"image\":{\"@id\":\"https:\\\/\\\/www.rededorsaoluiz.com.br\\\/instituto\\\/idor\\\/o-que-fazer-quando-um-paciente-se-queixa-de-desmaios\\\/#primaryimage\"},\"thumbnailUrl\":\"https:\\\/\\\/www.rededorsaoluiz.com.br\\\/instituto\\\/idor\\\/wp-content\\\/uploads\\\/2019\\\/03\\\/5c86795335ef72127fb646a9_shutterstock_819748767910.jpg\",\"datePublished\":\"2019-03-11T06:00:00+00:00\",\"author\":{\"@id\":\"\"},\"breadcrumb\":{\"@id\":\"https:\\\/\\\/www.rededorsaoluiz.com.br\\\/instituto\\\/idor\\\/o-que-fazer-quando-um-paciente-se-queixa-de-desmaios\\\/#breadcrumb\"},\"inLanguage\":\"pt-BR\",\"potentialAction\":[{\"@type\":\"ReadAction\",\"target\":[\"https:\\\/\\\/www.rededorsaoluiz.com.br\\\/instituto\\\/idor\\\/o-que-fazer-quando-um-paciente-se-queixa-de-desmaios\\\/\"]}]},{\"@type\":\"ImageObject\",\"inLanguage\":\"pt-BR\",\"@id\":\"https:\\\/\\\/www.rededorsaoluiz.com.br\\\/instituto\\\/idor\\\/o-que-fazer-quando-um-paciente-se-queixa-de-desmaios\\\/#primaryimage\",\"url\":\"https:\\\/\\\/www.rededorsaoluiz.com.br\\\/instituto\\\/idor\\\/wp-content\\\/uploads\\\/2019\\\/03\\\/5c86795335ef72127fb646a9_shutterstock_819748767910.jpg\",\"contentUrl\":\"https:\\\/\\\/www.rededorsaoluiz.com.br\\\/instituto\\\/idor\\\/wp-content\\\/uploads\\\/2019\\\/03\\\/5c86795335ef72127fb646a9_shutterstock_819748767910.jpg\",\"width\":880,\"height\":487},{\"@type\":\"BreadcrumbList\",\"@id\":\"https:\\\/\\\/www.rededorsaoluiz.com.br\\\/instituto\\\/idor\\\/o-que-fazer-quando-um-paciente-se-queixa-de-desmaios\\\/#breadcrumb\",\"itemListElement\":[{\"@type\":\"ListItem\",\"position\":1,\"name\":\"In\u00edcio\",\"item\":\"https:\\\/\\\/ptbr.idor.org\\\/\"},{\"@type\":\"ListItem\",\"position\":2,\"name\":\"O que fazer quando um paciente se queixa de desmaios?\"}]},{\"@type\":\"WebSite\",\"@id\":\"https:\\\/\\\/www.rededorsaoluiz.com.br\\\/instituto\\\/idor\\\/#website\",\"url\":\"https:\\\/\\\/www.rededorsaoluiz.com.br\\\/instituto\\\/idor\\\/\",\"name\":\"IDOR - Instituto D&#039;Or de Pesquisa e Ensino\",\"description\":\"\",\"potentialAction\":[{\"@type\":\"SearchAction\",\"target\":{\"@type\":\"EntryPoint\",\"urlTemplate\":\"https:\\\/\\\/www.rededorsaoluiz.com.br\\\/instituto\\\/idor\\\/?s={search_term_string}\"},\"query-input\":{\"@type\":\"PropertyValueSpecification\",\"valueRequired\":true,\"valueName\":\"search_term_string\"}}],\"inLanguage\":\"pt-BR\"}]}<\/script>\n<!-- \/ Yoast SEO plugin. -->","yoast_head_json":{"title":"O que fazer quando um paciente se queixa de desmaios? - IDOR - Instituto D&#039;Or de Pesquisa e Ensino","canonical":"https:\/\/www.rededorsaoluiz.com.br\/instituto\/idor\/o-que-fazer-quando-um-paciente-se-queixa-de-desmaios\/","og_locale":"pt_BR","og_type":"article","og_title":"O que fazer quando um paciente se queixa de desmaios? - IDOR - Instituto D&#039;Or de Pesquisa e Ensino","og_description":"Equipe da Rede D\u2019Or S\u00e3o Luiz desenvolve protocolo de atendimento emergencial a pessoas com s\u00edncope. Implementado em hospitais de v\u00e1rios estados, a ferramenta favorece o diagn\u00f3stico e auxilia equipes m\u00e9dicas nas decis\u00f5es sobre a conduta a seguir em cada caso. Os desmaios \u2013 ou s\u00edncopes, no jarg\u00e3o m\u00e9dico \u2013 s\u00e3o queixas comuns em atendimentos de [&hellip;]","og_url":"https:\/\/www.rededorsaoluiz.com.br\/instituto\/idor\/o-que-fazer-quando-um-paciente-se-queixa-de-desmaios\/","og_site_name":"IDOR - Instituto D&#039;Or de Pesquisa e Ensino","article_published_time":"2019-03-11T06:00:00+00:00","og_image":[{"width":880,"height":487,"url":"https:\/\/www.rededorsaoluiz.com.br\/instituto\/idor\/wp-content\/uploads\/2019\/03\/5c86795335ef72127fb646a9_shutterstock_819748767910.jpg","type":"image\/jpeg"}],"twitter_card":"summary_large_image","twitter_misc":{"Est. tempo de leitura":"4 minutos"},"schema":{"@context":"https:\/\/schema.org","@graph":[{"@type":"Article","@id":"https:\/\/www.rededorsaoluiz.com.br\/instituto\/idor\/o-que-fazer-quando-um-paciente-se-queixa-de-desmaios\/#article","isPartOf":{"@id":"https:\/\/www.rededorsaoluiz.com.br\/instituto\/idor\/o-que-fazer-quando-um-paciente-se-queixa-de-desmaios\/"},"author":{"name":"","@id":""},"headline":"O que fazer quando um paciente se queixa de desmaios?","datePublished":"2019-03-11T06:00:00+00:00","mainEntityOfPage":{"@id":"https:\/\/www.rededorsaoluiz.com.br\/instituto\/idor\/o-que-fazer-quando-um-paciente-se-queixa-de-desmaios\/"},"wordCount":887,"commentCount":0,"image":{"@id":"https:\/\/www.rededorsaoluiz.com.br\/instituto\/idor\/o-que-fazer-quando-um-paciente-se-queixa-de-desmaios\/#primaryimage"},"thumbnailUrl":"https:\/\/www.rededorsaoluiz.com.br\/instituto\/idor\/wp-content\/uploads\/2019\/03\/5c86795335ef72127fb646a9_shutterstock_819748767910.jpg","articleSection":["Novidades"],"inLanguage":"pt-BR","potentialAction":[{"@type":"CommentAction","name":"Comment","target":["https:\/\/www.rededorsaoluiz.com.br\/instituto\/idor\/o-que-fazer-quando-um-paciente-se-queixa-de-desmaios\/#respond"]}]},{"@type":"WebPage","@id":"https:\/\/www.rededorsaoluiz.com.br\/instituto\/idor\/o-que-fazer-quando-um-paciente-se-queixa-de-desmaios\/","url":"https:\/\/www.rededorsaoluiz.com.br\/instituto\/idor\/o-que-fazer-quando-um-paciente-se-queixa-de-desmaios\/","name":"O que fazer quando um paciente se queixa de desmaios? - IDOR - Instituto D&#039;Or de Pesquisa e Ensino","isPartOf":{"@id":"https:\/\/www.rededorsaoluiz.com.br\/instituto\/idor\/#website"},"primaryImageOfPage":{"@id":"https:\/\/www.rededorsaoluiz.com.br\/instituto\/idor\/o-que-fazer-quando-um-paciente-se-queixa-de-desmaios\/#primaryimage"},"image":{"@id":"https:\/\/www.rededorsaoluiz.com.br\/instituto\/idor\/o-que-fazer-quando-um-paciente-se-queixa-de-desmaios\/#primaryimage"},"thumbnailUrl":"https:\/\/www.rededorsaoluiz.com.br\/instituto\/idor\/wp-content\/uploads\/2019\/03\/5c86795335ef72127fb646a9_shutterstock_819748767910.jpg","datePublished":"2019-03-11T06:00:00+00:00","author":{"@id":""},"breadcrumb":{"@id":"https:\/\/www.rededorsaoluiz.com.br\/instituto\/idor\/o-que-fazer-quando-um-paciente-se-queixa-de-desmaios\/#breadcrumb"},"inLanguage":"pt-BR","potentialAction":[{"@type":"ReadAction","target":["https:\/\/www.rededorsaoluiz.com.br\/instituto\/idor\/o-que-fazer-quando-um-paciente-se-queixa-de-desmaios\/"]}]},{"@type":"ImageObject","inLanguage":"pt-BR","@id":"https:\/\/www.rededorsaoluiz.com.br\/instituto\/idor\/o-que-fazer-quando-um-paciente-se-queixa-de-desmaios\/#primaryimage","url":"https:\/\/www.rededorsaoluiz.com.br\/instituto\/idor\/wp-content\/uploads\/2019\/03\/5c86795335ef72127fb646a9_shutterstock_819748767910.jpg","contentUrl":"https:\/\/www.rededorsaoluiz.com.br\/instituto\/idor\/wp-content\/uploads\/2019\/03\/5c86795335ef72127fb646a9_shutterstock_819748767910.jpg","width":880,"height":487},{"@type":"BreadcrumbList","@id":"https:\/\/www.rededorsaoluiz.com.br\/instituto\/idor\/o-que-fazer-quando-um-paciente-se-queixa-de-desmaios\/#breadcrumb","itemListElement":[{"@type":"ListItem","position":1,"name":"In\u00edcio","item":"https:\/\/ptbr.idor.org\/"},{"@type":"ListItem","position":2,"name":"O que fazer quando um paciente se queixa de desmaios?"}]},{"@type":"WebSite","@id":"https:\/\/www.rededorsaoluiz.com.br\/instituto\/idor\/#website","url":"https:\/\/www.rededorsaoluiz.com.br\/instituto\/idor\/","name":"IDOR - Instituto D&#039;Or de Pesquisa e Ensino","description":"","potentialAction":[{"@type":"SearchAction","target":{"@type":"EntryPoint","urlTemplate":"https:\/\/www.rededorsaoluiz.com.br\/instituto\/idor\/?s={search_term_string}"},"query-input":{"@type":"PropertyValueSpecification","valueRequired":true,"valueName":"search_term_string"}}],"inLanguage":"pt-BR"}]}},"_links":{"self":[{"href":"https:\/\/www.rededorsaoluiz.com.br\/instituto\/idor\/wp-json\/wp\/v2\/posts\/7535","targetHints":{"allow":["GET"]}}],"collection":[{"href":"https:\/\/www.rededorsaoluiz.com.br\/instituto\/idor\/wp-json\/wp\/v2\/posts"}],"about":[{"href":"https:\/\/www.rededorsaoluiz.com.br\/instituto\/idor\/wp-json\/wp\/v2\/types\/post"}],"replies":[{"embeddable":true,"href":"https:\/\/www.rededorsaoluiz.com.br\/instituto\/idor\/wp-json\/wp\/v2\/comments?post=7535"}],"version-history":[{"count":0,"href":"https:\/\/www.rededorsaoluiz.com.br\/instituto\/idor\/wp-json\/wp\/v2\/posts\/7535\/revisions"}],"wp:featuredmedia":[{"embeddable":true,"href":"https:\/\/www.rededorsaoluiz.com.br\/instituto\/idor\/wp-json\/wp\/v2\/media\/7536"}],"wp:attachment":[{"href":"https:\/\/www.rededorsaoluiz.com.br\/instituto\/idor\/wp-json\/wp\/v2\/media?parent=7535"}],"wp:term":[{"taxonomy":"category","embeddable":true,"href":"https:\/\/www.rededorsaoluiz.com.br\/instituto\/idor\/wp-json\/wp\/v2\/categories?post=7535"},{"taxonomy":"post_tag","embeddable":true,"href":"https:\/\/www.rededorsaoluiz.com.br\/instituto\/idor\/wp-json\/wp\/v2\/tags?post=7535"}],"curies":[{"name":"wp","href":"https:\/\/api.w.org\/{rel}","templated":true}]}}