{"id":8683,"date":"2022-12-29T19:00:57","date_gmt":"2022-12-29T22:00:57","guid":{"rendered":"https:\/\/ptbr.idor.org\/pesquisa-em-idosos-com-depressao-aponta-possiveis-efeitos-anti-inflamatorios-de-moleculas-presentes-no-cerebro\/"},"modified":"2022-12-29T19:00:57","modified_gmt":"2022-12-29T22:00:57","slug":"pesquisa-em-idosos-com-depressao-aponta-possiveis-efeitos-anti-inflamatorios-de-moleculas-presentes-no-cerebro","status":"publish","type":"post","link":"https:\/\/www.rededorsaoluiz.com.br\/instituto\/idor\/pesquisa-em-idosos-com-depressao-aponta-possiveis-efeitos-anti-inflamatorios-de-moleculas-presentes-no-cerebro\/","title":{"rendered":"Pesquisa em idosos com depress\u00e3o aponta poss\u00edveis efeitos anti-inflamat\u00f3rios de mol\u00e9culas presentes no c\u00e9rebro"},"content":{"rendered":"<p>O Instituto D\u2019Or de Pesquisa e Ensino (IDOR) em parceria com a Universidade Federal do Rio de Janeiro, Funda\u00e7\u00e3o Oswaldo Cruz (Fiocruz), Universidade Federal da Integra\u00e7\u00e3o Latino-Americana (UNILA) e Queen\u2019s University do Canad\u00e1, publicou um estudo na revista cient\u00edfica <a href=\"https:\/\/doi.org\/10.1002\/alz.12893\"><em>The Journal of the Alzheimer&#8217;s Association<\/em><\/a> que avaliou o papel que o horm\u00f4nio irisina e a mol\u00e9cula lipoxina A4 desempenham em pacientes com depress\u00e3o.<\/p>\n<p>A depress\u00e3o tem alta incid\u00eancia na popula\u00e7\u00e3o idosa e \u00e9 um fator de risco para a dem\u00eancia. Estudos sugerem que alguns fatores biol\u00f3gicos podem relacionar ambas as condi\u00e7\u00f5es, entre eles est\u00e3o a inflama\u00e7\u00e3o cerebral, a diminui\u00e7\u00e3o do volume do hipocampo, sendo essa uma regi\u00e3o do c\u00e9rebro envolvida com o aprendizado e a mem\u00f3ria, al\u00e9m dos d\u00e9ficits no fator neurotr\u00f3fico derivado do c\u00e9rebro (BDNF, do ingl\u00eas <em>brain-derived neurotrophic factor<\/em>) que \u00e9 uma prote\u00edna relacionada \u00e0 manuten\u00e7\u00e3o e sobreviv\u00eancia dos neur\u00f4nios.<\/p>\n<p>A Dra. Fernanda de Felice, pesquisadora do IDOR e da Queen\u2019s University, no Canad\u00e1, vem h\u00e1 anos investigando o papel da irisina, que \u00e9 um horm\u00f4nio liberado durante o exerc\u00edcio f\u00edsico, e por consequ\u00eancia, \u00e9 capaz de reduzir a inflama\u00e7\u00e3o. Em pacientes e em modelos animais com Alzheimer, os n\u00edveis de irisina se apresentam reduzidos tanto no c\u00e9rebro quanto no l\u00edquor cefalorraquidiano (LCR) &#8211; fluido presente em todo o sistema nervoso. Esse resultado sugere que o aumento de irisina pode auxiliar na mem\u00f3ria e na capacidade de adapta\u00e7\u00e3o das sinapses neuronais, protegendo o c\u00e9rebro do envelhecimento. <a href=\"https:\/\/www.nature.com\/articles\/s41591-018-0275-4\">Esse estudo<\/a> liderado por De Felice foi reconhecido no Pr\u00eamio Inge Grundke-Iqbal na Pesquisa de Alzheimer &#8211; Associa\u00e7\u00e3o de Alzheimer do Estados Unidos (EUA), em 2021. Al\u00e9m disso, o grupo de pesquisa tamb\u00e9m demonstrou, <a href=\"https:\/\/alz-journals.onlinelibrary.wiley.com\/doi\/10.1002\/dad2.12034\">em estudo anterior<\/a>, que os n\u00edveis de irisina e BDNF se correlacionam no LCR.<\/p>\n<p>J\u00e1 a lipoxina A4 \u00e9 uma mol\u00e9cula anti-inflamat\u00f3ria, ou seja, atua na resolu\u00e7\u00e3o de respostas inflamat\u00f3rias. Estudos sugerem que quando essa mol\u00e9cula apresenta seus n\u00edveis reduzidos, o paciente se torna incapaz de atuar em um processo inflamat\u00f3rio e dessa forma, pode contribuir para o desenvolvimento do Alzheimer. Al\u00e9m disso, experimentos com camundongos observaram que quando ocorre a restaura\u00e7\u00e3o dos n\u00edveis de lipoxina A4, gera uma melhora no desempenho cognitivo desses animais.<\/p>\n<p>Levando essas informa\u00e7\u00f5es em considera\u00e7\u00e3o, os pesquisadores analisaram a rela\u00e7\u00e3o entre irisina, lipoxina A4 e BDNF no LCR de idosos sem depress\u00e3o (grupo controle) e com depress\u00e3o que apresentavam comprometimento cognitivo ou n\u00e3o. Os pacientes receberam o diagn\u00f3stico na Memory Clinic, servi\u00e7o do IDOR especializado em problemas de mem\u00f3ria em adultos. Para o estudo, amostras de l\u00edquor de 61 pessoas foram coletadas por pun\u00e7\u00e3o lombar e foi avaliado os n\u00edveis dessas tr\u00eas mol\u00e9culas.<\/p>\n<p>O estudo observou que os n\u00edveis de irisina, lipoxina A4 e BDNF se mostraram reduzidos nessas amostras. A redu\u00e7\u00e3o dessas mol\u00e9culas sugere um mecanismo compartilhado entre o transtorno psiqui\u00e1trico, como a depress\u00e3o e a dem\u00eancia, com o Alzheimer, demonstrando ind\u00edcios de novos caminhos para estudos.<\/p>\n<p>Os autores do estudo informam que a preven\u00e7\u00e3o da inflama\u00e7\u00e3o cerebral anormal nos pacientes com depress\u00e3o e\/ou dem\u00eancia exige a estimula\u00e7\u00e3o de respostas anti-inflamat\u00f3rias. Por isso, s\u00e3o necess\u00e1rias mais avalia\u00e7\u00f5es dos efeitos dessas mol\u00e9culas no organismo humano. Al\u00e9m disso, fatores como qualidade do sono, eventos estressantes da vida, status socioecon\u00f4mico e dieta, s\u00e3o associados ao risco de depress\u00e3o e podem resultar na variabilidade dos n\u00edveis de irisina, lipoxina A4 e BDNF observados no estudo. O exerc\u00edcio f\u00edsico pode ser usado como uma valiosa ferramenta para a depress\u00e3o e dem\u00eancia, aliviando os sintomas e suavizando o decl\u00ednio cognitivo. Uma proposta terap\u00eautica \u00e0 base de irisina pode ser importante para pacientes idosos com depress\u00e3o grave e dem\u00eancia, al\u00e9m de pessoas com problemas de locomo\u00e7\u00e3o ou outras condi\u00e7\u00f5es relacionadas ao envelhecimento, pois a ades\u00e3o ao exerc\u00edcio \u00e9 baixa nesses pacientes. Ensaios cl\u00ednicos randomizados ainda s\u00e3o necess\u00e1rios para avaliar a seguran\u00e7a, viabilidade e dose ideal para o tratamento de irisina em humanos.<\/p>\n<p>Escrito por Manuelly Gomes<br \/>\nSupervis\u00e3o: Maria Eduarda Ledo de Abreu<\/p>\n","protected":false},"excerpt":{"rendered":"<p>O Instituto D\u2019Or de Pesquisa e Ensino (IDOR) em parceria com a Universidade Federal do Rio de Janeiro, Funda\u00e7\u00e3o Oswaldo Cruz (Fiocruz), Universidade Federal da Integra\u00e7\u00e3o Latino-Americana (UNILA) e Queen\u2019s University do Canad\u00e1, publicou um estudo na revista cient\u00edfica The Journal of the Alzheimer&#8217;s Association que avaliou o papel que o horm\u00f4nio irisina e a [&hellip;]<\/p>\n","protected":false},"author":0,"featured_media":8684,"comment_status":"open","ping_status":"open","sticky":false,"template":"","format":"standard","meta":{"_acf_changed":false,"footnotes":""},"categories":[191,190],"tags":[],"class_list":["post-8683","post","type-post","status-publish","format-standard","has-post-thumbnail","hentry","category-novidades","category-pesquisa"],"acf":[],"yoast_head":"<!-- This site is optimized with the Yoast SEO plugin v27.3 - https:\/\/yoast.com\/product\/yoast-seo-wordpress\/ -->\n<title>Pesquisa em idosos com depress\u00e3o aponta poss\u00edveis efeitos anti-inflamat\u00f3rios de mol\u00e9culas presentes no c\u00e9rebro - IDOR - Instituto D&#039;Or de Pesquisa e Ensino<\/title>\n<link rel=\"canonical\" href=\"https:\/\/www.rededorsaoluiz.com.br\/instituto\/idor\/pesquisa-em-idosos-com-depressao-aponta-possiveis-efeitos-anti-inflamatorios-de-moleculas-presentes-no-cerebro\/\" \/>\n<meta property=\"og:locale\" content=\"pt_BR\" \/>\n<meta property=\"og:type\" content=\"article\" \/>\n<meta property=\"og:title\" content=\"Pesquisa em idosos com depress\u00e3o aponta poss\u00edveis efeitos anti-inflamat\u00f3rios de mol\u00e9culas presentes no c\u00e9rebro - IDOR - Instituto D&#039;Or de Pesquisa e Ensino\" \/>\n<meta property=\"og:description\" content=\"O Instituto D\u2019Or de Pesquisa e Ensino (IDOR) em parceria com a Universidade Federal do Rio de Janeiro, Funda\u00e7\u00e3o Oswaldo Cruz (Fiocruz), Universidade Federal da Integra\u00e7\u00e3o Latino-Americana (UNILA) e Queen\u2019s University do Canad\u00e1, publicou um estudo na revista cient\u00edfica The Journal of the Alzheimer&#8217;s Association que avaliou o papel que o horm\u00f4nio irisina e a [&hellip;]\" \/>\n<meta property=\"og:url\" content=\"https:\/\/www.rededorsaoluiz.com.br\/instituto\/idor\/pesquisa-em-idosos-com-depressao-aponta-possiveis-efeitos-anti-inflamatorios-de-moleculas-presentes-no-cerebro\/\" \/>\n<meta property=\"og:site_name\" content=\"IDOR - Instituto D&#039;Or de Pesquisa e Ensino\" \/>\n<meta property=\"article:published_time\" content=\"2022-12-29T22:00:57+00:00\" \/>\n<meta property=\"og:image\" content=\"https:\/\/www.rededorsaoluiz.com.br\/instituto\/idor\/wp-content\/uploads\/2022\/12\/pexels-andrea-piacquadio-38234441-scaled.jpg\" \/>\n\t<meta property=\"og:image:width\" content=\"2560\" \/>\n\t<meta property=\"og:image:height\" content=\"1706\" \/>\n\t<meta property=\"og:image:type\" content=\"image\/jpeg\" \/>\n<meta name=\"twitter:card\" content=\"summary_large_image\" \/>\n<meta name=\"twitter:label1\" content=\"Est. tempo de leitura\" \/>\n\t<meta name=\"twitter:data1\" content=\"4 minutos\" \/>\n<script type=\"application\/ld+json\" class=\"yoast-schema-graph\">{\"@context\":\"https:\\\/\\\/schema.org\",\"@graph\":[{\"@type\":\"Article\",\"@id\":\"https:\\\/\\\/www.rededorsaoluiz.com.br\\\/instituto\\\/idor\\\/pesquisa-em-idosos-com-depressao-aponta-possiveis-efeitos-anti-inflamatorios-de-moleculas-presentes-no-cerebro\\\/#article\",\"isPartOf\":{\"@id\":\"https:\\\/\\\/www.rededorsaoluiz.com.br\\\/instituto\\\/idor\\\/pesquisa-em-idosos-com-depressao-aponta-possiveis-efeitos-anti-inflamatorios-de-moleculas-presentes-no-cerebro\\\/\"},\"author\":{\"name\":\"\",\"@id\":\"\"},\"headline\":\"Pesquisa em idosos com depress\u00e3o aponta poss\u00edveis efeitos anti-inflamat\u00f3rios de mol\u00e9culas presentes no c\u00e9rebro\",\"datePublished\":\"2022-12-29T22:00:57+00:00\",\"mainEntityOfPage\":{\"@id\":\"https:\\\/\\\/www.rededorsaoluiz.com.br\\\/instituto\\\/idor\\\/pesquisa-em-idosos-com-depressao-aponta-possiveis-efeitos-anti-inflamatorios-de-moleculas-presentes-no-cerebro\\\/\"},\"wordCount\":764,\"commentCount\":0,\"image\":{\"@id\":\"https:\\\/\\\/www.rededorsaoluiz.com.br\\\/instituto\\\/idor\\\/pesquisa-em-idosos-com-depressao-aponta-possiveis-efeitos-anti-inflamatorios-de-moleculas-presentes-no-cerebro\\\/#primaryimage\"},\"thumbnailUrl\":\"https:\\\/\\\/www.rededorsaoluiz.com.br\\\/instituto\\\/idor\\\/wp-content\\\/uploads\\\/2022\\\/12\\\/pexels-andrea-piacquadio-38234441-scaled.jpg\",\"articleSection\":[\"Novidades\",\"Pesquisa\"],\"inLanguage\":\"pt-BR\",\"potentialAction\":[{\"@type\":\"CommentAction\",\"name\":\"Comment\",\"target\":[\"https:\\\/\\\/www.rededorsaoluiz.com.br\\\/instituto\\\/idor\\\/pesquisa-em-idosos-com-depressao-aponta-possiveis-efeitos-anti-inflamatorios-de-moleculas-presentes-no-cerebro\\\/#respond\"]}]},{\"@type\":\"WebPage\",\"@id\":\"https:\\\/\\\/www.rededorsaoluiz.com.br\\\/instituto\\\/idor\\\/pesquisa-em-idosos-com-depressao-aponta-possiveis-efeitos-anti-inflamatorios-de-moleculas-presentes-no-cerebro\\\/\",\"url\":\"https:\\\/\\\/www.rededorsaoluiz.com.br\\\/instituto\\\/idor\\\/pesquisa-em-idosos-com-depressao-aponta-possiveis-efeitos-anti-inflamatorios-de-moleculas-presentes-no-cerebro\\\/\",\"name\":\"Pesquisa em idosos com depress\u00e3o aponta poss\u00edveis efeitos anti-inflamat\u00f3rios de mol\u00e9culas presentes no c\u00e9rebro - IDOR - Instituto D&#039;Or de Pesquisa e Ensino\",\"isPartOf\":{\"@id\":\"https:\\\/\\\/www.rededorsaoluiz.com.br\\\/instituto\\\/idor\\\/#website\"},\"primaryImageOfPage\":{\"@id\":\"https:\\\/\\\/www.rededorsaoluiz.com.br\\\/instituto\\\/idor\\\/pesquisa-em-idosos-com-depressao-aponta-possiveis-efeitos-anti-inflamatorios-de-moleculas-presentes-no-cerebro\\\/#primaryimage\"},\"image\":{\"@id\":\"https:\\\/\\\/www.rededorsaoluiz.com.br\\\/instituto\\\/idor\\\/pesquisa-em-idosos-com-depressao-aponta-possiveis-efeitos-anti-inflamatorios-de-moleculas-presentes-no-cerebro\\\/#primaryimage\"},\"thumbnailUrl\":\"https:\\\/\\\/www.rededorsaoluiz.com.br\\\/instituto\\\/idor\\\/wp-content\\\/uploads\\\/2022\\\/12\\\/pexels-andrea-piacquadio-38234441-scaled.jpg\",\"datePublished\":\"2022-12-29T22:00:57+00:00\",\"author\":{\"@id\":\"\"},\"breadcrumb\":{\"@id\":\"https:\\\/\\\/www.rededorsaoluiz.com.br\\\/instituto\\\/idor\\\/pesquisa-em-idosos-com-depressao-aponta-possiveis-efeitos-anti-inflamatorios-de-moleculas-presentes-no-cerebro\\\/#breadcrumb\"},\"inLanguage\":\"pt-BR\",\"potentialAction\":[{\"@type\":\"ReadAction\",\"target\":[\"https:\\\/\\\/www.rededorsaoluiz.com.br\\\/instituto\\\/idor\\\/pesquisa-em-idosos-com-depressao-aponta-possiveis-efeitos-anti-inflamatorios-de-moleculas-presentes-no-cerebro\\\/\"]}]},{\"@type\":\"ImageObject\",\"inLanguage\":\"pt-BR\",\"@id\":\"https:\\\/\\\/www.rededorsaoluiz.com.br\\\/instituto\\\/idor\\\/pesquisa-em-idosos-com-depressao-aponta-possiveis-efeitos-anti-inflamatorios-de-moleculas-presentes-no-cerebro\\\/#primaryimage\",\"url\":\"https:\\\/\\\/www.rededorsaoluiz.com.br\\\/instituto\\\/idor\\\/wp-content\\\/uploads\\\/2022\\\/12\\\/pexels-andrea-piacquadio-38234441-scaled.jpg\",\"contentUrl\":\"https:\\\/\\\/www.rededorsaoluiz.com.br\\\/instituto\\\/idor\\\/wp-content\\\/uploads\\\/2022\\\/12\\\/pexels-andrea-piacquadio-38234441-scaled.jpg\",\"width\":2560,\"height\":1706},{\"@type\":\"BreadcrumbList\",\"@id\":\"https:\\\/\\\/www.rededorsaoluiz.com.br\\\/instituto\\\/idor\\\/pesquisa-em-idosos-com-depressao-aponta-possiveis-efeitos-anti-inflamatorios-de-moleculas-presentes-no-cerebro\\\/#breadcrumb\",\"itemListElement\":[{\"@type\":\"ListItem\",\"position\":1,\"name\":\"In\u00edcio\",\"item\":\"https:\\\/\\\/www.rededorsaoluiz.com.br\\\/instituto\\\/idor\\\/\"},{\"@type\":\"ListItem\",\"position\":2,\"name\":\"Pesquisa em idosos com depress\u00e3o aponta poss\u00edveis efeitos anti-inflamat\u00f3rios de mol\u00e9culas presentes no c\u00e9rebro\"}]},{\"@type\":\"WebSite\",\"@id\":\"https:\\\/\\\/www.rededorsaoluiz.com.br\\\/instituto\\\/idor\\\/#website\",\"url\":\"https:\\\/\\\/www.rededorsaoluiz.com.br\\\/instituto\\\/idor\\\/\",\"name\":\"IDOR - Instituto D&#039;Or de Pesquisa e Ensino\",\"description\":\"\",\"potentialAction\":[{\"@type\":\"SearchAction\",\"target\":{\"@type\":\"EntryPoint\",\"urlTemplate\":\"https:\\\/\\\/www.rededorsaoluiz.com.br\\\/instituto\\\/idor\\\/?s={search_term_string}\"},\"query-input\":{\"@type\":\"PropertyValueSpecification\",\"valueRequired\":true,\"valueName\":\"search_term_string\"}}],\"inLanguage\":\"pt-BR\"}]}<\/script>\n<!-- \/ Yoast SEO plugin. -->","yoast_head_json":{"title":"Pesquisa em idosos com depress\u00e3o aponta poss\u00edveis efeitos anti-inflamat\u00f3rios de mol\u00e9culas presentes no c\u00e9rebro - IDOR - Instituto D&#039;Or de Pesquisa e Ensino","canonical":"https:\/\/www.rededorsaoluiz.com.br\/instituto\/idor\/pesquisa-em-idosos-com-depressao-aponta-possiveis-efeitos-anti-inflamatorios-de-moleculas-presentes-no-cerebro\/","og_locale":"pt_BR","og_type":"article","og_title":"Pesquisa em idosos com depress\u00e3o aponta poss\u00edveis efeitos anti-inflamat\u00f3rios de mol\u00e9culas presentes no c\u00e9rebro - IDOR - Instituto D&#039;Or de Pesquisa e Ensino","og_description":"O Instituto D\u2019Or de Pesquisa e Ensino (IDOR) em parceria com a Universidade Federal do Rio de Janeiro, Funda\u00e7\u00e3o Oswaldo Cruz (Fiocruz), Universidade Federal da Integra\u00e7\u00e3o Latino-Americana (UNILA) e Queen\u2019s University do Canad\u00e1, publicou um estudo na revista cient\u00edfica The Journal of the Alzheimer&#8217;s Association que avaliou o papel que o horm\u00f4nio irisina e a [&hellip;]","og_url":"https:\/\/www.rededorsaoluiz.com.br\/instituto\/idor\/pesquisa-em-idosos-com-depressao-aponta-possiveis-efeitos-anti-inflamatorios-de-moleculas-presentes-no-cerebro\/","og_site_name":"IDOR - Instituto D&#039;Or de Pesquisa e Ensino","article_published_time":"2022-12-29T22:00:57+00:00","og_image":[{"width":2560,"height":1706,"url":"https:\/\/www.rededorsaoluiz.com.br\/instituto\/idor\/wp-content\/uploads\/2022\/12\/pexels-andrea-piacquadio-38234441-scaled.jpg","type":"image\/jpeg"}],"twitter_card":"summary_large_image","twitter_misc":{"Est. tempo de leitura":"4 minutos"},"schema":{"@context":"https:\/\/schema.org","@graph":[{"@type":"Article","@id":"https:\/\/www.rededorsaoluiz.com.br\/instituto\/idor\/pesquisa-em-idosos-com-depressao-aponta-possiveis-efeitos-anti-inflamatorios-de-moleculas-presentes-no-cerebro\/#article","isPartOf":{"@id":"https:\/\/www.rededorsaoluiz.com.br\/instituto\/idor\/pesquisa-em-idosos-com-depressao-aponta-possiveis-efeitos-anti-inflamatorios-de-moleculas-presentes-no-cerebro\/"},"author":{"name":"","@id":""},"headline":"Pesquisa em idosos com depress\u00e3o aponta poss\u00edveis efeitos anti-inflamat\u00f3rios de mol\u00e9culas presentes no c\u00e9rebro","datePublished":"2022-12-29T22:00:57+00:00","mainEntityOfPage":{"@id":"https:\/\/www.rededorsaoluiz.com.br\/instituto\/idor\/pesquisa-em-idosos-com-depressao-aponta-possiveis-efeitos-anti-inflamatorios-de-moleculas-presentes-no-cerebro\/"},"wordCount":764,"commentCount":0,"image":{"@id":"https:\/\/www.rededorsaoluiz.com.br\/instituto\/idor\/pesquisa-em-idosos-com-depressao-aponta-possiveis-efeitos-anti-inflamatorios-de-moleculas-presentes-no-cerebro\/#primaryimage"},"thumbnailUrl":"https:\/\/www.rededorsaoluiz.com.br\/instituto\/idor\/wp-content\/uploads\/2022\/12\/pexels-andrea-piacquadio-38234441-scaled.jpg","articleSection":["Novidades","Pesquisa"],"inLanguage":"pt-BR","potentialAction":[{"@type":"CommentAction","name":"Comment","target":["https:\/\/www.rededorsaoluiz.com.br\/instituto\/idor\/pesquisa-em-idosos-com-depressao-aponta-possiveis-efeitos-anti-inflamatorios-de-moleculas-presentes-no-cerebro\/#respond"]}]},{"@type":"WebPage","@id":"https:\/\/www.rededorsaoluiz.com.br\/instituto\/idor\/pesquisa-em-idosos-com-depressao-aponta-possiveis-efeitos-anti-inflamatorios-de-moleculas-presentes-no-cerebro\/","url":"https:\/\/www.rededorsaoluiz.com.br\/instituto\/idor\/pesquisa-em-idosos-com-depressao-aponta-possiveis-efeitos-anti-inflamatorios-de-moleculas-presentes-no-cerebro\/","name":"Pesquisa em idosos com depress\u00e3o aponta poss\u00edveis efeitos anti-inflamat\u00f3rios de mol\u00e9culas presentes no c\u00e9rebro - IDOR - Instituto D&#039;Or de Pesquisa e Ensino","isPartOf":{"@id":"https:\/\/www.rededorsaoluiz.com.br\/instituto\/idor\/#website"},"primaryImageOfPage":{"@id":"https:\/\/www.rededorsaoluiz.com.br\/instituto\/idor\/pesquisa-em-idosos-com-depressao-aponta-possiveis-efeitos-anti-inflamatorios-de-moleculas-presentes-no-cerebro\/#primaryimage"},"image":{"@id":"https:\/\/www.rededorsaoluiz.com.br\/instituto\/idor\/pesquisa-em-idosos-com-depressao-aponta-possiveis-efeitos-anti-inflamatorios-de-moleculas-presentes-no-cerebro\/#primaryimage"},"thumbnailUrl":"https:\/\/www.rededorsaoluiz.com.br\/instituto\/idor\/wp-content\/uploads\/2022\/12\/pexels-andrea-piacquadio-38234441-scaled.jpg","datePublished":"2022-12-29T22:00:57+00:00","author":{"@id":""},"breadcrumb":{"@id":"https:\/\/www.rededorsaoluiz.com.br\/instituto\/idor\/pesquisa-em-idosos-com-depressao-aponta-possiveis-efeitos-anti-inflamatorios-de-moleculas-presentes-no-cerebro\/#breadcrumb"},"inLanguage":"pt-BR","potentialAction":[{"@type":"ReadAction","target":["https:\/\/www.rededorsaoluiz.com.br\/instituto\/idor\/pesquisa-em-idosos-com-depressao-aponta-possiveis-efeitos-anti-inflamatorios-de-moleculas-presentes-no-cerebro\/"]}]},{"@type":"ImageObject","inLanguage":"pt-BR","@id":"https:\/\/www.rededorsaoluiz.com.br\/instituto\/idor\/pesquisa-em-idosos-com-depressao-aponta-possiveis-efeitos-anti-inflamatorios-de-moleculas-presentes-no-cerebro\/#primaryimage","url":"https:\/\/www.rededorsaoluiz.com.br\/instituto\/idor\/wp-content\/uploads\/2022\/12\/pexels-andrea-piacquadio-38234441-scaled.jpg","contentUrl":"https:\/\/www.rededorsaoluiz.com.br\/instituto\/idor\/wp-content\/uploads\/2022\/12\/pexels-andrea-piacquadio-38234441-scaled.jpg","width":2560,"height":1706},{"@type":"BreadcrumbList","@id":"https:\/\/www.rededorsaoluiz.com.br\/instituto\/idor\/pesquisa-em-idosos-com-depressao-aponta-possiveis-efeitos-anti-inflamatorios-de-moleculas-presentes-no-cerebro\/#breadcrumb","itemListElement":[{"@type":"ListItem","position":1,"name":"In\u00edcio","item":"https:\/\/www.rededorsaoluiz.com.br\/instituto\/idor\/"},{"@type":"ListItem","position":2,"name":"Pesquisa em idosos com depress\u00e3o aponta poss\u00edveis efeitos anti-inflamat\u00f3rios de mol\u00e9culas presentes no c\u00e9rebro"}]},{"@type":"WebSite","@id":"https:\/\/www.rededorsaoluiz.com.br\/instituto\/idor\/#website","url":"https:\/\/www.rededorsaoluiz.com.br\/instituto\/idor\/","name":"IDOR - Instituto D&#039;Or de Pesquisa e Ensino","description":"","potentialAction":[{"@type":"SearchAction","target":{"@type":"EntryPoint","urlTemplate":"https:\/\/www.rededorsaoluiz.com.br\/instituto\/idor\/?s={search_term_string}"},"query-input":{"@type":"PropertyValueSpecification","valueRequired":true,"valueName":"search_term_string"}}],"inLanguage":"pt-BR"}]}},"_links":{"self":[{"href":"https:\/\/www.rededorsaoluiz.com.br\/instituto\/idor\/wp-json\/wp\/v2\/posts\/8683","targetHints":{"allow":["GET"]}}],"collection":[{"href":"https:\/\/www.rededorsaoluiz.com.br\/instituto\/idor\/wp-json\/wp\/v2\/posts"}],"about":[{"href":"https:\/\/www.rededorsaoluiz.com.br\/instituto\/idor\/wp-json\/wp\/v2\/types\/post"}],"replies":[{"embeddable":true,"href":"https:\/\/www.rededorsaoluiz.com.br\/instituto\/idor\/wp-json\/wp\/v2\/comments?post=8683"}],"version-history":[{"count":0,"href":"https:\/\/www.rededorsaoluiz.com.br\/instituto\/idor\/wp-json\/wp\/v2\/posts\/8683\/revisions"}],"wp:featuredmedia":[{"embeddable":true,"href":"https:\/\/www.rededorsaoluiz.com.br\/instituto\/idor\/wp-json\/wp\/v2\/media\/8684"}],"wp:attachment":[{"href":"https:\/\/www.rededorsaoluiz.com.br\/instituto\/idor\/wp-json\/wp\/v2\/media?parent=8683"}],"wp:term":[{"taxonomy":"category","embeddable":true,"href":"https:\/\/www.rededorsaoluiz.com.br\/instituto\/idor\/wp-json\/wp\/v2\/categories?post=8683"},{"taxonomy":"post_tag","embeddable":true,"href":"https:\/\/www.rededorsaoluiz.com.br\/instituto\/idor\/wp-json\/wp\/v2\/tags?post=8683"}],"curies":[{"name":"wp","href":"https:\/\/api.w.org\/{rel}","templated":true}]}}