{"id":9614,"date":"2023-05-05T19:40:57","date_gmt":"2023-05-05T22:40:57","guid":{"rendered":"https:\/\/ptbr.idor.org\/estimulacao-cerebral-nao-invasiva-pode-regular-respostas-autonomicas-e-melhorar-saturacao-de-oxigenio-em-pacientes-internados-com-covid-19\/"},"modified":"2023-05-05T19:40:57","modified_gmt":"2023-05-05T22:40:57","slug":"estimulacao-cerebral-nao-invasiva-pode-regular-respostas-autonomicas-e-melhorar-saturacao-de-oxigenio-em-pacientes-internados-com-covid-19","status":"publish","type":"post","link":"https:\/\/www.rededorsaoluiz.com.br\/instituto\/idor\/estimulacao-cerebral-nao-invasiva-pode-regular-respostas-autonomicas-e-melhorar-saturacao-de-oxigenio-em-pacientes-internados-com-covid-19\/","title":{"rendered":"Estimula\u00e7\u00e3o cerebral n\u00e3o invasiva pode regular respostas auton\u00f4micas e melhorar satura\u00e7\u00e3o de oxig\u00eanio em pacientes internados com covid-19"},"content":{"rendered":"<p><em>Estudo do IDOR utilizou estimula\u00e7\u00e3o transcraniana para regular respostas do Sistema Nervoso Aut\u00f4nomo, respons\u00e1vel pelo bom funcionamento do corpo<\/em><\/p>\n<p>Entre os problemas desenvolvidos ou agravados pela covid-19, aqueles que afetam as fun\u00e7\u00f5es neurol\u00f3gicas e respirat\u00f3rias chamam bastante a aten\u00e7\u00e3o dos especialistas. Considerando diversos estudos que mostram os efeitos negativos da covid-19 sobre as fun\u00e7\u00f5es auton\u00f4micas do organismo, isto \u00e9, fun\u00e7\u00f5es que s\u00e3o reguladas pelo Sistema Nervoso Aut\u00f4nomo (SNA), um recente estudo brasileiro demonstrou que a utiliza\u00e7\u00e3o de estimula\u00e7\u00e3o cerebral n\u00e3o invasiva \u00e9 capaz de regular o SNA e aumentar a satura\u00e7\u00e3o de oxig\u00eanio em pacientes com covid-19 internados em unidade de terapia semi-intensiva.<\/p>\n<p>\u201cO Sistema Nervoso Aut\u00f4nomo \u00e9 a parte do nosso sistema nervoso que ajusta continuamente a atividade dos \u00f3rg\u00e3os e sistemas corporais para manter o equil\u00edbrio interno do corpo, tamb\u00e9m conhecido como homeostase. O SNA \u00e9 respons\u00e1vel pela manuten\u00e7\u00e3o de nossas fun\u00e7\u00f5es vitais e regula, sem que tenhamos consci\u00eancia, aspectos fundamentais do nosso corpo, como a frequ\u00eancia card\u00edaca, temperatura do corpo, press\u00e3o arterial, a frequ\u00eancia que respiramos, entre outros. Um desbalan\u00e7o nesse sistema pode levar a altera\u00e7\u00f5es sobre a fun\u00e7\u00e3o do cora\u00e7\u00e3o, controle da press\u00e3o arterial e tem sido associado tamb\u00e9m ao aumento da inflama\u00e7\u00e3o em pacientes com covid-19\u201d, explica a Dra. Erika Rodrigues, neurocientista do IDOR e coordenadora do estudo.<\/p>\n<p>Considerando que altera\u00e7\u00f5es indesejadas no SNA j\u00e1 haviam sido observadas em fases de curto e longo prazo da infec\u00e7\u00e3o por covid-19, h\u00e1 um desafio em identificar tratamentos capazes de regularizar o funcionamento auton\u00f4mico ap\u00f3s a infec\u00e7\u00e3o e estabelecer a possibilidade de prevenir e reduzir a gravidade de complica\u00e7\u00f5es da doen\u00e7a. E mesmo ap\u00f3s anos desde o in\u00edcio da pandemia, ainda n\u00e3o existem muitas op\u00e7\u00f5es terap\u00eauticas que possam ser combinadas com tratamentos cl\u00e1ssicos.<\/p>\n<p>Rec\u00e9m-publicado na revista cient\u00edfica&nbsp;<a href=\"https:\/\/www.brainstimjrnl.com\/article\/S1935-861X(23)01701-1\/fulltext\"><em>Brain Stimulation<\/em><\/a>, um estudo brasileiro liderado por pesquisadoras do Instituto D\u2019Or de Pesquisa e Ensino (IDOR) investigou a efic\u00e1cia e seguran\u00e7a da estimula\u00e7\u00e3o transcraniana por corrente cont\u00ednua (tDCS, do ingl\u00eas&nbsp;<em>transcranial direct current stimulation<\/em>) como um procedimento para interferir positivamente na regula\u00e7\u00e3o do SNA de pacientes com covid-19. A tDCS \u00e9 uma t\u00e9cnica n\u00e3o invasiva e n\u00e3o dolorosa de estimula\u00e7\u00e3o cerebral que utiliza uma corrente el\u00e9trica de baixa intensidade para modular a atividade neuronal em \u00e1reas espec\u00edficas do c\u00e9rebro, atrav\u00e9s de eletrodos de superf\u00edcie posicionados em sobre o couro cabeludo.<\/p>\n<p>Para realizar o estudo, foram recrutados 40 pacientes que tiveram interna\u00e7\u00e3o em unidades de tratamento semi-intensivo devido \u00e0 covid-19, apresentando sintomas de leve a moderados. Metade desses pacientes receberam uma \u00fanica sess\u00e3o de tDCS, enquanto os outros 20 foram submetidos a uma simula\u00e7\u00e3o. A tDCS foi aplicada com um eletroestimulador por meio de dois eletrodos de superf\u00edcie visando modular a atividade do c\u00f3rtex pr\u00e9-frontal dorsolateral. O c\u00f3rtex pr\u00e9-frontal \u00e9 uma \u00e1rea que fica na parte da frente do c\u00e9rebro e foi definido como alvo da estimula\u00e7\u00e3o pelas pesquisadoras pelas evid\u00eancias do envolvimento dessa regi\u00e3o na regula\u00e7\u00e3o do SNA. J\u00e1 no grupo controle, os participantes receberam uma estimula\u00e7\u00e3o fict\u00edcia (tDCS-sham), aplicada de modo a ser percebida pelo paciente como a estimula\u00e7\u00e3o real.<\/p>\n<p>Os dois grupos n\u00e3o diferiram em termos de doen\u00e7as pr\u00e9-existentes, sinais e sintomas na admiss\u00e3o ao hospital, medicamentos usados durante a interna\u00e7\u00e3o e nem tempo de interna\u00e7\u00e3o. As autoras tamb\u00e9m avaliaram a seguran\u00e7a da estimula\u00e7\u00e3o verificando sinais vitais e a condi\u00e7\u00e3o de sa\u00fade dos pacientes antes e ap\u00f3s a sess\u00e3o, e tamb\u00e9m atrav\u00e9s de relatos dos pacientes avaliados com um question\u00e1rio de efeitos adversos, aplicado posteriormente a cada paciente.<\/p>\n<p>As pesquisadoras observaram que, nos pacientes que receberam a tDCS, houve uma regula\u00e7\u00e3o do SNA e um aumento da satura\u00e7\u00e3o de oxig\u00eanio, fator que n\u00e3o ocorreu com o grupo controle. \u201cEsse resultado \u00e9 muito relevante, dado que 70% dos pacientes internados por covid-19 precisam de suporte de oxig\u00eanio em algum momento\u201d, ressalta a Dra. Erika Rodrigues. J\u00e1 nos relat\u00f3rios sobre incid\u00eancia e intensidade dos efeitos adversos, n\u00e3o houve diferen\u00e7as significativas entre os grupos, e nenhum notificou ocorr\u00eancia de les\u00f5es de pele ou piora cl\u00ednica.<\/p>\n<p>\u201cNossos resultados mostraram que a estimula\u00e7\u00e3o foi segura e bem tolerada pelos pacientes com covid-19. Tamb\u00e9m vimos que a regi\u00e3o cerebral estimulada, o c\u00f3rtex pr\u00e9-frontal, parece ter ativado caminhos neuronais do sistema nervoso aut\u00f4nomo, que tem importante fun\u00e7\u00e3o nas repostas inflamat\u00f3rias\u201d, comenta a primeira autora do estudo e pesquisadora do IDOR, Dra. Talita Pinto.<\/p>\n<p>As autoras da pesquisa observaram que a estimula\u00e7\u00e3o real induziu um aumento da atividade parassimp\u00e1tica e a redu\u00e7\u00e3o da atividade simp\u00e1tica do SNA, o que pode ser extremamente ben\u00e9fico para o reequil\u00edbrio do Sistema Nervoso Aut\u00f4nomo no caso de pacientes com covid-19 ou outras doen\u00e7as, prevenindo o acometimento de diversos \u00f3rg\u00e3os do corpo e auxiliando no controle dos processos inflamat\u00f3rios.<\/p>\n<p>Esta pesquisa \u00e9 a primeira a relatar altera\u00e7\u00f5es no SNA geradas por uma \u00fanica sess\u00e3o de tDCS com foco na neuromodula\u00e7\u00e3o do c\u00f3rtex pr\u00e9-frontal em pacientes internados na fase aguda da covid-19. Isso sugere que a tDCS se apresenta como um m\u00e9todo promissor, seguro e n\u00e3o invasivo de terapia adicional para o tratamento de complica\u00e7\u00f5es geradas pela covid-19 ou doen\u00e7as semelhantes, como disfun\u00e7\u00f5es auton\u00f4micas, respirat\u00f3rias e processos inflamat\u00f3rios acentuados.<\/p>\n<p>\u201cN\u00f3s acreditamos que a tDCS tem grande potencial para a preven\u00e7\u00e3o e recupera\u00e7\u00e3o de complica\u00e7\u00f5es da covid-19 e doen\u00e7as similares, pois \u00e9 uma t\u00e9cnica n\u00e3o invasiva, de f\u00e1cil aplica\u00e7\u00e3o e possui um custo relativamente baixo\u201d, informa a Dra. Talita Pinto, \u201cE pode ser ainda um tratamento para pacientes em fase aguda ou at\u00e9 mesmo para aqueles com sequelas que se mant\u00e9m por longos per\u00edodos ap\u00f3s a infec\u00e7\u00e3o pelo coronav\u00edrus. \u00c9 o que chamamos de covid longa\u201d, complementa a Dra. Erika Rodrigues.<\/p>\n<p>As cientistas acrescentam que estudos adicionais com uma avalia\u00e7\u00e3o mais completa da fun\u00e7\u00e3o auton\u00f4mica e de biomarcadores inflamat\u00f3rios se fazem necess\u00e1rios antes da ampla aplica\u00e7\u00e3o de tratamentos com tDCS.<\/p>\n<p>Escrito por Maria Eduarda Ledo de Abreu.<\/p>\n","protected":false},"excerpt":{"rendered":"<p>Estudo do IDOR utilizou estimula\u00e7\u00e3o transcraniana para regular respostas do Sistema Nervoso Aut\u00f4nomo, respons\u00e1vel pelo bom funcionamento do corpo.<\/p>\n","protected":false},"author":0,"featured_media":9615,"comment_status":"open","ping_status":"open","sticky":false,"template":"","format":"standard","meta":{"_acf_changed":false,"footnotes":""},"categories":[194,191,190],"tags":[],"class_list":["post-9614","post","type-post","status-publish","format-standard","has-post-thumbnail","hentry","category-covid-19","category-novidades","category-pesquisa"],"acf":[],"yoast_head":"<!-- This site is optimized with the Yoast SEO plugin v27.3 - https:\/\/yoast.com\/product\/yoast-seo-wordpress\/ -->\n<title>Estimula\u00e7\u00e3o cerebral n\u00e3o invasiva pode regular respostas auton\u00f4micas e melhorar satura\u00e7\u00e3o de oxig\u00eanio em pacientes internados com covid-19 - IDOR - Instituto D&#039;Or de Pesquisa e Ensino<\/title>\n<link rel=\"canonical\" href=\"https:\/\/www.rededorsaoluiz.com.br\/instituto\/idor\/estimulacao-cerebral-nao-invasiva-pode-regular-respostas-autonomicas-e-melhorar-saturacao-de-oxigenio-em-pacientes-internados-com-covid-19\/\" \/>\n<meta property=\"og:locale\" content=\"pt_BR\" \/>\n<meta property=\"og:type\" content=\"article\" \/>\n<meta property=\"og:title\" content=\"Estimula\u00e7\u00e3o cerebral n\u00e3o invasiva pode regular respostas auton\u00f4micas e melhorar satura\u00e7\u00e3o de oxig\u00eanio em pacientes internados com covid-19 - IDOR - Instituto D&#039;Or de Pesquisa e Ensino\" \/>\n<meta property=\"og:description\" content=\"Estudo do IDOR utilizou estimula\u00e7\u00e3o transcraniana para regular respostas do Sistema Nervoso Aut\u00f4nomo, respons\u00e1vel pelo bom funcionamento do corpo.\" \/>\n<meta property=\"og:url\" content=\"https:\/\/www.rededorsaoluiz.com.br\/instituto\/idor\/estimulacao-cerebral-nao-invasiva-pode-regular-respostas-autonomicas-e-melhorar-saturacao-de-oxigenio-em-pacientes-internados-com-covid-19\/\" \/>\n<meta property=\"og:site_name\" content=\"IDOR - Instituto D&#039;Or de Pesquisa e Ensino\" \/>\n<meta property=\"article:published_time\" content=\"2023-05-05T22:40:57+00:00\" \/>\n<meta property=\"og:image\" content=\"https:\/\/www.rededorsaoluiz.com.br\/instituto\/idor\/wp-content\/uploads\/2023\/05\/shutterstock_2252039427-scaled.jpg\" \/>\n\t<meta property=\"og:image:width\" content=\"2560\" \/>\n\t<meta property=\"og:image:height\" content=\"1707\" \/>\n\t<meta property=\"og:image:type\" content=\"image\/jpeg\" \/>\n<meta name=\"twitter:card\" content=\"summary_large_image\" \/>\n<meta name=\"twitter:label1\" content=\"Est. tempo de leitura\" \/>\n\t<meta name=\"twitter:data1\" content=\"6 minutos\" \/>\n<script type=\"application\/ld+json\" class=\"yoast-schema-graph\">{\"@context\":\"https:\\\/\\\/schema.org\",\"@graph\":[{\"@type\":\"Article\",\"@id\":\"https:\\\/\\\/www.rededorsaoluiz.com.br\\\/instituto\\\/idor\\\/estimulacao-cerebral-nao-invasiva-pode-regular-respostas-autonomicas-e-melhorar-saturacao-de-oxigenio-em-pacientes-internados-com-covid-19\\\/#article\",\"isPartOf\":{\"@id\":\"https:\\\/\\\/www.rededorsaoluiz.com.br\\\/instituto\\\/idor\\\/estimulacao-cerebral-nao-invasiva-pode-regular-respostas-autonomicas-e-melhorar-saturacao-de-oxigenio-em-pacientes-internados-com-covid-19\\\/\"},\"author\":{\"name\":\"\",\"@id\":\"\"},\"headline\":\"Estimula\u00e7\u00e3o cerebral n\u00e3o invasiva pode regular respostas auton\u00f4micas e melhorar satura\u00e7\u00e3o de oxig\u00eanio em pacientes internados com covid-19\",\"datePublished\":\"2023-05-05T22:40:57+00:00\",\"mainEntityOfPage\":{\"@id\":\"https:\\\/\\\/www.rededorsaoluiz.com.br\\\/instituto\\\/idor\\\/estimulacao-cerebral-nao-invasiva-pode-regular-respostas-autonomicas-e-melhorar-saturacao-de-oxigenio-em-pacientes-internados-com-covid-19\\\/\"},\"wordCount\":1126,\"commentCount\":0,\"image\":{\"@id\":\"https:\\\/\\\/www.rededorsaoluiz.com.br\\\/instituto\\\/idor\\\/estimulacao-cerebral-nao-invasiva-pode-regular-respostas-autonomicas-e-melhorar-saturacao-de-oxigenio-em-pacientes-internados-com-covid-19\\\/#primaryimage\"},\"thumbnailUrl\":\"https:\\\/\\\/www.rededorsaoluiz.com.br\\\/instituto\\\/idor\\\/wp-content\\\/uploads\\\/2023\\\/05\\\/shutterstock_2252039427-scaled.jpg\",\"articleSection\":[\"Covid-19\",\"Novidades\",\"Pesquisa\"],\"inLanguage\":\"pt-BR\",\"potentialAction\":[{\"@type\":\"CommentAction\",\"name\":\"Comment\",\"target\":[\"https:\\\/\\\/www.rededorsaoluiz.com.br\\\/instituto\\\/idor\\\/estimulacao-cerebral-nao-invasiva-pode-regular-respostas-autonomicas-e-melhorar-saturacao-de-oxigenio-em-pacientes-internados-com-covid-19\\\/#respond\"]}]},{\"@type\":\"WebPage\",\"@id\":\"https:\\\/\\\/www.rededorsaoluiz.com.br\\\/instituto\\\/idor\\\/estimulacao-cerebral-nao-invasiva-pode-regular-respostas-autonomicas-e-melhorar-saturacao-de-oxigenio-em-pacientes-internados-com-covid-19\\\/\",\"url\":\"https:\\\/\\\/www.rededorsaoluiz.com.br\\\/instituto\\\/idor\\\/estimulacao-cerebral-nao-invasiva-pode-regular-respostas-autonomicas-e-melhorar-saturacao-de-oxigenio-em-pacientes-internados-com-covid-19\\\/\",\"name\":\"Estimula\u00e7\u00e3o cerebral n\u00e3o invasiva pode regular respostas auton\u00f4micas e melhorar satura\u00e7\u00e3o de oxig\u00eanio em pacientes internados com covid-19 - IDOR - Instituto D&#039;Or de Pesquisa e Ensino\",\"isPartOf\":{\"@id\":\"https:\\\/\\\/www.rededorsaoluiz.com.br\\\/instituto\\\/idor\\\/#website\"},\"primaryImageOfPage\":{\"@id\":\"https:\\\/\\\/www.rededorsaoluiz.com.br\\\/instituto\\\/idor\\\/estimulacao-cerebral-nao-invasiva-pode-regular-respostas-autonomicas-e-melhorar-saturacao-de-oxigenio-em-pacientes-internados-com-covid-19\\\/#primaryimage\"},\"image\":{\"@id\":\"https:\\\/\\\/www.rededorsaoluiz.com.br\\\/instituto\\\/idor\\\/estimulacao-cerebral-nao-invasiva-pode-regular-respostas-autonomicas-e-melhorar-saturacao-de-oxigenio-em-pacientes-internados-com-covid-19\\\/#primaryimage\"},\"thumbnailUrl\":\"https:\\\/\\\/www.rededorsaoluiz.com.br\\\/instituto\\\/idor\\\/wp-content\\\/uploads\\\/2023\\\/05\\\/shutterstock_2252039427-scaled.jpg\",\"datePublished\":\"2023-05-05T22:40:57+00:00\",\"author\":{\"@id\":\"\"},\"breadcrumb\":{\"@id\":\"https:\\\/\\\/www.rededorsaoluiz.com.br\\\/instituto\\\/idor\\\/estimulacao-cerebral-nao-invasiva-pode-regular-respostas-autonomicas-e-melhorar-saturacao-de-oxigenio-em-pacientes-internados-com-covid-19\\\/#breadcrumb\"},\"inLanguage\":\"pt-BR\",\"potentialAction\":[{\"@type\":\"ReadAction\",\"target\":[\"https:\\\/\\\/www.rededorsaoluiz.com.br\\\/instituto\\\/idor\\\/estimulacao-cerebral-nao-invasiva-pode-regular-respostas-autonomicas-e-melhorar-saturacao-de-oxigenio-em-pacientes-internados-com-covid-19\\\/\"]}]},{\"@type\":\"ImageObject\",\"inLanguage\":\"pt-BR\",\"@id\":\"https:\\\/\\\/www.rededorsaoluiz.com.br\\\/instituto\\\/idor\\\/estimulacao-cerebral-nao-invasiva-pode-regular-respostas-autonomicas-e-melhorar-saturacao-de-oxigenio-em-pacientes-internados-com-covid-19\\\/#primaryimage\",\"url\":\"https:\\\/\\\/www.rededorsaoluiz.com.br\\\/instituto\\\/idor\\\/wp-content\\\/uploads\\\/2023\\\/05\\\/shutterstock_2252039427-scaled.jpg\",\"contentUrl\":\"https:\\\/\\\/www.rededorsaoluiz.com.br\\\/instituto\\\/idor\\\/wp-content\\\/uploads\\\/2023\\\/05\\\/shutterstock_2252039427-scaled.jpg\",\"width\":2560,\"height\":1707},{\"@type\":\"BreadcrumbList\",\"@id\":\"https:\\\/\\\/www.rededorsaoluiz.com.br\\\/instituto\\\/idor\\\/estimulacao-cerebral-nao-invasiva-pode-regular-respostas-autonomicas-e-melhorar-saturacao-de-oxigenio-em-pacientes-internados-com-covid-19\\\/#breadcrumb\",\"itemListElement\":[{\"@type\":\"ListItem\",\"position\":1,\"name\":\"In\u00edcio\",\"item\":\"https:\\\/\\\/www.rededorsaoluiz.com.br\\\/instituto\\\/idor\\\/\"},{\"@type\":\"ListItem\",\"position\":2,\"name\":\"Estimula\u00e7\u00e3o cerebral n\u00e3o invasiva pode regular respostas auton\u00f4micas e melhorar satura\u00e7\u00e3o de oxig\u00eanio em pacientes internados com covid-19\"}]},{\"@type\":\"WebSite\",\"@id\":\"https:\\\/\\\/www.rededorsaoluiz.com.br\\\/instituto\\\/idor\\\/#website\",\"url\":\"https:\\\/\\\/www.rededorsaoluiz.com.br\\\/instituto\\\/idor\\\/\",\"name\":\"IDOR - Instituto D&#039;Or de Pesquisa e Ensino\",\"description\":\"\",\"potentialAction\":[{\"@type\":\"SearchAction\",\"target\":{\"@type\":\"EntryPoint\",\"urlTemplate\":\"https:\\\/\\\/www.rededorsaoluiz.com.br\\\/instituto\\\/idor\\\/?s={search_term_string}\"},\"query-input\":{\"@type\":\"PropertyValueSpecification\",\"valueRequired\":true,\"valueName\":\"search_term_string\"}}],\"inLanguage\":\"pt-BR\"}]}<\/script>\n<!-- \/ Yoast SEO plugin. -->","yoast_head_json":{"title":"Estimula\u00e7\u00e3o cerebral n\u00e3o invasiva pode regular respostas auton\u00f4micas e melhorar satura\u00e7\u00e3o de oxig\u00eanio em pacientes internados com covid-19 - IDOR - Instituto D&#039;Or de Pesquisa e Ensino","canonical":"https:\/\/www.rededorsaoluiz.com.br\/instituto\/idor\/estimulacao-cerebral-nao-invasiva-pode-regular-respostas-autonomicas-e-melhorar-saturacao-de-oxigenio-em-pacientes-internados-com-covid-19\/","og_locale":"pt_BR","og_type":"article","og_title":"Estimula\u00e7\u00e3o cerebral n\u00e3o invasiva pode regular respostas auton\u00f4micas e melhorar satura\u00e7\u00e3o de oxig\u00eanio em pacientes internados com covid-19 - IDOR - Instituto D&#039;Or de Pesquisa e Ensino","og_description":"Estudo do IDOR utilizou estimula\u00e7\u00e3o transcraniana para regular respostas do Sistema Nervoso Aut\u00f4nomo, respons\u00e1vel pelo bom funcionamento do corpo.","og_url":"https:\/\/www.rededorsaoluiz.com.br\/instituto\/idor\/estimulacao-cerebral-nao-invasiva-pode-regular-respostas-autonomicas-e-melhorar-saturacao-de-oxigenio-em-pacientes-internados-com-covid-19\/","og_site_name":"IDOR - Instituto D&#039;Or de Pesquisa e Ensino","article_published_time":"2023-05-05T22:40:57+00:00","og_image":[{"width":2560,"height":1707,"url":"https:\/\/www.rededorsaoluiz.com.br\/instituto\/idor\/wp-content\/uploads\/2023\/05\/shutterstock_2252039427-scaled.jpg","type":"image\/jpeg"}],"twitter_card":"summary_large_image","twitter_misc":{"Est. tempo de leitura":"6 minutos"},"schema":{"@context":"https:\/\/schema.org","@graph":[{"@type":"Article","@id":"https:\/\/www.rededorsaoluiz.com.br\/instituto\/idor\/estimulacao-cerebral-nao-invasiva-pode-regular-respostas-autonomicas-e-melhorar-saturacao-de-oxigenio-em-pacientes-internados-com-covid-19\/#article","isPartOf":{"@id":"https:\/\/www.rededorsaoluiz.com.br\/instituto\/idor\/estimulacao-cerebral-nao-invasiva-pode-regular-respostas-autonomicas-e-melhorar-saturacao-de-oxigenio-em-pacientes-internados-com-covid-19\/"},"author":{"name":"","@id":""},"headline":"Estimula\u00e7\u00e3o cerebral n\u00e3o invasiva pode regular respostas auton\u00f4micas e melhorar satura\u00e7\u00e3o de oxig\u00eanio em pacientes internados com covid-19","datePublished":"2023-05-05T22:40:57+00:00","mainEntityOfPage":{"@id":"https:\/\/www.rededorsaoluiz.com.br\/instituto\/idor\/estimulacao-cerebral-nao-invasiva-pode-regular-respostas-autonomicas-e-melhorar-saturacao-de-oxigenio-em-pacientes-internados-com-covid-19\/"},"wordCount":1126,"commentCount":0,"image":{"@id":"https:\/\/www.rededorsaoluiz.com.br\/instituto\/idor\/estimulacao-cerebral-nao-invasiva-pode-regular-respostas-autonomicas-e-melhorar-saturacao-de-oxigenio-em-pacientes-internados-com-covid-19\/#primaryimage"},"thumbnailUrl":"https:\/\/www.rededorsaoluiz.com.br\/instituto\/idor\/wp-content\/uploads\/2023\/05\/shutterstock_2252039427-scaled.jpg","articleSection":["Covid-19","Novidades","Pesquisa"],"inLanguage":"pt-BR","potentialAction":[{"@type":"CommentAction","name":"Comment","target":["https:\/\/www.rededorsaoluiz.com.br\/instituto\/idor\/estimulacao-cerebral-nao-invasiva-pode-regular-respostas-autonomicas-e-melhorar-saturacao-de-oxigenio-em-pacientes-internados-com-covid-19\/#respond"]}]},{"@type":"WebPage","@id":"https:\/\/www.rededorsaoluiz.com.br\/instituto\/idor\/estimulacao-cerebral-nao-invasiva-pode-regular-respostas-autonomicas-e-melhorar-saturacao-de-oxigenio-em-pacientes-internados-com-covid-19\/","url":"https:\/\/www.rededorsaoluiz.com.br\/instituto\/idor\/estimulacao-cerebral-nao-invasiva-pode-regular-respostas-autonomicas-e-melhorar-saturacao-de-oxigenio-em-pacientes-internados-com-covid-19\/","name":"Estimula\u00e7\u00e3o cerebral n\u00e3o invasiva pode regular respostas auton\u00f4micas e melhorar satura\u00e7\u00e3o de oxig\u00eanio em pacientes internados com covid-19 - IDOR - Instituto D&#039;Or de Pesquisa e Ensino","isPartOf":{"@id":"https:\/\/www.rededorsaoluiz.com.br\/instituto\/idor\/#website"},"primaryImageOfPage":{"@id":"https:\/\/www.rededorsaoluiz.com.br\/instituto\/idor\/estimulacao-cerebral-nao-invasiva-pode-regular-respostas-autonomicas-e-melhorar-saturacao-de-oxigenio-em-pacientes-internados-com-covid-19\/#primaryimage"},"image":{"@id":"https:\/\/www.rededorsaoluiz.com.br\/instituto\/idor\/estimulacao-cerebral-nao-invasiva-pode-regular-respostas-autonomicas-e-melhorar-saturacao-de-oxigenio-em-pacientes-internados-com-covid-19\/#primaryimage"},"thumbnailUrl":"https:\/\/www.rededorsaoluiz.com.br\/instituto\/idor\/wp-content\/uploads\/2023\/05\/shutterstock_2252039427-scaled.jpg","datePublished":"2023-05-05T22:40:57+00:00","author":{"@id":""},"breadcrumb":{"@id":"https:\/\/www.rededorsaoluiz.com.br\/instituto\/idor\/estimulacao-cerebral-nao-invasiva-pode-regular-respostas-autonomicas-e-melhorar-saturacao-de-oxigenio-em-pacientes-internados-com-covid-19\/#breadcrumb"},"inLanguage":"pt-BR","potentialAction":[{"@type":"ReadAction","target":["https:\/\/www.rededorsaoluiz.com.br\/instituto\/idor\/estimulacao-cerebral-nao-invasiva-pode-regular-respostas-autonomicas-e-melhorar-saturacao-de-oxigenio-em-pacientes-internados-com-covid-19\/"]}]},{"@type":"ImageObject","inLanguage":"pt-BR","@id":"https:\/\/www.rededorsaoluiz.com.br\/instituto\/idor\/estimulacao-cerebral-nao-invasiva-pode-regular-respostas-autonomicas-e-melhorar-saturacao-de-oxigenio-em-pacientes-internados-com-covid-19\/#primaryimage","url":"https:\/\/www.rededorsaoluiz.com.br\/instituto\/idor\/wp-content\/uploads\/2023\/05\/shutterstock_2252039427-scaled.jpg","contentUrl":"https:\/\/www.rededorsaoluiz.com.br\/instituto\/idor\/wp-content\/uploads\/2023\/05\/shutterstock_2252039427-scaled.jpg","width":2560,"height":1707},{"@type":"BreadcrumbList","@id":"https:\/\/www.rededorsaoluiz.com.br\/instituto\/idor\/estimulacao-cerebral-nao-invasiva-pode-regular-respostas-autonomicas-e-melhorar-saturacao-de-oxigenio-em-pacientes-internados-com-covid-19\/#breadcrumb","itemListElement":[{"@type":"ListItem","position":1,"name":"In\u00edcio","item":"https:\/\/www.rededorsaoluiz.com.br\/instituto\/idor\/"},{"@type":"ListItem","position":2,"name":"Estimula\u00e7\u00e3o cerebral n\u00e3o invasiva pode regular respostas auton\u00f4micas e melhorar satura\u00e7\u00e3o de oxig\u00eanio em pacientes internados com covid-19"}]},{"@type":"WebSite","@id":"https:\/\/www.rededorsaoluiz.com.br\/instituto\/idor\/#website","url":"https:\/\/www.rededorsaoluiz.com.br\/instituto\/idor\/","name":"IDOR - Instituto D&#039;Or de Pesquisa e Ensino","description":"","potentialAction":[{"@type":"SearchAction","target":{"@type":"EntryPoint","urlTemplate":"https:\/\/www.rededorsaoluiz.com.br\/instituto\/idor\/?s={search_term_string}"},"query-input":{"@type":"PropertyValueSpecification","valueRequired":true,"valueName":"search_term_string"}}],"inLanguage":"pt-BR"}]}},"_links":{"self":[{"href":"https:\/\/www.rededorsaoluiz.com.br\/instituto\/idor\/wp-json\/wp\/v2\/posts\/9614","targetHints":{"allow":["GET"]}}],"collection":[{"href":"https:\/\/www.rededorsaoluiz.com.br\/instituto\/idor\/wp-json\/wp\/v2\/posts"}],"about":[{"href":"https:\/\/www.rededorsaoluiz.com.br\/instituto\/idor\/wp-json\/wp\/v2\/types\/post"}],"replies":[{"embeddable":true,"href":"https:\/\/www.rededorsaoluiz.com.br\/instituto\/idor\/wp-json\/wp\/v2\/comments?post=9614"}],"version-history":[{"count":0,"href":"https:\/\/www.rededorsaoluiz.com.br\/instituto\/idor\/wp-json\/wp\/v2\/posts\/9614\/revisions"}],"wp:featuredmedia":[{"embeddable":true,"href":"https:\/\/www.rededorsaoluiz.com.br\/instituto\/idor\/wp-json\/wp\/v2\/media\/9615"}],"wp:attachment":[{"href":"https:\/\/www.rededorsaoluiz.com.br\/instituto\/idor\/wp-json\/wp\/v2\/media?parent=9614"}],"wp:term":[{"taxonomy":"category","embeddable":true,"href":"https:\/\/www.rededorsaoluiz.com.br\/instituto\/idor\/wp-json\/wp\/v2\/categories?post=9614"},{"taxonomy":"post_tag","embeddable":true,"href":"https:\/\/www.rededorsaoluiz.com.br\/instituto\/idor\/wp-json\/wp\/v2\/tags?post=9614"}],"curies":[{"name":"wp","href":"https:\/\/api.w.org\/{rel}","templated":true}]}}