{"id":9927,"date":"2023-10-02T13:56:38","date_gmt":"2023-10-02T16:56:38","guid":{"rendered":"https:\/\/ptbr.idor.org\/avaliacao-de-atividade-neural-simpatica-e-capacidade-de-exercicio-em-pacientes-com-insuficiencia-cardiaca-secundaria-a-terapia-antineoplasica\/"},"modified":"2023-10-02T13:56:38","modified_gmt":"2023-10-02T16:56:38","slug":"avaliacao-de-atividade-neural-simpatica-e-capacidade-de-exercicio-em-pacientes-com-insuficiencia-cardiaca-secundaria-a-terapia-antineoplasica","status":"publish","type":"post","link":"https:\/\/www.rededorsaoluiz.com.br\/instituto\/idor\/avaliacao-de-atividade-neural-simpatica-e-capacidade-de-exercicio-em-pacientes-com-insuficiencia-cardiaca-secundaria-a-terapia-antineoplasica\/","title":{"rendered":"Avalia\u00e7\u00e3o de Atividade Neural Simp\u00e1tica e Capacidade de Exerc\u00edcio em Pacientes Com Insufici\u00eancia Card\u00edaca Secund\u00e1ria \u00e0 Terapia Antineopl\u00e1sica"},"content":{"rendered":"<h6><em><strong>Estudo identifica sobrecarga neural simp\u00e1tica e redu\u00e7\u00e3o da capacidade de exerc\u00edcio em pacientes com insufici\u00eancia card\u00edaca p\u00f3s-quimioterapia<\/strong><\/em><\/h6>\n<p>Um trabalho conjunto de pesquisadores do Instituto D\u2019Or de Pesquisa e Ensino (IDOR), do Hospital S\u00edrio Liban\u00eas, do Instituto do Cora\u00e7\u00e3o (InCor), do Instituto do C\u00e2ncer do Estado de S\u00e3o Paulo, ambos do Hospital das Cl\u00ednicas da Faculdade de Medicina da Universidade de S\u00e3o Paulo e do Centro Paulista de Oncologia &#8211; Oncocl\u00ednicas, analisou a rela\u00e7\u00e3o entre a sobrecarga neural simp\u00e1tica e a capacidade de exerc\u00edcio em pacientes com insufici\u00eancia card\u00edaca de fra\u00e7\u00e3o de eje\u00e7\u00e3o reduzida (ICFEr) relacionada \u00e0 quimioterapia com antraciclina. O estudo foi divulgado na revista <a href=\"https:\/\/doi.org\/10.1152\/ajpheart.00476.2023\"><em>American Journal of Physiology-Heart and Circulatory Physiology<\/em><\/a>.A ICFEr \u00e9 um tipo de insufici\u00eancia card\u00edaca em que os ventr\u00edculos do cora\u00e7\u00e3o n\u00e3o contraem de forma apropriada a cada batimento, resultando em um bombeamento sangu\u00edneo ineficaz para fora do cora\u00e7\u00e3o. O sistema nervoso simp\u00e1tico, entre outras fun\u00e7\u00f5es, desempenha um papel na regula\u00e7\u00e3o da press\u00e3o arterial, frequ\u00eancia card\u00edaca e na atividade do m\u00fasculo liso dos vasos sangu\u00edneos que fornecem sangue aos tecidos do nosso corpo. A atividade nervosa simp\u00e1tica muscular (ANSM) e a vasoconstri\u00e7\u00e3o perif\u00e9rica est\u00e3o significativamente aumentadas em pacientes com ICFEr, o que contribui para a miopatia esquel\u00e9tica e a usual diminui\u00e7\u00e3o da capacidade de exerc\u00edcio.<\/p>\n<p>Medicamentos usados no tratamento do c\u00e2ncer, como a antraciclina, est\u00e3o diretamente associados ao desenvolvimento de cardiotoxicidade, causando disfun\u00e7\u00e3o ventricular sist\u00f3lica e diast\u00f3lica, entre outros efeitos cardiol\u00f3gicos.<\/p>\n<p>No entanto, ainda era necess\u00e1rio esclarecer se o t\u00f4nus nervoso simp\u00e1tico est\u00e1 alterado em pacientes com ICFEr relacionada \u00e0 quimioterapia com ou sem radioterapia tor\u00e1cica (ICFErCA).Dezesseis pacientes com ICFErCA, fra\u00e7\u00e3o de eje\u00e7\u00e3o ventricular menor que 50%, est\u00e1veis e em tratamento espec\u00edfico para insufici\u00eancia card\u00edaca foram inclu\u00eddos no estudo. Al\u00e9m disso, tamb\u00e9m foram inclu\u00eddos dez pacientes com ICFEr e dezesseis controles saud\u00e1veis pareados por idade, provenientes de estudos anteriores.<\/p>\n<p>Os resultados mostraram que os pacientes ICFEr e ICFErCA apresentaram n\u00edveis aumentados de ANSM quando comparados ao grupo saud\u00e1vel. Al\u00e9m disso, a capacidade de exerc\u00edcio se apresentou diminu\u00edda nos dois grupos de insufici\u00eancia card\u00edaca, sugerindo que a ativa\u00e7\u00e3o simp\u00e1tica desempenha um papel na intoler\u00e2ncia ao exerc\u00edcio.O estudo ainda demonstrou que pacientes com ICFErCA apresentam um aumento na frequ\u00eancia de picos de atividade nervosa simp\u00e1tica. Essa informa\u00e7\u00e3o tem uma implica\u00e7\u00e3o cl\u00ednica, pois se sabe que o aumento da atividade nervosa simp\u00e1tica e a redu\u00e7\u00e3o do fluxo sangu\u00edneo muscular est\u00e3o associados a um pior progn\u00f3stico nesta popula\u00e7\u00e3o.<\/p>\n<p>Embora tenha sido identificado um aumento na atividade nervosa simp\u00e1tica em pacientes com ICFErCA, os autores informam que as causas subjacentes a essa ativa\u00e7\u00e3o ainda s\u00e3o complexas e requerem mais estudos. Poss\u00edveis mecanismos incluem o controle barorreflexo diminu\u00eddo, este respons\u00e1vel pelo controle da press\u00e3o arterial, ajustando a frequ\u00eancia card\u00edaca e o t\u00f4nus simp\u00e1tico vascular. Ainda pode estar relacionado ao controle quimiorreflexo sensibilizado, que desempenha um papel no controle e na regula\u00e7\u00e3o das respostas respirat\u00f3rias \u00e0s altera\u00e7\u00f5es nas concentra\u00e7\u00f5es de oxig\u00eanio e di\u00f3xido de carbono no sangue arterial. Ambas as altera\u00e7\u00f5es j\u00e1 foram descritas em pacientes com ICFEr.Esses resultados s\u00e3o importantes pois podem ajudar a identificar pacientes com maior risco de desenvolver insufici\u00eancia card\u00edaca relacionada \u00e0 quimioterapia com antraciclina. Al\u00e9m disso, podem levar ao desenvolvimento de novos tratamentos para melhorar a capacidade de exerc\u00edcio em pacientes com essa condi\u00e7\u00e3o.<\/p>\n<p>Escrito por Manuelly Gomes<br \/>\nRevis\u00e3o: Dr. Claudio Ferrari<\/p>\n<p>&nbsp;<\/p>\n","protected":false},"excerpt":{"rendered":"<p>Estudo identifica sobrecarga neural simp\u00e1tica e redu\u00e7\u00e3o da capacidade de exerc\u00edcio em pacientes com insufici\u00eancia card\u00edaca p\u00f3s-quimioterapia<\/p>\n","protected":false},"author":0,"featured_media":9928,"comment_status":"open","ping_status":"open","sticky":false,"template":"","format":"standard","meta":{"_acf_changed":false,"footnotes":""},"categories":[191,190],"tags":[],"class_list":["post-9927","post","type-post","status-publish","format-standard","has-post-thumbnail","hentry","category-novidades","category-pesquisa"],"acf":[],"yoast_head":"<!-- This site is optimized with the Yoast SEO plugin v27.3 - https:\/\/yoast.com\/product\/yoast-seo-wordpress\/ -->\n<title>Avalia\u00e7\u00e3o de Atividade Neural Simp\u00e1tica e Capacidade de Exerc\u00edcio em Pacientes Com Insufici\u00eancia Card\u00edaca Secund\u00e1ria \u00e0 Terapia Antineopl\u00e1sica - IDOR - Instituto D&#039;Or de Pesquisa e Ensino<\/title>\n<link rel=\"canonical\" href=\"https:\/\/www.rededorsaoluiz.com.br\/instituto\/idor\/avaliacao-de-atividade-neural-simpatica-e-capacidade-de-exercicio-em-pacientes-com-insuficiencia-cardiaca-secundaria-a-terapia-antineoplasica\/\" \/>\n<meta property=\"og:locale\" content=\"pt_BR\" \/>\n<meta property=\"og:type\" content=\"article\" \/>\n<meta property=\"og:title\" content=\"Avalia\u00e7\u00e3o de Atividade Neural Simp\u00e1tica e Capacidade de Exerc\u00edcio em Pacientes Com Insufici\u00eancia Card\u00edaca Secund\u00e1ria \u00e0 Terapia Antineopl\u00e1sica - IDOR - Instituto D&#039;Or de Pesquisa e Ensino\" \/>\n<meta property=\"og:description\" content=\"Estudo identifica sobrecarga neural simp\u00e1tica e redu\u00e7\u00e3o da capacidade de exerc\u00edcio em pacientes com insufici\u00eancia card\u00edaca p\u00f3s-quimioterapia\" \/>\n<meta property=\"og:url\" content=\"https:\/\/www.rededorsaoluiz.com.br\/instituto\/idor\/avaliacao-de-atividade-neural-simpatica-e-capacidade-de-exercicio-em-pacientes-com-insuficiencia-cardiaca-secundaria-a-terapia-antineoplasica\/\" \/>\n<meta property=\"og:site_name\" content=\"IDOR - Instituto D&#039;Or de Pesquisa e Ensino\" \/>\n<meta property=\"article:published_time\" content=\"2023-10-02T16:56:38+00:00\" \/>\n<meta property=\"og:image\" content=\"https:\/\/www.rededorsaoluiz.com.br\/instituto\/idor\/wp-content\/uploads\/2023\/10\/shutterstock_2091170896-scaled.jpg\" \/>\n\t<meta property=\"og:image:width\" content=\"2560\" \/>\n\t<meta property=\"og:image:height\" content=\"1440\" \/>\n\t<meta property=\"og:image:type\" content=\"image\/jpeg\" \/>\n<meta name=\"twitter:card\" content=\"summary_large_image\" \/>\n<meta name=\"twitter:label1\" content=\"Est. tempo de leitura\" \/>\n\t<meta name=\"twitter:data1\" content=\"3 minutos\" \/>\n<script type=\"application\/ld+json\" class=\"yoast-schema-graph\">{\"@context\":\"https:\\\/\\\/schema.org\",\"@graph\":[{\"@type\":\"Article\",\"@id\":\"https:\\\/\\\/www.rededorsaoluiz.com.br\\\/instituto\\\/idor\\\/avaliacao-de-atividade-neural-simpatica-e-capacidade-de-exercicio-em-pacientes-com-insuficiencia-cardiaca-secundaria-a-terapia-antineoplasica\\\/#article\",\"isPartOf\":{\"@id\":\"https:\\\/\\\/www.rededorsaoluiz.com.br\\\/instituto\\\/idor\\\/avaliacao-de-atividade-neural-simpatica-e-capacidade-de-exercicio-em-pacientes-com-insuficiencia-cardiaca-secundaria-a-terapia-antineoplasica\\\/\"},\"author\":{\"name\":\"\",\"@id\":\"\"},\"headline\":\"Avalia\u00e7\u00e3o de Atividade Neural Simp\u00e1tica e Capacidade de Exerc\u00edcio em Pacientes Com Insufici\u00eancia Card\u00edaca Secund\u00e1ria \u00e0 Terapia Antineopl\u00e1sica\",\"datePublished\":\"2023-10-02T16:56:38+00:00\",\"mainEntityOfPage\":{\"@id\":\"https:\\\/\\\/www.rededorsaoluiz.com.br\\\/instituto\\\/idor\\\/avaliacao-de-atividade-neural-simpatica-e-capacidade-de-exercicio-em-pacientes-com-insuficiencia-cardiaca-secundaria-a-terapia-antineoplasica\\\/\"},\"wordCount\":680,\"commentCount\":0,\"image\":{\"@id\":\"https:\\\/\\\/www.rededorsaoluiz.com.br\\\/instituto\\\/idor\\\/avaliacao-de-atividade-neural-simpatica-e-capacidade-de-exercicio-em-pacientes-com-insuficiencia-cardiaca-secundaria-a-terapia-antineoplasica\\\/#primaryimage\"},\"thumbnailUrl\":\"https:\\\/\\\/www.rededorsaoluiz.com.br\\\/instituto\\\/idor\\\/wp-content\\\/uploads\\\/2023\\\/10\\\/shutterstock_2091170896-scaled.jpg\",\"articleSection\":[\"Novidades\",\"Pesquisa\"],\"inLanguage\":\"pt-BR\",\"potentialAction\":[{\"@type\":\"CommentAction\",\"name\":\"Comment\",\"target\":[\"https:\\\/\\\/www.rededorsaoluiz.com.br\\\/instituto\\\/idor\\\/avaliacao-de-atividade-neural-simpatica-e-capacidade-de-exercicio-em-pacientes-com-insuficiencia-cardiaca-secundaria-a-terapia-antineoplasica\\\/#respond\"]}]},{\"@type\":\"WebPage\",\"@id\":\"https:\\\/\\\/www.rededorsaoluiz.com.br\\\/instituto\\\/idor\\\/avaliacao-de-atividade-neural-simpatica-e-capacidade-de-exercicio-em-pacientes-com-insuficiencia-cardiaca-secundaria-a-terapia-antineoplasica\\\/\",\"url\":\"https:\\\/\\\/www.rededorsaoluiz.com.br\\\/instituto\\\/idor\\\/avaliacao-de-atividade-neural-simpatica-e-capacidade-de-exercicio-em-pacientes-com-insuficiencia-cardiaca-secundaria-a-terapia-antineoplasica\\\/\",\"name\":\"Avalia\u00e7\u00e3o de Atividade Neural Simp\u00e1tica e Capacidade de Exerc\u00edcio em Pacientes Com Insufici\u00eancia Card\u00edaca Secund\u00e1ria \u00e0 Terapia Antineopl\u00e1sica - IDOR - Instituto D&#039;Or de Pesquisa e Ensino\",\"isPartOf\":{\"@id\":\"https:\\\/\\\/www.rededorsaoluiz.com.br\\\/instituto\\\/idor\\\/#website\"},\"primaryImageOfPage\":{\"@id\":\"https:\\\/\\\/www.rededorsaoluiz.com.br\\\/instituto\\\/idor\\\/avaliacao-de-atividade-neural-simpatica-e-capacidade-de-exercicio-em-pacientes-com-insuficiencia-cardiaca-secundaria-a-terapia-antineoplasica\\\/#primaryimage\"},\"image\":{\"@id\":\"https:\\\/\\\/www.rededorsaoluiz.com.br\\\/instituto\\\/idor\\\/avaliacao-de-atividade-neural-simpatica-e-capacidade-de-exercicio-em-pacientes-com-insuficiencia-cardiaca-secundaria-a-terapia-antineoplasica\\\/#primaryimage\"},\"thumbnailUrl\":\"https:\\\/\\\/www.rededorsaoluiz.com.br\\\/instituto\\\/idor\\\/wp-content\\\/uploads\\\/2023\\\/10\\\/shutterstock_2091170896-scaled.jpg\",\"datePublished\":\"2023-10-02T16:56:38+00:00\",\"author\":{\"@id\":\"\"},\"breadcrumb\":{\"@id\":\"https:\\\/\\\/www.rededorsaoluiz.com.br\\\/instituto\\\/idor\\\/avaliacao-de-atividade-neural-simpatica-e-capacidade-de-exercicio-em-pacientes-com-insuficiencia-cardiaca-secundaria-a-terapia-antineoplasica\\\/#breadcrumb\"},\"inLanguage\":\"pt-BR\",\"potentialAction\":[{\"@type\":\"ReadAction\",\"target\":[\"https:\\\/\\\/www.rededorsaoluiz.com.br\\\/instituto\\\/idor\\\/avaliacao-de-atividade-neural-simpatica-e-capacidade-de-exercicio-em-pacientes-com-insuficiencia-cardiaca-secundaria-a-terapia-antineoplasica\\\/\"]}]},{\"@type\":\"ImageObject\",\"inLanguage\":\"pt-BR\",\"@id\":\"https:\\\/\\\/www.rededorsaoluiz.com.br\\\/instituto\\\/idor\\\/avaliacao-de-atividade-neural-simpatica-e-capacidade-de-exercicio-em-pacientes-com-insuficiencia-cardiaca-secundaria-a-terapia-antineoplasica\\\/#primaryimage\",\"url\":\"https:\\\/\\\/www.rededorsaoluiz.com.br\\\/instituto\\\/idor\\\/wp-content\\\/uploads\\\/2023\\\/10\\\/shutterstock_2091170896-scaled.jpg\",\"contentUrl\":\"https:\\\/\\\/www.rededorsaoluiz.com.br\\\/instituto\\\/idor\\\/wp-content\\\/uploads\\\/2023\\\/10\\\/shutterstock_2091170896-scaled.jpg\",\"width\":2560,\"height\":1440},{\"@type\":\"BreadcrumbList\",\"@id\":\"https:\\\/\\\/www.rededorsaoluiz.com.br\\\/instituto\\\/idor\\\/avaliacao-de-atividade-neural-simpatica-e-capacidade-de-exercicio-em-pacientes-com-insuficiencia-cardiaca-secundaria-a-terapia-antineoplasica\\\/#breadcrumb\",\"itemListElement\":[{\"@type\":\"ListItem\",\"position\":1,\"name\":\"In\u00edcio\",\"item\":\"https:\\\/\\\/www.rededorsaoluiz.com.br\\\/instituto\\\/idor\\\/\"},{\"@type\":\"ListItem\",\"position\":2,\"name\":\"Avalia\u00e7\u00e3o de Atividade Neural Simp\u00e1tica e Capacidade de Exerc\u00edcio em Pacientes Com Insufici\u00eancia Card\u00edaca Secund\u00e1ria \u00e0 Terapia Antineopl\u00e1sica\"}]},{\"@type\":\"WebSite\",\"@id\":\"https:\\\/\\\/www.rededorsaoluiz.com.br\\\/instituto\\\/idor\\\/#website\",\"url\":\"https:\\\/\\\/www.rededorsaoluiz.com.br\\\/instituto\\\/idor\\\/\",\"name\":\"IDOR - Instituto D&#039;Or de Pesquisa e Ensino\",\"description\":\"\",\"potentialAction\":[{\"@type\":\"SearchAction\",\"target\":{\"@type\":\"EntryPoint\",\"urlTemplate\":\"https:\\\/\\\/www.rededorsaoluiz.com.br\\\/instituto\\\/idor\\\/?s={search_term_string}\"},\"query-input\":{\"@type\":\"PropertyValueSpecification\",\"valueRequired\":true,\"valueName\":\"search_term_string\"}}],\"inLanguage\":\"pt-BR\"}]}<\/script>\n<!-- \/ Yoast SEO plugin. -->","yoast_head_json":{"title":"Avalia\u00e7\u00e3o de Atividade Neural Simp\u00e1tica e Capacidade de Exerc\u00edcio em Pacientes Com Insufici\u00eancia Card\u00edaca Secund\u00e1ria \u00e0 Terapia Antineopl\u00e1sica - IDOR - Instituto D&#039;Or de Pesquisa e Ensino","canonical":"https:\/\/www.rededorsaoluiz.com.br\/instituto\/idor\/avaliacao-de-atividade-neural-simpatica-e-capacidade-de-exercicio-em-pacientes-com-insuficiencia-cardiaca-secundaria-a-terapia-antineoplasica\/","og_locale":"pt_BR","og_type":"article","og_title":"Avalia\u00e7\u00e3o de Atividade Neural Simp\u00e1tica e Capacidade de Exerc\u00edcio em Pacientes Com Insufici\u00eancia Card\u00edaca Secund\u00e1ria \u00e0 Terapia Antineopl\u00e1sica - IDOR - Instituto D&#039;Or de Pesquisa e Ensino","og_description":"Estudo identifica sobrecarga neural simp\u00e1tica e redu\u00e7\u00e3o da capacidade de exerc\u00edcio em pacientes com insufici\u00eancia card\u00edaca p\u00f3s-quimioterapia","og_url":"https:\/\/www.rededorsaoluiz.com.br\/instituto\/idor\/avaliacao-de-atividade-neural-simpatica-e-capacidade-de-exercicio-em-pacientes-com-insuficiencia-cardiaca-secundaria-a-terapia-antineoplasica\/","og_site_name":"IDOR - Instituto D&#039;Or de Pesquisa e Ensino","article_published_time":"2023-10-02T16:56:38+00:00","og_image":[{"width":2560,"height":1440,"url":"https:\/\/www.rededorsaoluiz.com.br\/instituto\/idor\/wp-content\/uploads\/2023\/10\/shutterstock_2091170896-scaled.jpg","type":"image\/jpeg"}],"twitter_card":"summary_large_image","twitter_misc":{"Est. tempo de leitura":"3 minutos"},"schema":{"@context":"https:\/\/schema.org","@graph":[{"@type":"Article","@id":"https:\/\/www.rededorsaoluiz.com.br\/instituto\/idor\/avaliacao-de-atividade-neural-simpatica-e-capacidade-de-exercicio-em-pacientes-com-insuficiencia-cardiaca-secundaria-a-terapia-antineoplasica\/#article","isPartOf":{"@id":"https:\/\/www.rededorsaoluiz.com.br\/instituto\/idor\/avaliacao-de-atividade-neural-simpatica-e-capacidade-de-exercicio-em-pacientes-com-insuficiencia-cardiaca-secundaria-a-terapia-antineoplasica\/"},"author":{"name":"","@id":""},"headline":"Avalia\u00e7\u00e3o de Atividade Neural Simp\u00e1tica e Capacidade de Exerc\u00edcio em Pacientes Com Insufici\u00eancia Card\u00edaca Secund\u00e1ria \u00e0 Terapia Antineopl\u00e1sica","datePublished":"2023-10-02T16:56:38+00:00","mainEntityOfPage":{"@id":"https:\/\/www.rededorsaoluiz.com.br\/instituto\/idor\/avaliacao-de-atividade-neural-simpatica-e-capacidade-de-exercicio-em-pacientes-com-insuficiencia-cardiaca-secundaria-a-terapia-antineoplasica\/"},"wordCount":680,"commentCount":0,"image":{"@id":"https:\/\/www.rededorsaoluiz.com.br\/instituto\/idor\/avaliacao-de-atividade-neural-simpatica-e-capacidade-de-exercicio-em-pacientes-com-insuficiencia-cardiaca-secundaria-a-terapia-antineoplasica\/#primaryimage"},"thumbnailUrl":"https:\/\/www.rededorsaoluiz.com.br\/instituto\/idor\/wp-content\/uploads\/2023\/10\/shutterstock_2091170896-scaled.jpg","articleSection":["Novidades","Pesquisa"],"inLanguage":"pt-BR","potentialAction":[{"@type":"CommentAction","name":"Comment","target":["https:\/\/www.rededorsaoluiz.com.br\/instituto\/idor\/avaliacao-de-atividade-neural-simpatica-e-capacidade-de-exercicio-em-pacientes-com-insuficiencia-cardiaca-secundaria-a-terapia-antineoplasica\/#respond"]}]},{"@type":"WebPage","@id":"https:\/\/www.rededorsaoluiz.com.br\/instituto\/idor\/avaliacao-de-atividade-neural-simpatica-e-capacidade-de-exercicio-em-pacientes-com-insuficiencia-cardiaca-secundaria-a-terapia-antineoplasica\/","url":"https:\/\/www.rededorsaoluiz.com.br\/instituto\/idor\/avaliacao-de-atividade-neural-simpatica-e-capacidade-de-exercicio-em-pacientes-com-insuficiencia-cardiaca-secundaria-a-terapia-antineoplasica\/","name":"Avalia\u00e7\u00e3o de Atividade Neural Simp\u00e1tica e Capacidade de Exerc\u00edcio em Pacientes Com Insufici\u00eancia Card\u00edaca Secund\u00e1ria \u00e0 Terapia Antineopl\u00e1sica - IDOR - Instituto D&#039;Or de Pesquisa e Ensino","isPartOf":{"@id":"https:\/\/www.rededorsaoluiz.com.br\/instituto\/idor\/#website"},"primaryImageOfPage":{"@id":"https:\/\/www.rededorsaoluiz.com.br\/instituto\/idor\/avaliacao-de-atividade-neural-simpatica-e-capacidade-de-exercicio-em-pacientes-com-insuficiencia-cardiaca-secundaria-a-terapia-antineoplasica\/#primaryimage"},"image":{"@id":"https:\/\/www.rededorsaoluiz.com.br\/instituto\/idor\/avaliacao-de-atividade-neural-simpatica-e-capacidade-de-exercicio-em-pacientes-com-insuficiencia-cardiaca-secundaria-a-terapia-antineoplasica\/#primaryimage"},"thumbnailUrl":"https:\/\/www.rededorsaoluiz.com.br\/instituto\/idor\/wp-content\/uploads\/2023\/10\/shutterstock_2091170896-scaled.jpg","datePublished":"2023-10-02T16:56:38+00:00","author":{"@id":""},"breadcrumb":{"@id":"https:\/\/www.rededorsaoluiz.com.br\/instituto\/idor\/avaliacao-de-atividade-neural-simpatica-e-capacidade-de-exercicio-em-pacientes-com-insuficiencia-cardiaca-secundaria-a-terapia-antineoplasica\/#breadcrumb"},"inLanguage":"pt-BR","potentialAction":[{"@type":"ReadAction","target":["https:\/\/www.rededorsaoluiz.com.br\/instituto\/idor\/avaliacao-de-atividade-neural-simpatica-e-capacidade-de-exercicio-em-pacientes-com-insuficiencia-cardiaca-secundaria-a-terapia-antineoplasica\/"]}]},{"@type":"ImageObject","inLanguage":"pt-BR","@id":"https:\/\/www.rededorsaoluiz.com.br\/instituto\/idor\/avaliacao-de-atividade-neural-simpatica-e-capacidade-de-exercicio-em-pacientes-com-insuficiencia-cardiaca-secundaria-a-terapia-antineoplasica\/#primaryimage","url":"https:\/\/www.rededorsaoluiz.com.br\/instituto\/idor\/wp-content\/uploads\/2023\/10\/shutterstock_2091170896-scaled.jpg","contentUrl":"https:\/\/www.rededorsaoluiz.com.br\/instituto\/idor\/wp-content\/uploads\/2023\/10\/shutterstock_2091170896-scaled.jpg","width":2560,"height":1440},{"@type":"BreadcrumbList","@id":"https:\/\/www.rededorsaoluiz.com.br\/instituto\/idor\/avaliacao-de-atividade-neural-simpatica-e-capacidade-de-exercicio-em-pacientes-com-insuficiencia-cardiaca-secundaria-a-terapia-antineoplasica\/#breadcrumb","itemListElement":[{"@type":"ListItem","position":1,"name":"In\u00edcio","item":"https:\/\/www.rededorsaoluiz.com.br\/instituto\/idor\/"},{"@type":"ListItem","position":2,"name":"Avalia\u00e7\u00e3o de Atividade Neural Simp\u00e1tica e Capacidade de Exerc\u00edcio em Pacientes Com Insufici\u00eancia Card\u00edaca Secund\u00e1ria \u00e0 Terapia Antineopl\u00e1sica"}]},{"@type":"WebSite","@id":"https:\/\/www.rededorsaoluiz.com.br\/instituto\/idor\/#website","url":"https:\/\/www.rededorsaoluiz.com.br\/instituto\/idor\/","name":"IDOR - Instituto D&#039;Or de Pesquisa e Ensino","description":"","potentialAction":[{"@type":"SearchAction","target":{"@type":"EntryPoint","urlTemplate":"https:\/\/www.rededorsaoluiz.com.br\/instituto\/idor\/?s={search_term_string}"},"query-input":{"@type":"PropertyValueSpecification","valueRequired":true,"valueName":"search_term_string"}}],"inLanguage":"pt-BR"}]}},"_links":{"self":[{"href":"https:\/\/www.rededorsaoluiz.com.br\/instituto\/idor\/wp-json\/wp\/v2\/posts\/9927","targetHints":{"allow":["GET"]}}],"collection":[{"href":"https:\/\/www.rededorsaoluiz.com.br\/instituto\/idor\/wp-json\/wp\/v2\/posts"}],"about":[{"href":"https:\/\/www.rededorsaoluiz.com.br\/instituto\/idor\/wp-json\/wp\/v2\/types\/post"}],"replies":[{"embeddable":true,"href":"https:\/\/www.rededorsaoluiz.com.br\/instituto\/idor\/wp-json\/wp\/v2\/comments?post=9927"}],"version-history":[{"count":0,"href":"https:\/\/www.rededorsaoluiz.com.br\/instituto\/idor\/wp-json\/wp\/v2\/posts\/9927\/revisions"}],"wp:featuredmedia":[{"embeddable":true,"href":"https:\/\/www.rededorsaoluiz.com.br\/instituto\/idor\/wp-json\/wp\/v2\/media\/9928"}],"wp:attachment":[{"href":"https:\/\/www.rededorsaoluiz.com.br\/instituto\/idor\/wp-json\/wp\/v2\/media?parent=9927"}],"wp:term":[{"taxonomy":"category","embeddable":true,"href":"https:\/\/www.rededorsaoluiz.com.br\/instituto\/idor\/wp-json\/wp\/v2\/categories?post=9927"},{"taxonomy":"post_tag","embeddable":true,"href":"https:\/\/www.rededorsaoluiz.com.br\/instituto\/idor\/wp-json\/wp\/v2\/tags?post=9927"}],"curies":[{"name":"wp","href":"https:\/\/api.w.org\/{rel}","templated":true}]}}